{"id":114093,"date":"2025-12-15T19:46:18","date_gmt":"2025-12-15T19:46:18","guid":{"rendered":"https:\/\/www.europesays.com\/no\/114093\/"},"modified":"2025-12-15T19:46:18","modified_gmt":"2025-12-15T19:46:18","slug":"wall-street-journal-zombie-reaganisme-fra-krigsminister-pete-hegseth","status":"publish","type":"post","link":"https:\/\/www.europesays.com\/no\/114093\/","title":{"rendered":"Wall Street Journal: \u2013 Zombie-reaganisme fra krigsminister Pete Hegseth"},"content":{"rendered":"<p><b>Dette skriver utenlandske aviser p\u00e5 lederplass<\/b><\/p>\n<p><b><a href=\"https:\/\/www.wsj.com\/opinion\/pete-hegseths-zombie-reaganism-20d6129f?mod=opinion_lead_pos1\" target=\"_blank\" rel=\"nofollow noopener\">The Wall Street Journal<\/a><\/b><\/p>\n<p>Krigsminister Pete Hegseth fors\u00f8ker \u00e5 plassere Trump-prosjektet p\u00e5 linje med Ronald Reagans strategi. Slagordene er riktignok de samme, men Hegseth kan bare tilby zombie-reaganisme. Reagan forhandlet fra styrke fordi han f\u00f8rst bygget opp denne styrken, b\u00e5de milit\u00e6rt og \u00f8konomisk. Blant annet plasserte han mellomdistanseraketter i Europa, tross voldsom sovjetisk motstand.<\/p>\n<p>Historien bak Reagans suksess er verdt \u00e5 friske opp n\u00e5r Hegseth anklager andre for \u00e5 sverte den 40. presidentens etterm\u00e6le.<\/p>\n<p>Reagan bygget opp USAs milit\u00e6rmakt, men tok ogs\u00e5 politisk risiko ved \u00e5 forhandle med kommunister for \u00e5 vinne den kalde krigen.\u00a0<\/p>\n<p>I dag st\u00e5r USA overfor to kjernefysiske likeverdige motstandere, Kina og Russland. Trump har s\u00e5 langt gitt innr\u00f8mmelser til begge, og bruker en mindre andel av \u00f8konomien p\u00e5 forsvar enn Jimmy Carter gjorde i 1979.<\/p>\n<p>Forsvarsministeren har rett i at Reagan n\u00f8lte med \u00e5 bruke milit\u00e6rmakt i utlandet.\u00a0<\/p>\n<p>Men man kan ikke redusere reaganismen til \u00abut med utopisk idealisme, inn med hardnakket realisme\u00bb, slik Hegseth hevdet.\u00a0<\/p>\n<p>Reagans overordnede strategi blandet idealisme med realisme. Han kalte Sovjetunionen \u00abet ondt imperium\u00bb, samtidig som han bev\u00e6pnet fiender av kommunismen verden over, selv dem som var lite tiltalende.<\/p>\n<p>De kinesiske kommunistene egger kanskje ikke til revolusjon i utlandet slik sovjeterne gjorde, men ambisjonene deres er fortsatt \u00e5 bli den fremste globale makten, og Vladimir Putin er deres juniorpartner.\u00a0<\/p>\n<p>Trump sa nylig nonchalant at Ukraina er i ferd med \u00e5 tape krigen. Reagan ville ha forst\u00e5tt at et ukrainsk nederlag ville v\u00e6re et tap for Vesten som gj\u00f8r USA mindre sikkert.<\/p>\n<p><img decoding=\"async\" class=\"lazyload \" src=\"https:\/\/www.europesays.com\/no\/wp-content\/uploads\/2025\/12\/1765827978_356_pipe\"  data- alt=\"\"\/><\/p>\n<p>BANEBRYTENDE: President Ronald Reagan (t.h.), her med dav\u00e6rende pave Johannes Paul II. <strong>Foto: NTB<\/strong><\/p>\n<p><b><a href=\"https:\/\/www.ft.com\/content\/fecad9e1-5b32-420c-83ef-1c261241b352\" target=\"_blank\" rel=\"nofollow noopener\">Financial Times<\/a><\/b><\/p>\n<p>Mindre enn to uker f\u00f8r jul sender danskene sine siste julekort. Ikke de siste for i \u00e5r, men de siste som noensinne vil bli levert av det nasjonale postvesenet. Ved \u00e5rsskiftet vil PostNord slutte \u00e5 frakte brev, og kun h\u00e5ndtere pakker.<\/p>\n<p><b><a href=\"https:\/\/www.welt.de\/debatte\/plus693c1c44840050c47691118d\/europa-und-ukraine-versager-der-diplomatie.html\" target=\"_blank\" rel=\"nofollow noopener\">Die Welt<\/a><\/b><\/p>\n<p>Donald Trump og Vladimir Putin har rett n\u00e5r de ikke tar europeerne p\u00e5 alvor. Europeiske ledere mangler en felles oppfatning av hvor de vil, og hvordan konflikten kan ta slutt. Bortsett fra moralsk indignasjon og urealistiske dr\u00f8mmer bidrar de ikke til l\u00f8sning av Ukraina-konflikten.<\/p>\n<p><b><a href=\"https:\/\/www.economist.com\/leaders\/2025\/12\/11\/more-reasons-for-americas-friends-to-plan-for-the-worst\" target=\"_blank\" rel=\"nofollow noopener\">The Economist<\/a><\/b><\/p>\n<p>Europeiske ledere har f\u00e5tt panikk etter lanseringen av Trump-administrasjonens nasjonale sikkerhetsstrategi. De har all grunn til \u00e5 v\u00e6re bekymret. USAs utenrikspolitikk virker i deres disfav\u00f8r, og Donald Trump er ikke til \u00e5 stole p\u00e5.<\/p>\n","protected":false},"excerpt":{"rendered":"Dette skriver utenlandske aviser p\u00e5 lederplass The Wall Street Journal Krigsminister Pete Hegseth fors\u00f8ker \u00e5 plassere Trump-prosjektet p\u00e5&hellip;\n","protected":false},"author":2,"featured_media":114094,"comment_status":"","ping_status":"","sticky":false,"template":"","format":"standard","meta":{"footnotes":""},"categories":[12],"tags":[20,21,24,25,15,22,23,13,30,28,29,14,16,26,27,42,43,44,45],"class_list":{"0":"post-114093","1":"post","2":"type-post","3":"status-publish","4":"format-standard","5":"has-post-thumbnail","7":"category-verden","8":"tag-breaking-news","9":"tag-breakingnews","10":"tag-featured-news","11":"tag-featurednews","12":"tag-headlines","13":"tag-latest-news","14":"tag-latestnews","15":"tag-news","16":"tag-no","17":"tag-norge","18":"tag-norway","19":"tag-nyheter","20":"tag-overskrifter","21":"tag-top-stories","22":"tag-topstories","23":"tag-verden","24":"tag-world","25":"tag-world-news","26":"tag-worldnews"},"share_on_mastodon":{"url":"https:\/\/pubeurope.com\/@no\/115725309511274972","error":""},"_links":{"self":[{"href":"https:\/\/www.europesays.com\/no\/wp-json\/wp\/v2\/posts\/114093","targetHints":{"allow":["GET"]}}],"collection":[{"href":"https:\/\/www.europesays.com\/no\/wp-json\/wp\/v2\/posts"}],"about":[{"href":"https:\/\/www.europesays.com\/no\/wp-json\/wp\/v2\/types\/post"}],"author":[{"embeddable":true,"href":"https:\/\/www.europesays.com\/no\/wp-json\/wp\/v2\/users\/2"}],"replies":[{"embeddable":true,"href":"https:\/\/www.europesays.com\/no\/wp-json\/wp\/v2\/comments?post=114093"}],"version-history":[{"count":0,"href":"https:\/\/www.europesays.com\/no\/wp-json\/wp\/v2\/posts\/114093\/revisions"}],"wp:featuredmedia":[{"embeddable":true,"href":"https:\/\/www.europesays.com\/no\/wp-json\/wp\/v2\/media\/114094"}],"wp:attachment":[{"href":"https:\/\/www.europesays.com\/no\/wp-json\/wp\/v2\/media?parent=114093"}],"wp:term":[{"taxonomy":"category","embeddable":true,"href":"https:\/\/www.europesays.com\/no\/wp-json\/wp\/v2\/categories?post=114093"},{"taxonomy":"post_tag","embeddable":true,"href":"https:\/\/www.europesays.com\/no\/wp-json\/wp\/v2\/tags?post=114093"}],"curies":[{"name":"wp","href":"https:\/\/api.w.org\/{rel}","templated":true}]}}