{"id":114099,"date":"2025-12-15T19:53:12","date_gmt":"2025-12-15T19:53:12","guid":{"rendered":"https:\/\/www.europesays.com\/no\/114099\/"},"modified":"2025-12-15T19:53:12","modified_gmt":"2025-12-15T19:53:12","slug":"mikkel-christiansen-skal-bli-far","status":"publish","type":"post","link":"https:\/\/www.europesays.com\/no\/114099\/","title":{"rendered":"Mikkel Christiansen skal bli far"},"content":{"rendered":"\n<p class=\"_lead_o9xde_2 _lead_xtcu6_50 layout-component text-serif-m layout-normal text-serif-l layout-component layout-wide layout-padded _wide_17hqh_1 layout-padded\">Artist Mikkel Christiansen og kj\u00e6resten Linn Helena Nilsen venter sitt f\u00f8rste barn sammen. <\/p>\n<p><img alt=\" Foto: Stian Lysberg Solum \/ NTB\" class=\"_image_qp4xg_65 layout-component layout-wide\" data-fullscreen- data-track-element-type=\"Article image fullscreen\" data-track-name=\"ImageFullscreen\" fetchpriority=\"high\" decoding=\"sync\" loading=\"eager\" height=\"4815\" itemprop=\"image\"  src=\"https:\/\/www.europesays.com\/no\/wp-content\/uploads\/2025\/12\/ba88ac2d-0c3d-4c7a-ace7-26354f315d7c\"  style=\"object-position:0% 0%\" width=\"4815\"\/> Foto: Stian Lysberg Solum \/ NTB<\/p>\n<ul aria-hidden=\"true\" class=\"_images_ntbth_112\">\n<li><a class=\"_link_ntbth_117\" href=\"https:\/\/www.vg.no\/forfatter\/hannah-solstad-klepp\" style=\"z-index:1\" title=\"Hannah Solstad Klepp\" rel=\"nofollow noopener\" target=\"_blank\"><img alt=\"Bilde av Hannah Solstad Klepp\" class=\"_image_ntbth_93\" fetchpriority=\"low\" loading=\"lazy\" decoding=\"async\" itemprop=\"image\"  src=\"https:\/\/www.europesays.com\/no\/wp-content\/uploads\/2025\/12\/1765828392_496_f811f9c1-64f7-4c50-9133-b5735831a650\"  width=\"480\"\/><\/a><\/li>\n<\/ul>\n<p> Oppdatert mandag 15. desember kl. 20:32     <\/p>\n<p class=\"_paragraph_o9xde_4 _paragraph_xtcu6_10 layout-component text-serif-m layout-normal text-serif-m layout-padded\">Paret venter en jente. Det avsl\u00f8rer de i et intervju med magasinet\u00a0<a href=\"https:\/\/www.elle.no\/familie-graviditet-intervju\/eksklusivt-for-elle-mikkel-christiansen-og-linn-helena-nilsen-venter-sitt-forste-barn-sammen\/922847\" class=\"_link_o9xde_39\" rel=\"nofollow noopener\" target=\"_blank\">Elle<\/a>.<\/p>\n<p class=\"_paragraph_o9xde_4 _paragraph_xtcu6_10 layout-component text-serif-m layout-normal text-serif-m layout-padded\">Datteren skal komme til verden i 2026. P\u00e5 termindatoen er det akkurat to \u00e5r siden de ble kj\u00e6rester igjen.<\/p>\n<p class=\"_paragraph_o9xde_4 _paragraph_xtcu6_10 layout-component text-serif-m layout-normal text-serif-m layout-padded\">Christiansen og Nilsen var barndomskj\u00e6rester fra f\u00f8r, og artisten forteller at han lenge har \u00f8nsket seg barn med nettopp henne.<\/p>\n<p class=\"_paragraph_o9xde_4 _paragraph_xtcu6_10 layout-component text-serif-m layout-normal text-serif-m layout-padded\">\u2013 En gang for noen \u00e5r siden fortalte jeg moren min at den eneste jeg kunne tenke meg \u00e5 f\u00e5 barn med var Helena, selvom det p\u00e5 den tiden f\u00f8ltes ut som at det toget hadde g\u00e5tt, sier han til Elle.<\/p>\n<p class=\"_paragraph_o9xde_4 _paragraph_xtcu6_10 layout-component text-serif-m layout-normal text-serif-m layout-padded\">Nilsen beskriver graviditeten som \u00abmagisk\u00bb og sier hun har v\u00e6rt heldig med en fin og enkel graviditet.<\/p>\n<p class=\"_paragraph_o9xde_4 _paragraph_xtcu6_10 layout-component text-serif-m layout-normal text-serif-m layout-padded\">\u2013 Det er innmari stas \u00e5 f\u00e5 barn sammen. Det er ogs\u00e5 veldig spennende \u00e5 f\u00f8lge utviklingen til babyen i magen, forteller hun.<\/p>\n<p class=\"_paragraph_o9xde_4 _paragraph_xtcu6_10 layout-component text-serif-m layout-normal text-serif-m layout-padded\">Paret har allerede begynt \u00e5 forberede seg p\u00e5 familietilv\u00e6relsen. De har kj\u00f8pt vogner, vippestoler og krybber, og fylte koffertene med babykl\u00e6r under en tur til Paris forrige m\u00e5ned.<\/p>\n<p class=\"_paragraph_o9xde_4 _paragraph_xtcu6_10 layout-component text-serif-m layout-normal text-serif-m layout-padded\">\u2013 Vi har kanskje hatt litt overtenning, innr\u00f8mmer Nilsen.<\/p>\n<p>Les ogs\u00e5<\/p>\n","protected":false},"excerpt":{"rendered":"Artist Mikkel Christiansen og kj\u00e6resten Linn Helena Nilsen venter sitt f\u00f8rste barn sammen. Foto: Stian Lysberg Solum \/&hellip;\n","protected":false},"author":2,"featured_media":114100,"comment_status":"","ping_status":"","sticky":false,"template":"","format":"standard","meta":{"footnotes":""},"categories":[12],"tags":[20,21,4023,24,25,3011,15,22,23,13,30,28,29,14,16,26,27,42,43,44,45],"class_list":{"0":"post-114099","1":"post","2":"type-post","3":"status-publish","4":"format-standard","5":"has-post-thumbnail","7":"category-verden","8":"tag-breaking-news","9":"tag-breakingnews","10":"tag-broiler","11":"tag-featured-news","12":"tag-featurednews","13":"tag-graviditet","14":"tag-headlines","15":"tag-latest-news","16":"tag-latestnews","17":"tag-news","18":"tag-no","19":"tag-norge","20":"tag-norway","21":"tag-nyheter","22":"tag-overskrifter","23":"tag-top-stories","24":"tag-topstories","25":"tag-verden","26":"tag-world","27":"tag-world-news","28":"tag-worldnews"},"share_on_mastodon":{"url":"https:\/\/pubeurope.com\/@no\/115725337070528448","error":""},"_links":{"self":[{"href":"https:\/\/www.europesays.com\/no\/wp-json\/wp\/v2\/posts\/114099","targetHints":{"allow":["GET"]}}],"collection":[{"href":"https:\/\/www.europesays.com\/no\/wp-json\/wp\/v2\/posts"}],"about":[{"href":"https:\/\/www.europesays.com\/no\/wp-json\/wp\/v2\/types\/post"}],"author":[{"embeddable":true,"href":"https:\/\/www.europesays.com\/no\/wp-json\/wp\/v2\/users\/2"}],"replies":[{"embeddable":true,"href":"https:\/\/www.europesays.com\/no\/wp-json\/wp\/v2\/comments?post=114099"}],"version-history":[{"count":0,"href":"https:\/\/www.europesays.com\/no\/wp-json\/wp\/v2\/posts\/114099\/revisions"}],"wp:featuredmedia":[{"embeddable":true,"href":"https:\/\/www.europesays.com\/no\/wp-json\/wp\/v2\/media\/114100"}],"wp:attachment":[{"href":"https:\/\/www.europesays.com\/no\/wp-json\/wp\/v2\/media?parent=114099"}],"wp:term":[{"taxonomy":"category","embeddable":true,"href":"https:\/\/www.europesays.com\/no\/wp-json\/wp\/v2\/categories?post=114099"},{"taxonomy":"post_tag","embeddable":true,"href":"https:\/\/www.europesays.com\/no\/wp-json\/wp\/v2\/tags?post=114099"}],"curies":[{"name":"wp","href":"https:\/\/api.w.org\/{rel}","templated":true}]}}