{"id":114105,"date":"2025-12-15T20:00:08","date_gmt":"2025-12-15T20:00:08","guid":{"rendered":"https:\/\/www.europesays.com\/no\/114105\/"},"modified":"2025-12-15T20:00:08","modified_gmt":"2025-12-15T20:00:08","slug":"europeiske-ledere-enige-om-en-styrke-som-skal-beskytte-ukraina-etter-krigen-siste-nytt-nrk","status":"publish","type":"post","link":"https:\/\/www.europesays.com\/no\/114105\/","title":{"rendered":"Europeiske ledere enige om en styrke som skal beskytte Ukraina etter krigen \u2013 Siste nytt \u2013\u00a0NRK"},"content":{"rendered":"<p>Norge og flere andre europeiske land er enige om flere punkter i en plan for \u00e5 ende krigen i Ukraina.<\/p>\n<p>Blant annet er de enige om en europeiskledet flernasjonal styrke \u2013 st\u00f8ttet av USA \u2013 som skal hjelpe til i gjenoppbygningen av det ukrainske forsvaret, sikre Ukrainsk luftform og s\u00f8rge for trygghet ved kysten. De skal ogs\u00e5 v\u00e6re til stede inne i Ukraina, heter det i <a href=\"https:\/\/www.regjeringen.no\/no\/aktuelt\/felles-uttalelse-etter-ukraina-mote-i-berlin\/id3143105\/\" ec-id=\"https:\/\/www.regjeringen.no\/no\/aktuelt\/felles-uttalelse-etter-ukraina-mote-i-berlin\/id3143105\/\" ec-name=\"felleserkl\u00e6ringen\" rel=\"nofollow noopener\" target=\"_blank\">felleserkl\u00e6ringen<\/a> fra en arbeidsmiddag i Berlin mandag kveld.<\/p>\n","protected":false},"excerpt":{"rendered":"Norge og flere andre europeiske land er enige om flere punkter i en plan for \u00e5 ende krigen&hellip;\n","protected":false},"author":2,"featured_media":62464,"comment_status":"","ping_status":"","sticky":false,"template":"","format":"standard","meta":{"footnotes":""},"categories":[12],"tags":[20,21,24,25,15,22,23,13,30,28,29,14,16,26,27,42,43,44,45],"class_list":{"0":"post-114105","1":"post","2":"type-post","3":"status-publish","4":"format-standard","5":"has-post-thumbnail","7":"category-verden","8":"tag-breaking-news","9":"tag-breakingnews","10":"tag-featured-news","11":"tag-featurednews","12":"tag-headlines","13":"tag-latest-news","14":"tag-latestnews","15":"tag-news","16":"tag-no","17":"tag-norge","18":"tag-norway","19":"tag-nyheter","20":"tag-overskrifter","21":"tag-top-stories","22":"tag-topstories","23":"tag-verden","24":"tag-world","25":"tag-world-news","26":"tag-worldnews"},"share_on_mastodon":{"url":"https:\/\/pubeurope.com\/@no\/115725364363611649","error":""},"_links":{"self":[{"href":"https:\/\/www.europesays.com\/no\/wp-json\/wp\/v2\/posts\/114105","targetHints":{"allow":["GET"]}}],"collection":[{"href":"https:\/\/www.europesays.com\/no\/wp-json\/wp\/v2\/posts"}],"about":[{"href":"https:\/\/www.europesays.com\/no\/wp-json\/wp\/v2\/types\/post"}],"author":[{"embeddable":true,"href":"https:\/\/www.europesays.com\/no\/wp-json\/wp\/v2\/users\/2"}],"replies":[{"embeddable":true,"href":"https:\/\/www.europesays.com\/no\/wp-json\/wp\/v2\/comments?post=114105"}],"version-history":[{"count":0,"href":"https:\/\/www.europesays.com\/no\/wp-json\/wp\/v2\/posts\/114105\/revisions"}],"wp:featuredmedia":[{"embeddable":true,"href":"https:\/\/www.europesays.com\/no\/wp-json\/wp\/v2\/media\/62464"}],"wp:attachment":[{"href":"https:\/\/www.europesays.com\/no\/wp-json\/wp\/v2\/media?parent=114105"}],"wp:term":[{"taxonomy":"category","embeddable":true,"href":"https:\/\/www.europesays.com\/no\/wp-json\/wp\/v2\/categories?post=114105"},{"taxonomy":"post_tag","embeddable":true,"href":"https:\/\/www.europesays.com\/no\/wp-json\/wp\/v2\/tags?post=114105"}],"curies":[{"name":"wp","href":"https:\/\/api.w.org\/{rel}","templated":true}]}}