{"id":114108,"date":"2025-12-15T20:08:38","date_gmt":"2025-12-15T20:08:38","guid":{"rendered":"https:\/\/www.europesays.com\/no\/114108\/"},"modified":"2025-12-15T20:08:38","modified_gmt":"2025-12-15T20:08:38","slug":"yngre-kristenledere-ser-optimistisk-pa-framtida","status":"publish","type":"post","link":"https:\/\/www.europesays.com\/no\/114108\/","title":{"rendered":"Yngre kristenledere ser optimistisk p\u00e5 framtida"},"content":{"rendered":"<p>\n        VISJON\u00c6RT: Blant yngre kirkeledere er det mange som forventer at kirken skal blomstre og at kristendommens innvirkning p\u00e5 samfunnet rundt dem skal \u00f8ke, if\u00f8lge en Lausanne-rapport.<br \/>\n        David Libeert \/ Unsplash\n    <\/p>\n<p>    Tross tunge tider forventer yngre kristenledere over hele verden at kristendommens innflytelse i samfunnet skal \u00f8ke i \u00e5rene som kommer, viser en fersk unders\u00f8kelse.<\/p>\n<p>I 2025 har verden v\u00e6rt et urolig sted med kriger og konflikter og manglende stabilitet mange steder. Krigen i Ukraina p\u00e5g\u00e5r fortsatt, det er ikke en stabil fred i Midt\u00f8sten og stormaktene kniver om \u00e5 dominere milit\u00e6rt og \u00f8konomisk.<\/p>\n<p> If\u00f8lge Open Doors \u00f8ker ogs\u00e5 forf\u00f8lgelsen av kristne globalt. Mer enn 380 millioner kristne levde i 2025 under h\u00f8y grad av forf\u00f8lgelse og diskriminering p\u00e5 grunn av sin tro, meldte organisasjonen tidlig p\u00e5 \u00e5ret.\u00a0<\/p>\n<p>Optimister<\/p>\n","protected":false},"excerpt":{"rendered":"VISJON\u00c6RT: Blant yngre kirkeledere er det mange som forventer at kirken skal blomstre og at kristendommens innvirkning p\u00e5&hellip;\n","protected":false},"author":2,"featured_media":114109,"comment_status":"","ping_status":"","sticky":false,"template":"","format":"standard","meta":{"footnotes":""},"categories":[12],"tags":[20,21,24,25,15,22,23,13,30,28,29,14,16,26,27,42,43,44,45],"class_list":{"0":"post-114108","1":"post","2":"type-post","3":"status-publish","4":"format-standard","5":"has-post-thumbnail","7":"category-verden","8":"tag-breaking-news","9":"tag-breakingnews","10":"tag-featured-news","11":"tag-featurednews","12":"tag-headlines","13":"tag-latest-news","14":"tag-latestnews","15":"tag-news","16":"tag-no","17":"tag-norge","18":"tag-norway","19":"tag-nyheter","20":"tag-overskrifter","21":"tag-top-stories","22":"tag-topstories","23":"tag-verden","24":"tag-world","25":"tag-world-news","26":"tag-worldnews"},"share_on_mastodon":{"url":"https:\/\/pubeurope.com\/@no\/115725395842797614","error":""},"_links":{"self":[{"href":"https:\/\/www.europesays.com\/no\/wp-json\/wp\/v2\/posts\/114108","targetHints":{"allow":["GET"]}}],"collection":[{"href":"https:\/\/www.europesays.com\/no\/wp-json\/wp\/v2\/posts"}],"about":[{"href":"https:\/\/www.europesays.com\/no\/wp-json\/wp\/v2\/types\/post"}],"author":[{"embeddable":true,"href":"https:\/\/www.europesays.com\/no\/wp-json\/wp\/v2\/users\/2"}],"replies":[{"embeddable":true,"href":"https:\/\/www.europesays.com\/no\/wp-json\/wp\/v2\/comments?post=114108"}],"version-history":[{"count":0,"href":"https:\/\/www.europesays.com\/no\/wp-json\/wp\/v2\/posts\/114108\/revisions"}],"wp:featuredmedia":[{"embeddable":true,"href":"https:\/\/www.europesays.com\/no\/wp-json\/wp\/v2\/media\/114109"}],"wp:attachment":[{"href":"https:\/\/www.europesays.com\/no\/wp-json\/wp\/v2\/media?parent=114108"}],"wp:term":[{"taxonomy":"category","embeddable":true,"href":"https:\/\/www.europesays.com\/no\/wp-json\/wp\/v2\/categories?post=114108"},{"taxonomy":"post_tag","embeddable":true,"href":"https:\/\/www.europesays.com\/no\/wp-json\/wp\/v2\/tags?post=114108"}],"curies":[{"name":"wp","href":"https:\/\/api.w.org\/{rel}","templated":true}]}}