{"id":114114,"date":"2025-12-15T20:12:33","date_gmt":"2025-12-15T20:12:33","guid":{"rendered":"https:\/\/www.europesays.com\/no\/114114\/"},"modified":"2025-12-15T20:12:33","modified_gmt":"2025-12-15T20:12:33","slug":"kongefamilien-pa-forjulstradisjon-med-notteknekkeren-i-oslo","status":"publish","type":"post","link":"https:\/\/www.europesays.com\/no\/114114\/","title":{"rendered":"Kongefamilien p\u00e5 f\u00f8rjulstradisjon med N\u00f8tteknekkeren i Oslo"},"content":{"rendered":"<p class=\"kicker \" style=\"\">Kongefamilien p\u00e5 jakt etter julestemning<\/p>\n<p>  Deler av kongefamilien dukket opp i operaen for \u00e5 f\u00e5 med seg den popul\u00e6re \u00abN\u00f8tteknekkeren\u00bb. Det var derimot flere som glimret med sitt frav\u00e6r.\u00a0<\/p>\n<p>\n    P\u00c5 PLASS: Dronning Sonja i front tett fulgt av prinsesse M\u00e4rtha Louise, Durek Verrett, Maud Angelica Behn, prinsesse Ingrid Alexandra og Emma Tallulah Behn. Foto: Shad Madian \/ Se og H\u00f8r\n  <\/p>\n<p>For mange er det tradisjon \u00e5 se p\u00e5 \u00abN\u00f8tteknekkeren\u00bb i Operaen i Oslo f\u00f8r jul. Det er det ogs\u00e5 for den norske kongefamilien, hvor flere av medlemmene pleier \u00e5 ta turen for \u00e5 f\u00e5 sikret seg litt ekte julestemning.\u00a0<\/p>\n<p>    <a itemprop=\"url\" href=\"https:\/\/www.seher.no\/kongelig\/bekrefter-ryktene\/83969125\" rel=\"nofollow noopener\" target=\"_blank\"><\/p>\n<p>        <img loading=\"lazy\" decoding=\"async\" src=\"https:\/\/www.europesays.com\/no\/wp-content\/uploads\/2025\/12\/1765829530_263_83974187.webp\" width=\"147\" height=\"98\" title=\"Bekrefter ryktene\" alt=\"\" class=\"lazyload\" style=\"--aspect-ratio-image: 1.50; \"\/><\/p>\n<p>        Bekrefter ryktene<\/p>\n<p>    <\/a><\/p>\n<p>I \u00e5r er det over 30 000 publikummere som f\u00e5r oppleve juleeventyret i Bj\u00f8rvika, fordelt p\u00e5 23 utsolgte forestillinger\u00a0 &#8211; flere enn noen gang tidligere, if\u00f8lge <a href=\"https:\/\/kommunikasjon.ntb.no\/pressemelding\/18732254\/flere-enn-noensinne-skal-oppleve-nasjonalballettens-notteknekkeren?publisherId=9868234&amp;lang=no\" rel=\"nofollow noopener\" target=\"_blank\">NTB<\/a>.<\/p>\n<p>        <img loading=\"lazy\" decoding=\"async\" src=\"https:\/\/www.europesays.com\/no\/wp-content\/uploads\/2025\/12\/83987846.webp\" width=\"667\" height=\"474\" title=\"\u00abN\u00d8TTEKNEKKEREN\u00bb: Historien baserer seg p\u00e5 E.T.A Hoffmanns eventyr N\u00f8tteknekkeren og musekongen. I oppsetningen i Operaen er handlingen lagt til Norges hovedstad for mer enn hundre \u00e5r siden. Foto: NTB\" alt=\"\" class=\"\" style=\"--aspect-ratio-image: 1.41; \"\/><\/p>\n<p>\n        \u00abN\u00d8TTEKNEKKEREN\u00bb: Historien baserer seg p\u00e5 E.T.A Hoffmanns eventyr N\u00f8tteknekkeren og musekongen. I oppsetningen i Operaen er handlingen lagt til Norges hovedstad for mer enn hundre \u00e5r siden. Foto: NTB\n    <\/p>\n<p>&#8211; Stadig flere f\u00e5r oppleve\u00a0\u00abN\u00f8tteknekkeren\u00bb.\u00a0For mange er dette\u00a0det aller\u00a0f\u00f8rste m\u00f8tet\u00a0med\u00a0ballett, og det er en glede \u00e5 se hvordan\u00a0en produksjon skapt hos oss gj\u00f8r at f\u00f8rjulstradisjonen\u00a0vokser\u00a0\u00e5r for \u00e5r &#8211; b\u00e5de her hjemme og ute i verden, sa ballettsjef Ingrid Lorentzen (53) til NTB i slutten av november.\u00a0<\/p>\n<p>        <img loading=\"lazy\" decoding=\"async\" src=\"https:\/\/www.europesays.com\/no\/wp-content\/uploads\/2025\/12\/83987851.webp\" width=\"667\" height=\"674\" title=\"BALLETSJEFF: Ingrid Lorentzen har v\u00e6rt ballettsjef ved Den Norske Opera &amp; Ballett siden 2013. Her er hun avbildet under en middag p\u00e5 Slottet i anledning det franske presidentparets offisielle bes\u00f8k til Norge i juni. Foto: Stian Lysberg Solum \/ POOL \/ NTB\" alt=\"\" class=\"\" style=\"--aspect-ratio-image: 0.99; \"\/><\/p>\n<p>\n        BALLETSJEFF: Ingrid Lorentzen har v\u00e6rt ballettsjef ved Den Norske Opera &amp; Ballett siden 2013. Her er hun avbildet under en middag p\u00e5 Slottet i anledning det franske presidentparets offisielle bes\u00f8k til Norge i juni. Foto: Stian Lysberg Solum \/ POOL \/ NTB\n    <\/p>\n<p class=\"font-weight-bold m-font-weight-bold\" data-lab-font_weight=\"font-weight-bold\">Blant dem som hadde sikret seg billett mandag kveld var dronning Sonja, som hadde med seg prinsesse M\u00e4rtha Louise (54), Durek Verrett (51) og barnebarna prinsesse Ingrid Alexandra (21), Emma Tallulah Behn (17) og Maud Angelica Behn (22).\u00a0<\/p>\n<p>    <a itemprop=\"url\" href=\"https:\/\/www.seher.no\/kongelig\/avslort-brot-etiketten\/83968986\" rel=\"nofollow noopener\" target=\"_blank\"><\/p>\n<p>        <img loading=\"lazy\" decoding=\"async\" src=\"https:\/\/www.europesays.com\/no\/wp-content\/uploads\/2025\/12\/1765829535_769_83736842.webp\" width=\"147\" height=\"98\" title=\"Avsl\u00f8rt: Br\u00f8t etiketten\" alt=\"\" class=\"lazyload\" style=\"--aspect-ratio-image: 1.50; \"\/><\/p>\n<p>        Avsl\u00f8rt: Br\u00f8t etiketten<\/p>\n<p>    <\/a><\/p>\n<p class=\"font-weight-light m-font-weight-light\" data-lab-font_weight=\"font-weight-light\">&#8211; S\u00e5 koselig!\u00a0Kongeparet har i alle \u00e5r v\u00e6rt gode p\u00e5 \u00e5 invitere med seg barnebarn og barn p\u00e5 teater og musikaler. Og akkurat som for s\u00e5 mange andre har\u00a0\u00abN\u00f8tteknekkeren\u00bb i Operaen f\u00f8r jul blitt en hyggelig tradisjon, forteller Se og H\u00f8rs kongehusekspert Caroline Vagle.\u00a0<\/p>\n<p>        TIPS: Kongehusekspert Caroline Vagle oppfordrer den norske kongefamilien \u00e5 la seg inspirere av naboene. Reporter: Caroline Vagle. Video: Instagram\/@prinseparet \/ Kine Falch.<\/p>\n<p class=\"font-weight-light m-font-weight-light\" data-lab-font_weight=\"font-weight-light\">Hun fortsetter:\u00a0<\/p>\n<p class=\"font-weight-bold m-font-weight-bold\" data-lab-font_weight=\"font-weight-bold\">&#8211; I \u00e5r manglet b\u00e5de kronprinsparet, prins Sverre Magnus, Leah og kongen, men det er jo ikke alltid s\u00e5 lett \u00e5 samle alle i en travel f\u00f8rjulstid. Kongen har hatt program i Trondheim i dag, og var kanskje forhindret av den grunn. Jeg er sikker p\u00e5 at de som var med uansett koste seg sammen. B\u00e5ndene i familien er tette!<\/p>\n<p>        <img loading=\"lazy\" decoding=\"async\" src=\"https:\/\/www.europesays.com\/no\/wp-content\/uploads\/2025\/12\/83987773.webp\" width=\"667\" height=\"701\" title=\"GODT HUM\u00d8R: Prinsesse Ingrid Alexandra smilte fra \u00f8re til \u00f8re da hun hilste p\u00e5 administrerende direkt\u00f8r i Operaen, Geir Bergkastet. Foto: Shad Madian \/ Se og H\u00f8r\" alt=\"\" class=\"\" style=\"--aspect-ratio-image: 0.95; \"\/><\/p>\n<p>\n        GODT HUM\u00d8R: Prinsesse Ingrid Alexandra smilte fra \u00f8re til \u00f8re da hun hilste p\u00e5 administrerende direkt\u00f8r i Operaen, Geir Bergkastet. Foto: Shad Madian \/ Se og H\u00f8r\n    <\/p>\n<p class=\"font-weight-light m-font-weight-light\" data-lab-font_weight=\"font-weight-light\">Hver jul danses \u00abN\u00f8tteknekkeren\u00bb av ballettkompanier verden over, og blant akt\u00f8rene i \u00e5rets oppsetning er det flere som debuterer i rollene sine.\u00a0<\/p>\n<p>        <img loading=\"lazy\" decoding=\"async\" src=\"https:\/\/www.europesays.com\/no\/wp-content\/uploads\/2025\/12\/83987751.webp\" width=\"667\" height=\"574\" title=\"HJEM TIL JUL: Prinsesse Ingrid Alexandra kom nylig hjem til jul fra studiene i Sydney i Australia. Foto: Shad Madian \/ Se og H\u00f8r\" alt=\"\" class=\"\" style=\"--aspect-ratio-image: 1.16; \"\/><\/p>\n<p>\n        HJEM TIL JUL: Prinsesse Ingrid Alexandra kom nylig hjem til jul fra studiene i Sydney i Australia. Foto: Shad Madian \/ Se og H\u00f8r\n    <\/p>\n<p>Blant annet to vinnere av Tom Wilhelmsen Opera &amp; Ballettpris &#8211; Joakim Visnes og Gina Storm-Jensen &#8211; som spiller henholdsvis n\u00f8tteknekkerprinsen og Clara i oppsetningen.\u00a0<\/p>\n<p>        <img loading=\"lazy\" decoding=\"async\" src=\"https:\/\/www.europesays.com\/no\/wp-content\/uploads\/2025\/12\/83987777.webp\" width=\"667\" height=\"567\" title=\"KLARE FOR BALLETT: Kongefamilien har ved flere anledninger f\u00e5tt med seg \u00abN\u00f8tteknekkeren\u00bb f\u00f8r jul. Foto: Shad Madian \/ Se og H\u00f8r\" alt=\"\" class=\"\" style=\"--aspect-ratio-image: 1.18; \"\/><\/p>\n<p>\n        KLARE FOR BALLETT: Kongefamilien har ved flere anledninger f\u00e5tt med seg \u00abN\u00f8tteknekkeren\u00bb f\u00f8r jul. Foto: Shad Madian \/ Se og H\u00f8r\n    <\/p>\n<p>        <img loading=\"lazy\" decoding=\"async\" src=\"https:\/\/www.europesays.com\/no\/wp-content\/uploads\/2025\/12\/83987788.webp\" width=\"667\" height=\"541\" title=\"TROSSET V\u00c6RET: Dronning Sonja lot ikke litt regn stoppe henne fra \u00e5 ta turen til Operaen mandag kveld. Foto: Shad Madian \/ Se og H\u00f8r\" alt=\"\" class=\"\" style=\"--aspect-ratio-image: 1.23; \"\/><\/p>\n<p>\n        TROSSET V\u00c6RET: Dronning Sonja lot ikke litt regn stoppe henne fra \u00e5 ta turen til Operaen mandag kveld. Foto: Shad Madian \/ Se og H\u00f8r\n    <\/p>\n<p>En som i hvert fall ikke er fremmed for \u00e5 dra p\u00e5 balettforestilling, er dronning Sonja. Hun har i mange \u00e5r hatt et sterkt engasjement for ballett og scenekunst, og v\u00e6rt en synlig st\u00f8ttespiller for Den Norske Opera &amp; Ballett &#8211; b\u00e5de som publikummer og beskytter.\u00a0<\/p>\n<p>    <a itemprop=\"url\" href=\"https:\/\/www.seher.no\/kongelig\/mette-marits-nye-favoritt\/83958068\" rel=\"nofollow noopener\" target=\"_blank\"><\/p>\n<p>        <img loading=\"lazy\" decoding=\"async\" src=\"https:\/\/www.europesays.com\/no\/wp-content\/uploads\/2025\/12\/83959375.webp\" width=\"980\" height=\"441\" title=\"Mette-Marits nye favoritt\" alt=\"\" class=\"lazyload\" style=\"--aspect-ratio-image: 2.22; \"\/><\/p>\n<p>        Mette-Marits nye favoritt<\/p>\n<p>    <\/a><\/p>\n<p>I fjor dukket hun blant annet opp i K\u00f8benhavn for \u00e5 f\u00e5 med seg N\u00f8tteknekkeren i Tivoli. Det var nemlig <a href=\"https:\/\/www.seher.no\/kongelig\/fikk-uventet-stotte\/82345034\" rel=\"nofollow noopener\" target=\"_blank\">en helt spesiell person som sto bak b\u00e5de scenografi og kostymer<\/a>\u00a0&#8211; dronning Margrethe (85).\u00a0<\/p>\n<p>        <img loading=\"lazy\" decoding=\"async\" src=\"https:\/\/www.europesays.com\/no\/wp-content\/uploads\/2025\/12\/83987830.webp\" width=\"667\" height=\"507\" title=\"GODE VENNER: Dronning Sonja og dronning Margrethe har et godt vennskap. Da Sonja fylte 80 \u00e5r, trakk hun frem dronning Margrethe og la ikke skjul p\u00e5 hvor mye hun har st\u00f8ttet henne siden Sonja ble en del av den norske kongefamilien. - I tillegg til \u00e5 v\u00e6re en uvurdelig r\u00e5dgiver, har du v\u00e6rt en n\u00e6r venn som jeg deler interesser for naturen og kunsten med, sa hun den gang. Foto: Dan Mariegaard\" alt=\"\" class=\"\" style=\"--aspect-ratio-image: 1.32; \"\/><\/p>\n<p>\n        GODE VENNER: Dronning Sonja og dronning Margrethe har et godt vennskap. Da Sonja fylte 80 \u00e5r, trakk hun frem dronning Margrethe og la ikke skjul p\u00e5 hvor mye hun har st\u00f8ttet henne siden Sonja ble en del av den norske kongefamilien. &#8211; I tillegg til \u00e5 v\u00e6re en uvurdelig r\u00e5dgiver, har du v\u00e6rt en n\u00e6r venn som jeg deler interesser for naturen og kunsten med, sa hun den gang. Foto: Dan Mariegaard\n    <\/p>\n<p>        <img loading=\"lazy\" decoding=\"async\" src=\"https:\/\/www.europesays.com\/no\/wp-content\/uploads\/2025\/12\/83987833.webp\" width=\"667\" height=\"567\" title=\"OVERRASKET: Dronning Sonja dukket plutselig opp p\u00e5 den r\u00f8de l\u00f8peren til N\u00f8tteknekkeren i K\u00f8benhavn i desember i fjor. Foto: Dan Mariegaard\" alt=\"\" class=\"\" style=\"--aspect-ratio-image: 1.18; \"\/><\/p>\n<p>\n        OVERRASKET: Dronning Sonja dukket plutselig opp p\u00e5 den r\u00f8de l\u00f8peren til N\u00f8tteknekkeren i K\u00f8benhavn i desember i fjor. Foto: Dan Mariegaard\n    <\/p>\n<p>I fjor trosset kong Harald regnv\u00e6ret og tok med seg barn, barnebarn og kronprinsesse Mette-Marits (52) mamma Marit Tjessem (88) til \u00abN\u00f8tteknekkeren\u00bb.\u00a0<\/p>\n<p class=\"font-weight-bold m-font-weight-bold no_italic m-no_italic\" data-lab-italic=\"\" data-lab-font_weight=\"font-weight-bold\">I \u00e5r glimret som nevnt flere med sitt frav\u00e6r, deriblant kong Harald (88), Leah Isadora Behn (20), kronprins Haakon (52)\u00a0 og prins Sverre Magnus (20).\u00a0<\/p>\n<p>        <img loading=\"lazy\" decoding=\"async\" src=\"https:\/\/www.europesays.com\/no\/wp-content\/uploads\/2025\/12\/83987915.webp\" width=\"667\" height=\"501\" title=\"2024: Fra venstre: prinsesse M\u00e4rtha, Durek, en livvakt, prinsesse Ingrid Alexandra som gir mormor Marit Tjessem en klem, Amalie, kong Harald, prins Sverre Magnus og kronprins Haakon. Foto: Andreas Fadum\/Se og H\u00f8r\" alt=\"\" class=\"\" style=\"--aspect-ratio-image: 1.33; \"\/><\/p>\n<p>\n        2024: Fra venstre: prinsesse M\u00e4rtha, Durek, en livvakt, prinsesse Ingrid Alexandra som gir mormor Marit Tjessem en klem, Amalie, kong Harald, prins Sverre Magnus og kronprins Haakon. Foto: Andreas Fadum\/Se og H\u00f8r\n    <\/p>\n<p>I fjor hadde sistnevnte med seg sin dav\u00e6rende kj\u00e6reste Amalie Giev\u00e6r Macleod. Det var i starten av desember at Se og H\u00f8r <a href=\"https:\/\/www.seher.no\/kongelig\/brudd-for-sverre-magnus\/83921076\" rel=\"nofollow noopener\" target=\"_blank\">avsl\u00f8rte at forholdet mellom dem har tatt slutt.\u00a0<\/a><\/p>\n","protected":false},"excerpt":{"rendered":"Kongefamilien p\u00e5 jakt etter julestemning Deler av kongefamilien dukket opp i operaen for \u00e5 f\u00e5 med seg den&hellip;\n","protected":false},"author":2,"featured_media":114115,"comment_status":"","ping_status":"","sticky":false,"template":"","format":"standard","meta":{"footnotes":""},"categories":[58],"tags":[2592,3990,1560,2858,4104,71,76,5805,30,28,29,291,1221,72],"class_list":{"0":"post-114114","1":"post","2":"type-post","3":"status-publish","4":"format-standard","5":"has-post-thumbnail","7":"category-underholdning","8":"tag-den-norske-kongefamilien","9":"tag-det-norske-kongehuset","10":"tag-dronning-sonja","11":"tag-durek-verrett","12":"tag-eksklusivt","13":"tag-entertainment","14":"tag-kongelig","15":"tag-maud-angelica-behn","16":"tag-no","17":"tag-norge","18":"tag-norway","19":"tag-prinsesse-ingrid-alexandra","20":"tag-prinsesse-martha-louise","21":"tag-underholdning"},"share_on_mastodon":{"url":"https:\/\/pubeurope.com\/@no\/115725411853972504","error":""},"_links":{"self":[{"href":"https:\/\/www.europesays.com\/no\/wp-json\/wp\/v2\/posts\/114114","targetHints":{"allow":["GET"]}}],"collection":[{"href":"https:\/\/www.europesays.com\/no\/wp-json\/wp\/v2\/posts"}],"about":[{"href":"https:\/\/www.europesays.com\/no\/wp-json\/wp\/v2\/types\/post"}],"author":[{"embeddable":true,"href":"https:\/\/www.europesays.com\/no\/wp-json\/wp\/v2\/users\/2"}],"replies":[{"embeddable":true,"href":"https:\/\/www.europesays.com\/no\/wp-json\/wp\/v2\/comments?post=114114"}],"version-history":[{"count":0,"href":"https:\/\/www.europesays.com\/no\/wp-json\/wp\/v2\/posts\/114114\/revisions"}],"wp:featuredmedia":[{"embeddable":true,"href":"https:\/\/www.europesays.com\/no\/wp-json\/wp\/v2\/media\/114115"}],"wp:attachment":[{"href":"https:\/\/www.europesays.com\/no\/wp-json\/wp\/v2\/media?parent=114114"}],"wp:term":[{"taxonomy":"category","embeddable":true,"href":"https:\/\/www.europesays.com\/no\/wp-json\/wp\/v2\/categories?post=114114"},{"taxonomy":"post_tag","embeddable":true,"href":"https:\/\/www.europesays.com\/no\/wp-json\/wp\/v2\/tags?post=114114"}],"curies":[{"name":"wp","href":"https:\/\/api.w.org\/{rel}","templated":true}]}}