{"id":114133,"date":"2025-12-15T20:47:28","date_gmt":"2025-12-15T20:47:28","guid":{"rendered":"https:\/\/www.europesays.com\/no\/114133\/"},"modified":"2025-12-15T20:47:28","modified_gmt":"2025-12-15T20:47:28","slug":"gjert-ingebrigtsen-portugal-norge-sier-nei-gjert-ingebrigtsen-far-ja-i-portugal","status":"publish","type":"post","link":"https:\/\/www.europesays.com\/no\/114133\/","title":{"rendered":"Gjert Ingebrigtsen, Portugal | Norge sier nei \u2013 Gjert Ingebrigtsen f\u00e5r ja i Portugal"},"content":{"rendered":"\n<p>De siste \u00e5rene har det v\u00e6rt mye br\u00e5k rundt det at Ingebrigtsen ikke har f\u00e5tt trenerakkreditering til mesterskap av Norges Friidrettsforbund. <\/p>\n<p>Under EM i terrengl\u00f8p i Portugal denne helgen var Ingebrigtsen likevel p\u00e5 plass med trenerakkreditering. Denne gangen for \u00e5 f\u00f8lge opp sin portugisiske elev Jos\u00e9 Carlos Pinto.<\/p>\n<p>Overfor <a href=\"https:\/\/www.nrk.no\/sport\/gjert-ingebrigtsen-kan-bli-akkreditert-til-fleire-meisterskap_-_-vil-overraske-meg-om-ikkje-1.17692305\" rel=\"Follow nofollow noopener\" target=\"_blank\">NRK <\/a>bekrefter Ingebrigtsen at han fikk akkrediteringen via det portugisiske forbundet. <\/p>\n<p>\u2013 Forbundet sender inn en liste over de ut\u00f8verne som skal v\u00e6re med, og de lederne som skal v\u00e6re med. S\u00e5 f\u00e5r man tilbake en akkreditering. Det fikk jeg denne gangen. S\u00e5 er det ikke noe mer hokuspokus, sier han til statskanalen. <\/p>\n<p>Ingebrigtsen fikk ikke akkreditering for Portugal under VM i Tokyo i september. Han tror \u00e5rsaken til at han fikk ja n\u00e5 handler om de gode prestasjonene til Pinto, og at det s\u00e5nn sett er naturlig at han f\u00e5r ha med seg treneren sin. <\/p>\n<p>Ingebrigtsen tror n\u00e5 at det er store muligheter for at han ogs\u00e5 f\u00e5r akkreditering til EM i Birmingham i august 2026, s\u00e5 lenge Pinto leverer gode nok resultater. <\/p>\n<p>\u2013 Tiden vil vise, men det er samme gjengen som arrangerte dette mesterskapet, som skal arrangere det. S\u00e5 det vil overraske meg om jeg ikke f\u00e5r det, sier han. <\/p>\n<p>Det er et styrevedtak fra Norges Friidrettsforbund som sier at Gjert Ingebrigtsen ikke f\u00e5r akkreditering gjennom det norske forbundet til mesterskap. <\/p>\n<p>Sportssjef i det norske friidrettsforbundet, Erlend Slokvik, vil ikke legge seg opp i at Ingebrigtsen har f\u00e5tt akkreditering av det portugisiske forbundet. <\/p>\n<p>\u2013 Vi har ikke noe med hva andre forbund gj\u00f8r. Jeg forholder meg bare til det styret v\u00e5rt har sagt, sier han til NRK. <\/p>\n","protected":false},"excerpt":{"rendered":"De siste \u00e5rene har det v\u00e6rt mye br\u00e5k rundt det at Ingebrigtsen ikke har f\u00e5tt trenerakkreditering til mesterskap&hellip;\n","protected":false},"author":2,"featured_media":114134,"comment_status":"","ping_status":"","sticky":false,"template":"","format":"standard","meta":{"footnotes":""},"categories":[59],"tags":[30,28,29,83,82],"class_list":{"0":"post-114133","1":"post","2":"type-post","3":"status-publish","4":"format-standard","5":"has-post-thumbnail","7":"category-sport","8":"tag-no","9":"tag-norge","10":"tag-norway","11":"tag-sport","12":"tag-sports"},"share_on_mastodon":{"url":"https:\/\/pubeurope.com\/@no\/115725549096008549","error":""},"_links":{"self":[{"href":"https:\/\/www.europesays.com\/no\/wp-json\/wp\/v2\/posts\/114133","targetHints":{"allow":["GET"]}}],"collection":[{"href":"https:\/\/www.europesays.com\/no\/wp-json\/wp\/v2\/posts"}],"about":[{"href":"https:\/\/www.europesays.com\/no\/wp-json\/wp\/v2\/types\/post"}],"author":[{"embeddable":true,"href":"https:\/\/www.europesays.com\/no\/wp-json\/wp\/v2\/users\/2"}],"replies":[{"embeddable":true,"href":"https:\/\/www.europesays.com\/no\/wp-json\/wp\/v2\/comments?post=114133"}],"version-history":[{"count":0,"href":"https:\/\/www.europesays.com\/no\/wp-json\/wp\/v2\/posts\/114133\/revisions"}],"wp:featuredmedia":[{"embeddable":true,"href":"https:\/\/www.europesays.com\/no\/wp-json\/wp\/v2\/media\/114134"}],"wp:attachment":[{"href":"https:\/\/www.europesays.com\/no\/wp-json\/wp\/v2\/media?parent=114133"}],"wp:term":[{"taxonomy":"category","embeddable":true,"href":"https:\/\/www.europesays.com\/no\/wp-json\/wp\/v2\/categories?post=114133"},{"taxonomy":"post_tag","embeddable":true,"href":"https:\/\/www.europesays.com\/no\/wp-json\/wp\/v2\/tags?post=114133"}],"curies":[{"name":"wp","href":"https:\/\/api.w.org\/{rel}","templated":true}]}}