{"id":114135,"date":"2025-12-15T20:52:09","date_gmt":"2025-12-15T20:52:09","guid":{"rendered":"https:\/\/www.europesays.com\/no\/114135\/"},"modified":"2025-12-15T20:52:09","modified_gmt":"2025-12-15T20:52:09","slug":"nyheter-trafikk-reagerte-kraftig-plankene-stakk-ut-av-bilvinduet","status":"publish","type":"post","link":"https:\/\/www.europesays.com\/no\/114135\/","title":{"rendered":"Nyheter, Trafikk | Reagerte kraftig: \u2013 Plankene stakk ut av bilvinduet"},"content":{"rendered":"\n<p>Mandag hadde Statens vegvesen kontroll p\u00e5 29 lette kj\u00f8ret\u00f8y p\u00e5 Hylkje kontrollplass.<\/p>\n<p>En sj\u00e5f\u00f8r skilte seg ut da han fraktet planker stikkende ut av passasjervinduet, et syn som fikk inspekt\u00f8rene til \u00e5 reagere kraftig.<\/p>\n<p><b>\u2013 Da vi s\u00e5 dette tenkte vi at det ikke var bra, og at farepotensialet var ganske stort hvis man hadde truffet myke trafikanter langs veien, forteller inspekt\u00f8r Joakim Tur\u00f8y \u00c5dland i Statens vegvesen, til BA.<\/b><\/p>\n<p>Statens vegvesen har nullvisjon for hardt skadde og drepte i trafikken.<\/p>\n<p>\u2013 Vi jobber derfor hele tiden for \u00e5 gj\u00f8re det tryggere i trafikken for alle trafikanter, sier inspekt\u00f8ren.<\/p>\n<p>M\u00e5tte frem med sagen<\/p>\n<p>Bilen ble derfor umiddelbart ilagt bruksforbud og f\u00f8reren m\u00e5tte finne frem sagen, og sage plankene ned til passende st\u00f8rrelse.<\/p>\n<p>\u2013 Det virket som han hadde kontroll p\u00e5 hvor lange plankene m\u00e5tte v\u00e6re.<\/p>\n<p><b>Samme bil hadde ogs\u00e5 mangel p\u00e5 kufanger som ikke var godkjent, og fikk et gebyr p\u00e5 4000 kroner for to dekk under lovlig minstem\u00e5l, opplyser \u00c5dland.<\/b><\/p>\n<p>\u2013 Fra og med 1. november skal du ha minimum tre millimeter m\u00f8nsterdybde p\u00e5 dekkene.<\/p>\n<p>   <img decoding=\"async\" width=\"680\" height=\"503\" fetchpriority=\"low\"  loading=\"lazy\"  src=\"https:\/\/www.europesays.com\/no\/wp-content\/uploads\/2025\/12\/Skjermbilde+2025-12-15+192345.png\" alt=\"\" class=\"brick-c-cFOWSL\" style=\"--brick-image-ratio: 680 \/ 503;\"\/><\/p>\n<p>      M\u00e5lt m\u00f8nsterdybde med krav p\u00e5 3 mm.<br \/>\n      Foto: Statens vegvesen\n    <\/p>\n<p>  \u00d8velseskj\u00f8ring med alvorlige mangler<\/p>\n<p>I l\u00f8pet av kontrollen som varte fra klokken 09-1430, traff de ogs\u00e5 p\u00e5 en bil som ble til brukt til \u00f8velseskj\u00f8ring, men som var i relativt d\u00e5rlig stand.<\/p>\n<p><b>\u2013 Den manglet blant annet to bremselys, et baklys, samt en skade foran som medf\u00f8rte at en lykt hang l\u00f8st. Det ble ogs\u00e5 utgitt et dekkgebyr for dekk under lovlig minstem\u00e5l. Det er ikke noe s\u00e6rlig \u00e5 \u00f8velseskj\u00f8re med, sl\u00e5r \u00c5dland fast.<\/b><\/p>\n<p>Inspekt\u00f8ren forteller ogs\u00e5 at det ble delt ut to beltegebyrer, der en av bilene i tillegg hadde en rattkule montert som det ble skrevet mangel p\u00e5.<\/p>\n<p>I tillegg fikk to kj\u00f8ret\u00f8y bruksforbud grunnet solfilm p\u00e5 sideruten foran b-stolpe, men filmen ble fjernet p\u00e5 stedet, opplyser \u00c5dland.<\/p>\n<p><b>\u2013 En bil ble stoppet med defekt luftfj\u00e6ring bak, noe som medf\u00f8rer at bilen er uten fj\u00e6ring bak.<\/b><\/p>\n<p>Det ble ogs\u00e5 ilagt mangellapp for et kj\u00f8ret\u00f8y som ble stoppet med en montert spoiler som ikke var godkjent, opplyser \u00c5dland.<\/p>\n<p>34 fikk gebyr for piggdekkavgift<\/p>\n<p>Bymilj\u00f8etaten var i tillegg p\u00e5 stedet for \u00e5 kontrollere kj\u00f8ret\u00f8y med piggdekk.<\/p>\n<p>\u2013 Av 131 kj\u00f8ret\u00f8y med piggdekk, fikk 34 gebyr for \u00e5 ikke ha betalt piggdekkavgiften, sier \u00c5dland.<\/p>\n<p>            Resultat av kontrollen<\/p>\n<p>Antall kontrollerte kj\u00f8ret\u00f8y av Statens vegvesen: 29<\/p>\n<p>Antall kontrollerte kj\u00f8ret\u00f8y med piggdekk av bymilj\u00f8etaten: 131<\/p>\n<ul>\n<li>Antall gebyr for \u00e5 ikke ha betalt piggdekkavgiften: 34<\/li>\n<\/ul>\n","protected":false},"excerpt":{"rendered":"Mandag hadde Statens vegvesen kontroll p\u00e5 29 lette kj\u00f8ret\u00f8y p\u00e5 Hylkje kontrollplass. En sj\u00e5f\u00f8r skilte seg ut da&hellip;\n","protected":false},"author":2,"featured_media":114136,"comment_status":"","ping_status":"","sticky":false,"template":"","format":"standard","meta":{"footnotes":""},"categories":[10],"tags":[36,20,21,10087,24,25,15,22,23,13,30,28,29,14,16,1899,1510,26,27,224],"class_list":{"0":"post-114135","1":"post","2":"type-post","3":"status-publish","4":"format-standard","5":"has-post-thumbnail","7":"category-norge","8":"tag-art","9":"tag-breaking-news","10":"tag-breakingnews","11":"tag-bymiljoetaten","12":"tag-featured-news","13":"tag-featurednews","14":"tag-headlines","15":"tag-latest-news","16":"tag-latestnews","17":"tag-news","18":"tag-no","19":"tag-norge","20":"tag-norway","21":"tag-nyheter","22":"tag-overskrifter","23":"tag-statens-vegvesen","24":"tag-story","25":"tag-top-stories","26":"tag-topstories","27":"tag-trafikk"},"share_on_mastodon":{"url":"https:\/\/pubeurope.com\/@no\/115725569012554835","error":""},"_links":{"self":[{"href":"https:\/\/www.europesays.com\/no\/wp-json\/wp\/v2\/posts\/114135","targetHints":{"allow":["GET"]}}],"collection":[{"href":"https:\/\/www.europesays.com\/no\/wp-json\/wp\/v2\/posts"}],"about":[{"href":"https:\/\/www.europesays.com\/no\/wp-json\/wp\/v2\/types\/post"}],"author":[{"embeddable":true,"href":"https:\/\/www.europesays.com\/no\/wp-json\/wp\/v2\/users\/2"}],"replies":[{"embeddable":true,"href":"https:\/\/www.europesays.com\/no\/wp-json\/wp\/v2\/comments?post=114135"}],"version-history":[{"count":0,"href":"https:\/\/www.europesays.com\/no\/wp-json\/wp\/v2\/posts\/114135\/revisions"}],"wp:featuredmedia":[{"embeddable":true,"href":"https:\/\/www.europesays.com\/no\/wp-json\/wp\/v2\/media\/114136"}],"wp:attachment":[{"href":"https:\/\/www.europesays.com\/no\/wp-json\/wp\/v2\/media?parent=114135"}],"wp:term":[{"taxonomy":"category","embeddable":true,"href":"https:\/\/www.europesays.com\/no\/wp-json\/wp\/v2\/categories?post=114135"},{"taxonomy":"post_tag","embeddable":true,"href":"https:\/\/www.europesays.com\/no\/wp-json\/wp\/v2\/tags?post=114135"}],"curies":[{"name":"wp","href":"https:\/\/api.w.org\/{rel}","templated":true}]}}