{"id":114139,"date":"2025-12-15T20:59:10","date_gmt":"2025-12-15T20:59:10","guid":{"rendered":"https:\/\/www.europesays.com\/no\/114139\/"},"modified":"2025-12-15T20:59:10","modified_gmt":"2025-12-15T20:59:10","slug":"var-sammen-med-fornaermede-for-avhor","status":"publish","type":"post","link":"https:\/\/www.europesays.com\/no\/114139\/","title":{"rendered":"Var sammen med forn\u00e6rmede f\u00f8r avh\u00f8r"},"content":{"rendered":"\n<p class=\"_lead_o9xde_2 _lead_xtcu6_50 layout-component text-serif-m layout-normal text-serif-l layout-component layout-wide layout-padded _wide_17hqh_1 layout-padded\">Frogner-kvinnen vil fjerne bes\u00f8ksforbudet Marius Borg H\u00f8iby (28) er ilagt. Politiet sier nei.<\/p>\n<p><img alt=\"Rettssaken mot kronprinsessens s\u00f8nn starter 3. februar. Foto: Lise \u00c5serud \/ NTB\" class=\"_image_qp4xg_65 layout-component layout-wide\" data-fullscreen- data-track-element-type=\"Article image fullscreen\" data-track-name=\"ImageFullscreen\" fetchpriority=\"high\" decoding=\"sync\" loading=\"eager\" height=\"1555\" itemprop=\"image\"  src=\"https:\/\/www.europesays.com\/no\/wp-content\/uploads\/2025\/12\/1fb71638-b8e6-4e55-972a-277244103edc\"  style=\"object-position:0% 0%\" width=\"1940\"\/>Rettssaken mot kronprinsessens s\u00f8nn starter 3. februar. Foto: Lise \u00c5serud \/ NTB Oppdatert mandag 15. desember kl. 21:33     <\/p>\n<p class=\"_paragraph_o9xde_4 _paragraph_xtcu6_10 layout-component text-serif-m layout-normal text-serif-m layout-padded\">Likevel har det tidligere kj\u00e6resteparet hyppig kontakt.<\/p>\n<p class=\"_paragraph_o9xde_4 _paragraph_xtcu6_10 layout-component text-serif-m layout-normal text-serif-m layout-padded\">VG er kjent med at de har m\u00f8ttes flere ganger den siste tiden.<\/p>\n<p class=\"_paragraph_o9xde_4 _paragraph_xtcu6_10 layout-component text-serif-m layout-normal text-serif-m layout-padded\"><strong class=\"_strong_o9xde_25\">Onsdag forrige uke var Frogner-kvinnen i nytt avh\u00f8r hos politiet. VG kjenner til at hun og H\u00f8iby var sammen denne dagen.<\/strong><\/p>\n<p class=\"_paragraph_o9xde_4 _paragraph_xtcu6_10 layout-component text-serif-m layout-normal text-serif-m layout-padded\">Samme morgen ble H\u00f8ibys bil observert i retning sentrum kort tid f\u00f8r avh\u00f8ret startet. Det var han som kj\u00f8rte henne til byen i den forbindelse.<\/p>\n<p class=\"_paragraph_o9xde_4 _paragraph_xtcu6_10 layout-component text-serif-m layout-normal text-serif-m layout-padded\">Kvinnens bistandsadvokat, Mette Yvonne Larsen, \u00f8nsker ikke \u00e5 kommentere saken. Det gj\u00f8r heller ikke H\u00f8ibys forsvarere, Petar Sekulic og Ellen Holager Anden\u00e6s.<\/p>\n<p class=\"_paragraph_o9xde_4 _paragraph_xtcu6_10 layout-component text-serif-m layout-normal text-serif-m layout-padded\">\u2013 Vi \u00f8nsker fortsatt ikke \u00e5 kommentere denne saken, skriver Sekulic i en e-post til VG. <\/p>\n<p><img alt=\"Marius Borg H\u00f8ibys forsvarere, Petar Sekulic og Ellen Holager Anden\u00e6s.   Foto: J\u00f8rgen Braastad \/ VG\" class=\"_image_qp4xg_65 layout-component layout-right\" data-fullscreen- data-track-element-type=\"Article image fullscreen\" data-track-name=\"ImageFullscreen\" decoding=\"async\" loading=\"lazy\" height=\"5464\" itemprop=\"image\"  src=\"https:\/\/www.europesays.com\/no\/wp-content\/uploads\/2025\/12\/528d47c6-75fb-4919-8ec6-67facbb8a03c\"  style=\"object-position:0% 0%\" width=\"8192\"\/>Marius Borg H\u00f8ibys forsvarere, Petar Sekulic og Ellen Holager Anden\u00e6s.   Foto: J\u00f8rgen Braastad \/ VG<\/p>\n<p class=\"_paragraph_o9xde_4 _paragraph_xtcu6_10 layout-component text-serif-m layout-normal text-serif-m layout-padded\">H\u00f8iby har hatt bes\u00f8ksforbud mot Frogner-kvinnen siden september 2024. I september i \u00e5r ble forbudet <a href=\"https:\/\/www.vg.no\/nyheter\/i\/5ExdJz\/dagbladet-forlenger-besoeksforbudet-for-hoeiby\" data-track-element-type=\"Link\" data-track-id=\"link:5ExdJz\" class=\"_link_o9xde_39\" rel=\"nofollow noopener\" target=\"_blank\">forlenget<\/a> med ytterligere seks m\u00e5neder.<\/p>\n<p class=\"_paragraph_o9xde_4 _paragraph_xtcu6_10 layout-component text-serif-m layout-normal text-serif-m layout-padded\">Bes\u00f8ksforbudet inneb\u00e6rer at H\u00f8iby ikke skal opps\u00f8ke, forf\u00f8lge eller kontakte henne p\u00e5 noe vis. Hverken personlig, indirekte, fysisk eller digitalt.<\/p>\n<p class=\"_paragraph_o9xde_4 _paragraph_xtcu6_10 layout-component text-serif-m layout-normal text-serif-m layout-padded\">Brudd p\u00e5 dette kan straffes med b\u00f8ter, fengsel eller begge deler. <\/p>\n<p class=\"_paragraph_o9xde_4 _paragraph_xtcu6_10 layout-component text-serif-m layout-normal text-serif-m layout-padded\">VG har flere opplysninger p\u00e5 at de likevel har kontakt.<\/p>\n<p> Vil ha det fjernet<\/p>\n<p class=\"_paragraph_o9xde_4 _paragraph_xtcu6_10 layout-component text-serif-m layout-normal text-serif-m layout-padded\">Torsdag forrige uke uttalte bistandsadvokat Mette Yvonne Larsen at hennes klient \u00f8nsker bes\u00f8ksforbudet opphevet.<\/p>\n<p class=\"_paragraph_o9xde_4 _paragraph_xtcu6_10 layout-component text-serif-m layout-normal text-serif-m layout-padded\">\u2013 For en tid tilbake ble det fremsatt et \u00f8nske fra hennes side om \u00e5 f\u00e5 oppheve bes\u00f8ksforbudet. Det har vart lenge \u2013 og hun ser ikke behov for det lenger, sa Larsen til VG.<\/p>\n<p><img decoding=\"async\" alt=\"Bilde av Mette Yvonne Larsen\" class=\"_image_ygndg_42\" height=\"27\" itemprop=\"image\" loading=\"lazy\"  src=\"https:\/\/www.europesays.com\/no\/wp-content\/uploads\/2025\/12\/b3ce5974-bf6a-4ffa-a70c-4c80326953af\"  width=\"40\"\/><strong class=\"_name_ygndg_51 title-serif-xs\">Mette Yvonne Larsen<\/strong><\/p>\n<p class=\"_paragraph_o9xde_4 text-sans-m _description_ygndg_56\">Frogner-kvinnens bistandsadvokat<\/p>\n<p class=\"_paragraph_o9xde_4 _paragraph_xtcu6_10 layout-component text-serif-m layout-normal text-serif-m layout-padded\">Politiet mener imidlertid at kvinnens \u00abinteresser\u00bb skal vernes gjennom \u00e5 ha et bes\u00f8ksforbud.<\/p>\n<p class=\"_paragraph_o9xde_4 _paragraph_xtcu6_10 layout-component text-serif-m layout-normal text-serif-m layout-padded\">\u2013 Bes\u00f8ksforbudet mot H\u00f8iby til beskyttelse av Frogner-kvinnen er ilagt p\u00e5 grunnlag av allmenne hensyn. Vi er kjent med at hun ikke lenger \u00f8nsker dette bes\u00f8ksforbudet, men vi har besluttet at det fortsatt skal gjelde for \u00e5 verne hennes interesser, uttalte politiadvokat Andreas Kruszewski.<\/p>\n<p><img decoding=\"async\" alt=\"Bilde av Andreas Kruszewski\" class=\"_image_ygndg_42\" height=\"27\" itemprop=\"image\" loading=\"lazy\"  src=\"https:\/\/www.europesays.com\/no\/wp-content\/uploads\/2025\/12\/510f602b-6bd7-49ab-8627-dc99e7b2cd11\"  width=\"40\"\/><strong class=\"_name_ygndg_51 title-serif-xs\">Andreas Kruszewski<\/strong><\/p>\n<p class=\"_paragraph_o9xde_4 text-sans-m _description_ygndg_56\">Politiadvokat<\/p>\n<p class=\"_paragraph_o9xde_4 _paragraph_xtcu6_10 layout-component text-serif-m layout-normal text-serif-m layout-padded\">VG har stilt politiet flere sp\u00f8rsm\u00e5l, inkludert hvorfor ikke politiet h\u00e5ndhever bes\u00f8ksforbudet og hvilken effekt et bes\u00f8ksforbud har n\u00e5r det brytes uten sanksjoner. Politiet \u00f8nsker ikke \u00e5 svare p\u00e5 sp\u00f8rsm\u00e5lene.<\/p>\n<p class=\"_paragraph_o9xde_4 _paragraph_xtcu6_10 layout-component text-serif-m layout-normal text-serif-m layout-padded\">\u2013 Vi \u00f8nsker ikke \u00e5 kommentere p\u00e5 de enkelte sp\u00f8rsm\u00e5lene utover det du fikk i forrige uke, skriver pressesjef Unni T. Gr\u00f8ndal i Oslo politidistrikt til VG. <\/p>\n<p> Rettssak p\u00e5 ny\u00e5ret<\/p>\n<p class=\"_paragraph_o9xde_4 _paragraph_xtcu6_10 layout-component text-serif-m layout-normal text-serif-m layout-padded\">Rettssaken mot kronprinsessens s\u00f8nn starter 3. februar i Oslo tingrett. <\/p>\n<p class=\"_paragraph_o9xde_4 _paragraph_xtcu6_10 layout-component text-serif-m layout-normal text-serif-m layout-padded\">Mot Frogner-kvinnen er H\u00f8iby tiltalttiltaltDet at H\u00f8iby er tiltalt betyr at statsadvokaten mener det kan bevises at H\u00f8iby er skyldig, og at det er tilstrekkelig med bevis til \u00e5 f\u00f8re saken for retten. for vold, skadeverk, hensynsl\u00f8s adferd og seksuelt krenkende adferd, samt fire tilfeller av brudd p\u00e5 bes\u00f8ksforbudet:<\/p>\n<ul class=\"_list_o9xde_3 _list_xtcu6_9 _unordered_o9xde_106 layout-component text-serif-m layout-normal text-serif-m layout-padded\">\n<li class=\"_item_o9xde_30\"><strong class=\"_strong_o9xde_25\">7. september 2024 <\/strong>klokken 00.55 tok han kontakt med kvinnen fra et skjult telefonnummer.<\/li>\n<li class=\"_item_o9xde_30\"><strong class=\"_strong_o9xde_25\">21. september 2024\u00a0\u00a0<\/strong>Natt til l\u00f8rdag<strong class=\"_strong_o9xde_25\"> <\/strong>tok han kontakt med en venninne av Frogner-kvinnen. Han krevde da \u00e5 f\u00e5 snakke med Frogner-kvinnen.<\/li>\n<li class=\"_item_o9xde_30\">Mellom<strong class=\"_strong_o9xde_25\">\u00a029. oktober og mandag 18. november 2024<\/strong>\u00a0hadde han jevnlig kontakt med kvinnen.<\/li>\n<li class=\"_item_o9xde_30\"><strong class=\"_strong_o9xde_25\">8. desember 2024<\/strong>\u00a0sendte han kvinnen en melding p\u00e5 Signal hvor det sto \u00abKan vi snakke?\u00bb.<\/li>\n<\/ul>\n<p class=\"_paragraph_o9xde_4 _paragraph_xtcu6_10 layout-component text-serif-m layout-normal text-serif-m layout-padded\">H\u00f8iby er til sammen tiltalt for totalt <a href=\"https:\/\/www.vg.no\/rampelys\/i\/wgWo1o\/hoeiby-saken-innkalling-til-presseorientering-om-avgjoerelse-av-tiltalespoersmaal\" data-track-element-type=\"Link\" data-track-id=\"link:wgWo1o\" class=\"_link_o9xde_39\" rel=\"nofollow noopener\" target=\"_blank\">32 lovbrudd. <\/a>Han nekter straffskyld for de mest alvorlige punktene, if\u00f8lge hans forsvarere.<\/p>\n<p class=\"_paragraph_o9xde_4 _paragraph_xtcu6_10 layout-component text-serif-m layout-normal text-serif-m layout-padded\">H\u00f8iby har <a href=\"https:\/\/www.vg.no\/rampelys\/i\/qPy3d1\/hoeiby-til-nrk-innroemmer-vold\" data-track-element-type=\"Link\" data-track-id=\"link:qPy3d1\" class=\"_link_o9xde_39\" rel=\"nofollow noopener\" target=\"_blank\">erkjent<\/a> skadeverk og vold mot Frogner-kvinnen, etter hendelsen p\u00e5 Frogner 4. august 2024.<\/p>\n","protected":false},"excerpt":{"rendered":"Frogner-kvinnen vil fjerne bes\u00f8ksforbudet Marius Borg H\u00f8iby (28) er ilagt. Politiet sier nei. Rettssaken mot kronprinsessens s\u00f8nn starter&hellip;\n","protected":false},"author":2,"featured_media":114140,"comment_status":"","ping_status":"","sticky":false,"template":"","format":"standard","meta":{"footnotes":""},"categories":[10],"tags":[5653,20,21,9425,24,25,15,22,23,400,11546,13,30,28,29,14,944,16,26,27],"class_list":{"0":"post-114139","1":"post","2":"type-post","3":"status-publish","4":"format-standard","5":"has-post-thumbnail","7":"category-norge","8":"tag-besoksforbud","9":"tag-breaking-news","10":"tag-breakingnews","11":"tag-ellen-holager-andenaes","12":"tag-featured-news","13":"tag-featurednews","14":"tag-headlines","15":"tag-latest-news","16":"tag-latestnews","17":"tag-marius-borg-hoiby","18":"tag-mette-yvonne-larsen","19":"tag-news","20":"tag-no","21":"tag-norge","22":"tag-norway","23":"tag-nyheter","24":"tag-oslo-tingrett","25":"tag-overskrifter","26":"tag-top-stories","27":"tag-topstories"},"share_on_mastodon":{"url":"https:\/\/pubeurope.com\/@no\/115725596686064878","error":""},"_links":{"self":[{"href":"https:\/\/www.europesays.com\/no\/wp-json\/wp\/v2\/posts\/114139","targetHints":{"allow":["GET"]}}],"collection":[{"href":"https:\/\/www.europesays.com\/no\/wp-json\/wp\/v2\/posts"}],"about":[{"href":"https:\/\/www.europesays.com\/no\/wp-json\/wp\/v2\/types\/post"}],"author":[{"embeddable":true,"href":"https:\/\/www.europesays.com\/no\/wp-json\/wp\/v2\/users\/2"}],"replies":[{"embeddable":true,"href":"https:\/\/www.europesays.com\/no\/wp-json\/wp\/v2\/comments?post=114139"}],"version-history":[{"count":0,"href":"https:\/\/www.europesays.com\/no\/wp-json\/wp\/v2\/posts\/114139\/revisions"}],"wp:featuredmedia":[{"embeddable":true,"href":"https:\/\/www.europesays.com\/no\/wp-json\/wp\/v2\/media\/114140"}],"wp:attachment":[{"href":"https:\/\/www.europesays.com\/no\/wp-json\/wp\/v2\/media?parent=114139"}],"wp:term":[{"taxonomy":"category","embeddable":true,"href":"https:\/\/www.europesays.com\/no\/wp-json\/wp\/v2\/categories?post=114139"},{"taxonomy":"post_tag","embeddable":true,"href":"https:\/\/www.europesays.com\/no\/wp-json\/wp\/v2\/tags?post=114139"}],"curies":[{"name":"wp","href":"https:\/\/api.w.org\/{rel}","templated":true}]}}