{"id":114141,"date":"2025-12-15T21:06:16","date_gmt":"2025-12-15T21:06:16","guid":{"rendered":"https:\/\/www.europesays.com\/no\/114141\/"},"modified":"2025-12-15T21:06:16","modified_gmt":"2025-12-15T21:06:16","slug":"gloppen-trafikk-bil-i-sjoen-i-gloppen","status":"publish","type":"post","link":"https:\/\/www.europesays.com\/no\/114141\/","title":{"rendered":"Gloppen, Trafikk | Bil i sj\u00f8en i Gloppen"},"content":{"rendered":"\n<p>Klokka 17.15 melder politiet om ei trafikkulykke i Hyen i Gloppen kommune.<\/p>\n<p>\u2013 Bil skal ha k\u00f8yrt i sj\u00f8en, opplyser Tore-Andr\u00e9 Brakstad, operasjonsleiar i Vest politidistrikt.<\/p>\n<p>Til Firda fortel Brakstad at ulykka skal ha skjedd i eit m\u00f8te med eit anna k\u00f8yret\u00f8y. Det var ingen samanst\u00f8yt mellom bilane.<\/p>\n<p>Bilen skal ha k\u00f8yrt ut av vegen og gjennom autovernet og hamna i sj\u00f8en.<\/p>\n<p>\u00c9in person skal ha vore i bilen og vedkommande har kome seg p\u00e5 land for eiga maskin.<\/p>\n<p>\u2013 Vedkommande skal vere uskadd, seier Brakstad.<\/p>\n<p>Bilen ligg delvis i sj\u00f8en, om lag halve bilen er under vatn. Brakstad fortel at lokale folk p\u00e5 staden hjelper til med \u00e5 f\u00e5 bilen opp p\u00e5 land.<\/p>\n<p>\u2013 Det er handlekraftige folk p\u00e5 staden og ein traktor skal hjelpe \u00e5 dra bilen p\u00e5 land, seier Brakstad.<\/p>\n<p>Politiet er i dialog med f\u00f8rar. Det er ingen mistanke om rusk\u00f8yring.<\/p>\n<p>Bilen er komen p\u00e5 land og har store materielle skader. Det er ogs\u00e5 store skader p\u00e5 autovernet.<\/p>\n<p>   <img decoding=\"async\" width=\"4032\" height=\"3024\" fetchpriority=\"low\"  loading=\"lazy\"  src=\"https:\/\/www.europesays.com\/no\/wp-content\/uploads\/2025\/12\/autovern.jpg\" alt=\"\" class=\"brick-c-cFOWSL\" style=\"--brick-image-ratio: 4032 \/ 3024;\"\/><\/p>\n<p>      SKADAR: Det er store skadar p\u00e5 autovernet etter at bilen k\u00f8yrde gjennom det.<br \/>\n      Foto: Julian Fl\u00f8de\n    <\/p>\n","protected":false},"excerpt":{"rendered":"Klokka 17.15 melder politiet om ei trafikkulykke i Hyen i Gloppen kommune. \u2013 Bil skal ha k\u00f8yrt i&hellip;\n","protected":false},"author":2,"featured_media":114142,"comment_status":"","ping_status":"","sticky":false,"template":"","format":"standard","meta":{"footnotes":""},"categories":[10],"tags":[36,20,21,24,25,5225,15,22,23,13,30,28,29,14,16,1510,26,27,224,1204],"class_list":{"0":"post-114141","1":"post","2":"type-post","3":"status-publish","4":"format-standard","5":"has-post-thumbnail","7":"category-norge","8":"tag-art","9":"tag-breaking-news","10":"tag-breakingnews","11":"tag-featured-news","12":"tag-featurednews","13":"tag-gloppen","14":"tag-headlines","15":"tag-latest-news","16":"tag-latestnews","17":"tag-news","18":"tag-no","19":"tag-norge","20":"tag-norway","21":"tag-nyheter","22":"tag-overskrifter","23":"tag-story","24":"tag-top-stories","25":"tag-topstories","26":"tag-trafikk","27":"tag-ulykker"},"share_on_mastodon":{"url":"https:\/\/pubeurope.com\/@no\/115725624013586967","error":""},"_links":{"self":[{"href":"https:\/\/www.europesays.com\/no\/wp-json\/wp\/v2\/posts\/114141","targetHints":{"allow":["GET"]}}],"collection":[{"href":"https:\/\/www.europesays.com\/no\/wp-json\/wp\/v2\/posts"}],"about":[{"href":"https:\/\/www.europesays.com\/no\/wp-json\/wp\/v2\/types\/post"}],"author":[{"embeddable":true,"href":"https:\/\/www.europesays.com\/no\/wp-json\/wp\/v2\/users\/2"}],"replies":[{"embeddable":true,"href":"https:\/\/www.europesays.com\/no\/wp-json\/wp\/v2\/comments?post=114141"}],"version-history":[{"count":0,"href":"https:\/\/www.europesays.com\/no\/wp-json\/wp\/v2\/posts\/114141\/revisions"}],"wp:featuredmedia":[{"embeddable":true,"href":"https:\/\/www.europesays.com\/no\/wp-json\/wp\/v2\/media\/114142"}],"wp:attachment":[{"href":"https:\/\/www.europesays.com\/no\/wp-json\/wp\/v2\/media?parent=114141"}],"wp:term":[{"taxonomy":"category","embeddable":true,"href":"https:\/\/www.europesays.com\/no\/wp-json\/wp\/v2\/categories?post=114141"},{"taxonomy":"post_tag","embeddable":true,"href":"https:\/\/www.europesays.com\/no\/wp-json\/wp\/v2\/tags?post=114141"}],"curies":[{"name":"wp","href":"https:\/\/api.w.org\/{rel}","templated":true}]}}