{"id":114143,"date":"2025-12-15T21:13:08","date_gmt":"2025-12-15T21:13:08","guid":{"rendered":"https:\/\/www.europesays.com\/no\/114143\/"},"modified":"2025-12-15T21:13:08","modified_gmt":"2025-12-15T21:13:08","slug":"flom-i-sokndal-forer-til-unntakstilstand-nrk-rogaland-lokale-nyheter-tv-og-radio","status":"publish","type":"post","link":"https:\/\/www.europesays.com\/no\/114143\/","title":{"rendered":"Flom i Sokndal f\u00f8rer til unntakstilstand \u2013 NRK Rogaland \u2013 Lokale nyheter, TV og radio"},"content":{"rendered":"<p>Det har v\u00e6rt en dramatisk dag i Sokndal kommune.<\/p>\n<p>\u2013 Vi kaller det unntakstilstand. N\u00e5 m\u00e5 vi prioritere liv og helse, sa ordf\u00f8rer Bj\u00f8rn Inge Mydland (Sp) tidligere i dag.<\/p>\n<p>Her er noe av det som har skjedd:<\/p>\n<ul>\n<li>Mandag kveld m\u00e5tte mannskaper fra brannvesenet ta seg ut i en elv med b\u00e5t for \u00e5 hjelpe to personer, De satt p\u00e5 taket av en traktor i n\u00e6rheten av \u00d8ynoveien i Sokndal. Det var sterk str\u00f8m i elven, men de to ble reddet uskadet i land.<\/li>\n<li>En rekke butikker, boliger og hytter i Sokndal har f\u00e5tt store vannskader som f\u00f8lge av vannmassene.<\/li>\n<li>Innbyggere i kommunen er isolert, spesielt p\u00e5 \u00d8yno. Her har brannmannskaper brukt b\u00e5t for \u00e5 levere blant annet medisiner.<\/li>\n<li>Mandag kveld gikk det et jordras i n\u00e6rheten av bolighus p\u00e5 Figgjo. Ingen personer ble skadet.<\/li>\n<li>Forsikringsselskapene har mottatt flere hundre skademeldinger.<\/li>\n<\/ul>\n<p>Kjempet mot vannmassene hele dagen<\/p>\n<p>Kommunen ba tidlig innbyggerne om \u00e5 la bilene st\u00e5 og helst holde seg hjemme som f\u00f8lge av det oransje farevarselet for flom.<\/p>\n<p>Sivilforsvaret s\u00f8rget for \u00e5 f\u00e5 ut et par hunder sandsekker for \u00e5 beskytte r\u00e5dhuset i Sokndal.<\/p>\n<p>NRK var tidligere i dag i kontakt med Lise Mari Bu-Tengesdal, som holder til p\u00e5 \u00d8yno i Sokndal. Hun har v\u00e6rt innesperret siden s\u00f8ndag morgen.\n<\/p>\n<p><img decoding=\"async\"   src=\"data:image\/gif;base64,R0lGODlhAQABAIAAAAAAAP\/\/\/yH5BAEAAAAALAAAAAABAAEAAAIBRAA7\" loading=\"eager\" alt=\"Flom i Sokndal\" title=\"Foto: Privat\"\/><\/p>\n<p class=\"\">Lise Mari Bu-Tengesdal saman med sine to barn. Dei sitt fast p\u00e5 \u00d8yno.<\/p>\n<p>Foto: Privat<\/p>\n<p>\u2013 Vi kan ikke g\u00e5 ut engang, det er ingen plass \u00e5 g\u00e5, sier hun, men legger til at hun ikke er redd.<\/p>\n<p>Brannvesenet i Sokndal bruker b\u00e5t for \u00e5 levere medisiner til folk som bor p\u00e5 \u00d8yno.<\/p>\n<p>\u2013 Dette er veldig spesielt, det er f\u00f8rste gangen min, sier brannkonstabel Brian Omdal og legger til:<\/p>\n<p><strong>\u2013 Det er en som har m\u00e5lt vannstanden til omtrent 1,35 (meter, journ.anm.). Det er veldig dypt.<\/strong><\/p>\n<p>Flere m\u00e5tte ta i bruk b\u00e5t. Harry Danielsen har hytte p\u00e5 Bj\u00e5nes, og m\u00e5tte legge ut rob\u00e5ten for \u00e5 komme seg fram.<\/p>\n<p>\u2013 Det er trist \u00e5 se at nabohytta ligger under vann. Det er ikke g\u00f8y \u00e5 se.<\/p>\n<p>Bli med p\u00e5 b\u00e5ttur i hyttefeltet til Harry Danielsen, og p\u00e5 vassing fram til huset til Oskar Mydland.<\/p>\n<p>NVE varsler mer nedb\u00f8r<\/p>\n<p>If\u00f8lge NVE er vannf\u00f8ringen p\u00e5 oransje niv\u00e5 i flere elver og bekker.<\/p>\n<p>P\u00e5 NVE.no st\u00e5r det mandag kveld at vannet mange steder vil fortsette \u00e5 stige og at det fortsatt er ventet mye regn frem til tirsdag formiddag.<\/p>\n<p><a href=\"https:\/\/www.nrk.no\/rogaland\/sokndal-planlegger-beredskapssituasjon-fram-til-fredag-1.17693107\" ec-id=\"pp:article:1.17693107\" ec-name=\"Sokndal kommune planlegger for \u00e5 v\u00e6re i en beredskapssituasjon fram til fredag.\" rel=\"nofollow noopener\" target=\"_blank\">Sokndal kommune planlegger for \u00e5 v\u00e6re i en beredskapssituasjon fram til fredag.<\/a><\/p>\n<p>Eli Laupstad driver historiske Sogndalstrand kulturhotell i Hauge i Dalane.<\/p>\n<p>\u2013 Jeg tror ikke jeg har sett s\u00e5 mye vann her p\u00e5 de 30 \u00e5rene vi har drevet hotell. Det er ekstreme krefter og ekstremt med vann, sa hun til NRK tidligere mandag.<\/p>\n<p>Som f\u00f8lge av flommen, kom ingen av de ansatte seg til jobb.<\/p>\n<p>    <img alt=\"Blomstergalleriet oversv\u00f8mt\"  loading=\"lazy\"\/><img alt=\"Oversv\u00f8mt Blomstergalleriet\"  loading=\"lazy\"\/><\/p>\n<p>Blomstergalleriet i Hauge i Dalane er oversv\u00f8mt.<\/p>\n<p>\u00d8ystein Ellingsen \/ NRK<\/p>\n<p><img decoding=\"async\"   src=\"data:image\/gif;base64,R0lGODlhAQABAIAAAAAAAP\/\/\/yH5BAEAAAAALAAAAAABAAEAAAIBRAA7\" loading=\"eager\" alt=\"Bil i flommen\" title=\"Foto: Privat\"\/><\/p>\n<p class=\"\">Ein uheldig bilist sette seg fast i flaumen i Egersund.<\/p>\n<p>Foto: Privat<\/p>\n<p>Forsikringsselskapene meldte mandag ettermiddag om flere hundre skademeldinger.<\/p>\n<p>\u2013 Det er vann i kjellere, vannlekkasjer gjennom tak og vegger og oversv\u00f8mmelser generelt som dominerer, opplyser P\u00e5l Rune Eklo i Gjensidige.<\/p>\n<p>Det er meldt om flest skader i Stavanger, Sola og Sokndal.<\/p>\n<p>Per Inge Hansen bor like ved elva Sokna i Sokndal og har f\u00e5tt store vannmengder rundt eiendommen sin.<\/p>\n<p><img decoding=\"async\"   src=\"data:image\/gif;base64,R0lGODlhAQABAIAAAAAAAP\/\/\/yH5BAEAAAAALAAAAAABAAEAAAIBRAA7\" loading=\"eager\" alt=\"Kjelleren til Hansen flom&#10;\" title=\"Foto: Privat\"\/><\/p>\n<p class=\"\">Garasjen til Per Inge Hansen m\u00e5ndag morgon.<\/p>\n<p>Foto: Privat<\/p>\n<p>\u2013 Jeg har n\u00e5 vann i kjelleren i huset og rundt hele eiendommen. Det er som \u00e5 bo i en innsj\u00f8, sier Hansen.<\/p>\n<p>Han tipper det er rundt en halvmeter vann i kjelleren.<\/p>\n<p>M\u00e5tte stenge ungdomsskole i Stavanger<\/p>\n<p>Ogs\u00e5 p\u00e5 Nord-J\u00e6ren fikk vannmengdene konsekvenser<\/p>\n<p><strong>I Stavanger m\u00e5tte Hinna ungdomsskole stenge p\u00e5 grunn av vannet. <\/strong><\/p>\n<p><img decoding=\"async\"   src=\"data:image\/gif;base64,R0lGODlhAQABAIAAAAAAAP\/\/\/yH5BAEAAAAALAAAAAABAAEAAAIBRAA7\" loading=\"eager\" alt=\"Hinna ungdomsskule\" title=\"Foto: NRK\"\/><\/p>\n<p class=\"\">Hinna ungdomsskole blei stengt i dag grunna flaum. <\/p>\n<p>Foto: NRK<\/p>\n<p>Vaktleder ved 110-sentralen i Rogaland, Peter Malde, fortalte i ettermiddag at telefonen har ringt i ett i dag.<\/p>\n<p>De fleste henvendelsene gjelder vann i kjellere.<\/p>\n<p>Publisert<\/p>\n<p>15.12.2025, kl. 07.39<\/p>\n<p>Oppdatert<\/p>\n<p>15.12.2025, kl. 21.39<\/p>\n","protected":false},"excerpt":{"rendered":"Det har v\u00e6rt en dramatisk dag i Sokndal kommune. \u2013 Vi kaller det unntakstilstand. N\u00e5 m\u00e5 vi prioritere&hellip;\n","protected":false},"author":2,"featured_media":114144,"comment_status":"","ping_status":"","sticky":false,"template":"","format":"standard","meta":{"footnotes":""},"categories":[10],"tags":[20,21,24,25,15,22,23,13,30,28,29,14,16,26,27],"class_list":{"0":"post-114143","1":"post","2":"type-post","3":"status-publish","4":"format-standard","5":"has-post-thumbnail","7":"category-norge","8":"tag-breaking-news","9":"tag-breakingnews","10":"tag-featured-news","11":"tag-featurednews","12":"tag-headlines","13":"tag-latest-news","14":"tag-latestnews","15":"tag-news","16":"tag-no","17":"tag-norge","18":"tag-norway","19":"tag-nyheter","20":"tag-overskrifter","21":"tag-top-stories","22":"tag-topstories"},"share_on_mastodon":{"url":"https:\/\/pubeurope.com\/@no\/115725651352031419","error":""},"_links":{"self":[{"href":"https:\/\/www.europesays.com\/no\/wp-json\/wp\/v2\/posts\/114143","targetHints":{"allow":["GET"]}}],"collection":[{"href":"https:\/\/www.europesays.com\/no\/wp-json\/wp\/v2\/posts"}],"about":[{"href":"https:\/\/www.europesays.com\/no\/wp-json\/wp\/v2\/types\/post"}],"author":[{"embeddable":true,"href":"https:\/\/www.europesays.com\/no\/wp-json\/wp\/v2\/users\/2"}],"replies":[{"embeddable":true,"href":"https:\/\/www.europesays.com\/no\/wp-json\/wp\/v2\/comments?post=114143"}],"version-history":[{"count":0,"href":"https:\/\/www.europesays.com\/no\/wp-json\/wp\/v2\/posts\/114143\/revisions"}],"wp:featuredmedia":[{"embeddable":true,"href":"https:\/\/www.europesays.com\/no\/wp-json\/wp\/v2\/media\/114144"}],"wp:attachment":[{"href":"https:\/\/www.europesays.com\/no\/wp-json\/wp\/v2\/media?parent=114143"}],"wp:term":[{"taxonomy":"category","embeddable":true,"href":"https:\/\/www.europesays.com\/no\/wp-json\/wp\/v2\/categories?post=114143"},{"taxonomy":"post_tag","embeddable":true,"href":"https:\/\/www.europesays.com\/no\/wp-json\/wp\/v2\/tags?post=114143"}],"curies":[{"name":"wp","href":"https:\/\/api.w.org\/{rel}","templated":true}]}}