{"id":114153,"date":"2025-12-15T21:22:17","date_gmt":"2025-12-15T21:22:17","guid":{"rendered":"https:\/\/www.europesays.com\/no\/114153\/"},"modified":"2025-12-15T21:22:17","modified_gmt":"2025-12-15T21:22:17","slug":"verdal-sport-jonas-svensson-har-kjopt-ny-enebolig-i-trondheim","status":"publish","type":"post","link":"https:\/\/www.europesays.com\/no\/114153\/","title":{"rendered":"Verdal, Sport | Jonas Svensson har kj\u00f8pt ny enebolig i Trondheim"},"content":{"rendered":"\n<p>(<a href=\"https:\/\/www.nidaros.no\/utenlandsproff-har-kjopt-nyoppfort-enebolig-i-trondheim\/s\/5-113-796429\" rel=\"Follow nofollow noopener\" target=\"_blank\">Nidaros<\/a>): Fotballproff Jonas Svensson (32) og samboer Marthe Hamre Owesen har kj\u00f8p enebolig p\u00e5 Stokk\u00e5sen i Trondheim for 14,75 millioner kroner.<\/p>\n<p>Overdragelsen av den nylig oppf\u00f8rte eneboligen fant sted 12. desember.<\/p>\n<p>If\u00f8lge Finn-annonsen for prosjektet er det snakk om en enebolig med bruttoareal p\u00e5 274 kvadratmeter og seks soverom.<\/p>\n<p>Svensson signerte for tyrkiske Besiktas i 2024 og har kontrakt med klubben til sommeren 2025. I september meldte Innherred at tyrkisk presse skrev at verdalingen ikke var en del av framtidsplanene til Besiktas nye trener. Denne sesongen har han hatt lite spilletid.<\/p>\n<p>H\u00f8yrebacken startet proffkarrieren i Levanger i 2008. Fra 2009 til 2017 spilte han for Rosenborg og har vunnet b\u00e5de Tippeligaen og cupen flere ganger. Han ble ogs\u00e5 k\u00e5ret til \u00c5rets forsvarspiller i Tippeligaen i 2015 og 2016.<\/p>\n<p>\u00d8nsker seg hjem &#8211; etter hvert<\/p>\n<p>Han har tidligere v\u00e6rt \u00e6rlig om at han \u00f8nsker \u00e5 avslutte fotballkarrieren i Norge.<\/p>\n<p>\u2013 Jeg har aldri lagt skjul p\u00e5 at jeg \u00f8nsker det. Men jeg vet jo at jeg blir eldre, og jeg m\u00e5 kjenne at jeg bidrar, sa han til Tr\u00f8nder-Avisa.<\/p>\n<p>P\u00e5 sp\u00f8rsm\u00e5l om han kan utelukke en RBK-retur mot tampen av karrieren, svarte Svensson <a href=\"https:\/\/www.t-a.no\/utelukker-ingen-rbk-retur-men-det-virker-ikke-a-bli-enda\/s\/5-116-2075908\" rel=\"Follow nofollow noopener\" target=\"_blank\">Tr\u00f8nder-Avisa<\/a> slik for ett \u00e5r siden:<\/p>\n<p>\u2013 Det sp\u00f8rsm\u00e5let m\u00e5tte komme ja! Nei, men utelukker jo ingenting. Det er jo som det er, og jeg f\u00f8lger med Rosenborg.<\/p>\n<p>  <a href=\"https:\/\/www.t-a.no\/5-116-2056735\" class=\"related-teaser has-image default-story-teaser article--c-eRUmMG article--c-eRUmMG-jKCPdD-design-default\" rel=\"nofollow noopener\" target=\"_blank\"><\/p>\n<p>    <img decoding=\"async\" loading=\"lazy\"  src=\"https:\/\/www.europesays.com\/no\/wp-content\/uploads\/2025\/12\/svenssonsd.png\" alt=\"\" class=\"brick-c-cFOWSL\" style=\"\"\/><\/p>\n<p>\n            Les ogs\u00e5<\/p>\n<p>              Jonas Svensson sjokkerer: \u2013 Du kan kalle det sodd-tyrkisk!\n        <\/p>\n<p>  <\/a><br \/>\n  Eier flere eiendommer<\/p>\n<p>Det er ikke f\u00f8rste gangen paret Svensson og Owesen har figurert p\u00e5 eiendomsoverdragelsene i Trondheim. I 2022 kj\u00f8pte de en leilighet p\u00e5 Lilleby for 6,4 millioner kroner \u2013 en eiendom de fortsatt eier.<\/p>\n<p>I tillegg er det en leilighet sentralt i Trondheim som er registrert i fotballproffens navn, og en enebolig i Verdal.<\/p>\n","protected":false},"excerpt":{"rendered":"(Nidaros): Fotballproff Jonas Svensson (32) og samboer Marthe Hamre Owesen har kj\u00f8p enebolig p\u00e5 Stokk\u00e5sen i Trondheim for&hellip;\n","protected":false},"author":2,"featured_media":114154,"comment_status":"","ping_status":"","sticky":false,"template":"","format":"standard","meta":{"footnotes":""},"categories":[59],"tags":[36,2525,2462,30,28,29,83,82,1510,2133],"class_list":{"0":"post-114153","1":"post","2":"type-post","3":"status-publish","4":"format-standard","5":"has-post-thumbnail","7":"category-sport","8":"tag-art","9":"tag-eiendom","10":"tag-jonas-svensson","11":"tag-no","12":"tag-norge","13":"tag-norway","14":"tag-sport","15":"tag-sports","16":"tag-story","17":"tag-verdal"},"share_on_mastodon":{"url":"https:\/\/pubeurope.com\/@no\/115725686994284661","error":""},"_links":{"self":[{"href":"https:\/\/www.europesays.com\/no\/wp-json\/wp\/v2\/posts\/114153","targetHints":{"allow":["GET"]}}],"collection":[{"href":"https:\/\/www.europesays.com\/no\/wp-json\/wp\/v2\/posts"}],"about":[{"href":"https:\/\/www.europesays.com\/no\/wp-json\/wp\/v2\/types\/post"}],"author":[{"embeddable":true,"href":"https:\/\/www.europesays.com\/no\/wp-json\/wp\/v2\/users\/2"}],"replies":[{"embeddable":true,"href":"https:\/\/www.europesays.com\/no\/wp-json\/wp\/v2\/comments?post=114153"}],"version-history":[{"count":0,"href":"https:\/\/www.europesays.com\/no\/wp-json\/wp\/v2\/posts\/114153\/revisions"}],"wp:featuredmedia":[{"embeddable":true,"href":"https:\/\/www.europesays.com\/no\/wp-json\/wp\/v2\/media\/114154"}],"wp:attachment":[{"href":"https:\/\/www.europesays.com\/no\/wp-json\/wp\/v2\/media?parent=114153"}],"wp:term":[{"taxonomy":"category","embeddable":true,"href":"https:\/\/www.europesays.com\/no\/wp-json\/wp\/v2\/categories?post=114153"},{"taxonomy":"post_tag","embeddable":true,"href":"https:\/\/www.europesays.com\/no\/wp-json\/wp\/v2\/tags?post=114153"}],"curies":[{"name":"wp","href":"https:\/\/api.w.org\/{rel}","templated":true}]}}