{"id":114157,"date":"2025-12-15T21:28:09","date_gmt":"2025-12-15T21:28:09","guid":{"rendered":"https:\/\/www.europesays.com\/no\/114157\/"},"modified":"2025-12-15T21:28:09","modified_gmt":"2025-12-15T21:28:09","slug":"selvsagt-liker-ikke-alle-stores-plan","status":"publish","type":"post","link":"https:\/\/www.europesays.com\/no\/114157\/","title":{"rendered":"Selvsagt liker ikke alle St\u00f8res plan"},"content":{"rendered":"\n<p class=\"_paragraph_o9xde_4 _paragraph_xtcu6_10 layout-component text-serif-m layout-normal text-serif-m layout-padded\">Da jeg var i tidlig 20-\u00e5rene, tegnet en kollega et diagram som jeg kom til \u00e5 tenke p\u00e5 under St\u00f8res pressekonferanse om \u00abPlan for Norge\u00bb. P\u00e5 den ene aksen skrev kollegaen min \u00abtrygg\u00bb, p\u00e5 den andre skrev han \u00abspennende\u00bb. For diagrammet handlet om menn: jo mer spennende en mann er, desto mindre trygg er han. Og motsatt. <\/p>\n<p class=\"_paragraph_o9xde_4 _paragraph_xtcu6_10 layout-component text-serif-m layout-normal text-serif-m layout-padded\">Poenget hans var at vi unge kvinner m\u00e5tte forst\u00e5 motsetningen mellom spenning og trygghet. Jeg aksepterte aldri den motsetningen. <\/p>\n<p class=\"_paragraph_o9xde_4 _paragraph_xtcu6_10 layout-component text-serif-m layout-normal text-serif-m layout-padded\">Men da jeg h\u00f8rte St\u00f8re snakke i dag, inns\u00e5 jeg at denne kollegaen kanskje hadde et poeng. <\/p>\n<p class=\"_paragraph_o9xde_4 _paragraph_xtcu6_10 layout-component text-serif-m layout-normal text-serif-m layout-padded\">I ukevis har St\u00f8re snakket om at det kommer en <a href=\"https:\/\/www.regjeringen.no\/no\/om-regjeringa\/noverande\/regjeringen-store\/regjeringens-plan-for-norge\/id3142802\/\" class=\"_link_o9xde_39\" rel=\"nofollow noopener\" target=\"_blank\">Plan for Norge<\/a>. Regjeringen har lekket deler av innholdet i forkant, b\u00e5de det som g\u00e5r p\u00e5 innvandring og helse. Dette er \u00e5penbart viktig for St\u00f8re. <\/p>\n<p class=\"_paragraph_o9xde_4 _paragraph_xtcu6_10 layout-component text-serif-m layout-normal text-serif-m layout-padded\">Mandag kom den. Endelig. <\/p>\n<p><img alt=\"Innstramminger i innvandringspolitikken er en del av regjeringens plan. Det ble kjent forrige uke.   Foto: Helge Mikalsen \/ VG\" class=\"_image_qp4xg_65 layout-component layout-normal\" data-fullscreen- data-track-element-type=\"Article image fullscreen\" data-track-name=\"ImageFullscreen\" decoding=\"async\" loading=\"lazy\" height=\"5412\" itemprop=\"image\"  src=\"https:\/\/www.europesays.com\/no\/wp-content\/uploads\/2025\/12\/d8b39ca8-8e50-4ec5-8537-8bb25dede0b9\"  style=\"object-position:0% 0%\" width=\"7068\"\/>Innstramminger i innvandringspolitikken er en del av regjeringens plan. Det ble kjent forrige uke.   Foto: Helge Mikalsen \/ VG<\/p>\n<p class=\"_paragraph_o9xde_4 _paragraph_xtcu6_10 layout-component text-serif-m layout-normal text-serif-m layout-padded\">Men en plan for trygghet i Norge f\u00e5r ikke blodet til \u00e5 bruse. Det er ikke n\u00f8dvendigvis noe galt i det.  En spennende plan er ikke n\u00f8dendigvis det landet trenger n\u00e5. <\/p>\n<p class=\"_paragraph_o9xde_4 _paragraph_xtcu6_10 layout-component text-serif-m layout-normal text-serif-m layout-padded\">Dette er en slags regjeringsplattform, et arbeidsdokument for hvordan Ap-regjeringen skal sette partiprogrammet ut i livet. Trygghet for \u00f8konomi, barn, helse, n\u00e6ringsliv og \u2013 for Norge. <\/p>\n<p class=\"_paragraph_o9xde_4 _paragraph_xtcu6_10 layout-component text-serif-m layout-normal text-serif-m layout-padded\">Regjeringen skal jobbe p\u00e5 en ny m\u00e5te fremover, if\u00f8lge St\u00f8re, med en rekke prosjekter under hver av disse prioriterte omr\u00e5dene. Det er naturligvis ekstremt viktig at regjeringen har velfungerende arbeidsprosesser. Men det er for mye \u00e5 forvente at vi som ikke sitter i regjeringen skal la oss rive med av endringene. <\/p>\n<p class=\"_paragraph_o9xde_4 _paragraph_xtcu6_10 layout-component text-serif-m layout-normal text-serif-m layout-padded\">Planen er gjennomg\u00e5ende vag. Det er, slik jeg har forst\u00e5tt det, helt bevisst. <\/p>\n<p class=\"_paragraph_o9xde_4 _paragraph_xtcu6_10 layout-component text-serif-m layout-normal text-serif-m layout-padded\">Erfaringen fra Hurdalsplattformen som Sp og Ap ble enige om etter 2021-valget var at den lange listen over tiltak regjeringen skulle gjennomf\u00f8re litt p\u00e5 siden av det som m\u00e5tte gj\u00f8res. <\/p>\n<p class=\"_paragraph_o9xde_4 _paragraph_xtcu6_10 layout-component text-serif-m layout-normal text-serif-m layout-padded\">Fullskalainvasjonen i Ukraina, energikrisen og Trumps presidentskap gjorde at den verdenen regjeringen m\u00e5tte forholde seg til var radikalt annerledes enn den St\u00f8re-regjeringen hadde planlagt for. <\/p>\n<p><img alt=\"Frp-leder Sylvi Listhaug var ikke s\u00e6rlig begeistret for St\u00f8re-regjeringens plan for de neste \u00e5rene. Noe annet ville v\u00e6rt en nyhet.  Foto: G\u00f8ran Bohlin \/ VG\" class=\"_image_qp4xg_65 layout-component layout-normal\" data-fullscreen- data-track-element-type=\"Article image fullscreen\" data-track-name=\"ImageFullscreen\" decoding=\"async\" loading=\"lazy\" height=\"4910\" itemprop=\"image\"  src=\"https:\/\/www.europesays.com\/no\/wp-content\/uploads\/2025\/12\/93317aa2-85c9-4cce-b463-68bc8ec4dc98\"  style=\"object-position:0% 0%\" width=\"6750\"\/>Frp-leder Sylvi Listhaug var ikke s\u00e6rlig begeistret for St\u00f8re-regjeringens plan for de neste \u00e5rene. Noe annet ville v\u00e6rt en nyhet.  Foto: G\u00f8ran Bohlin \/ VG<\/p>\n<p class=\"_paragraph_o9xde_4 _paragraph_xtcu6_10 layout-component text-serif-m layout-normal text-serif-m layout-padded\">Derfor er dokumentet \u00abPlan for Norge\u00bb laget for \u00e5 v\u00e6re mer fleksibelt. Regjeringens arbeid m\u00e5 kunne endres raskere, n\u00e5r tempoet utenfor stadig \u00f8ker. Ja, det finnes flere konkrete punkter i planen, men mest av alt er det runde formuleringer det vil v\u00e6re lett \u00e5 sno seg unna i ettertid. <\/p>\n<p class=\"_paragraph_o9xde_4 _paragraph_xtcu6_10 layout-component text-serif-m layout-normal text-serif-m layout-padded\">Dessuten m\u00e5 Ap-regjeringen s\u00f8ke st\u00f8tte i alle retninger. Her er minst mulig avskrekkende for samarbeidspartnere. Alle kanter er avrundet. <\/p>\n<p class=\"_paragraph_o9xde_4 _paragraph_xtcu6_10 layout-component text-serif-m layout-normal text-serif-m layout-padded\">Men <a href=\"https:\/\/www.vg.no\/nyheter\/i\/Pd3Jzp\/her-er-stoeres-plan-for-norge\" data-track-element-type=\"Link\" data-track-id=\"link:Pd3Jzp\" class=\"_link_o9xde_39\" rel=\"nofollow noopener\" target=\"_blank\">kritikken har kommet<\/a>, selvsagt. <\/p>\n<p class=\"_paragraph_o9xde_4 _paragraph_xtcu6_10 layout-component text-serif-m layout-normal text-serif-m layout-padded\">Frp-leder Sylvi Listhaug er aller mest misforn\u00f8yd: \u00abNorge trenger ikke mer planer og prat fra St\u00f8re-regjeringen\u00bb<\/p>\n<p class=\"_paragraph_o9xde_4 _paragraph_xtcu6_10 layout-component text-serif-m layout-normal text-serif-m layout-padded\">Venstres Guri Melby er kritisk til (den lille) plassen klima har f\u00e5tt.<\/p>\n<p class=\"_paragraph_o9xde_4 _paragraph_xtcu6_10 layout-component text-serif-m layout-normal text-serif-m layout-padded\">H\u00f8yre-leder Erna Solberg (ja, hun er fortsatt det) mener planen ikke er en plan: \u00abHva i alle dager er dette? Regjeringen presenterer fine ord, men ingen nye politiske l\u00f8sninger.\u00bb<\/p>\n<p class=\"_paragraph_o9xde_4 _paragraph_xtcu6_10 layout-component text-serif-m layout-normal text-serif-m layout-padded\">Det siste er helt rett. Det er lite nytt i \u00abPlan for Norge\u00bb. Noe annet ville v\u00e6rt oppsiktsvekkende: St\u00f8re skal gjennomf\u00f8re politikken han gikk til valg p\u00e5. <\/p>\n<p class=\"_paragraph_o9xde_4 _paragraph_xtcu6_10 layout-component text-serif-m layout-normal text-serif-m layout-padded\">N\u00e5r ingen andre partier uttrykker noen videre begeistring for planen, er det ikke s\u00e5 rart. Dette er ren Ap-politikk, som skal gjennomf\u00f8res av en ettpartiregjering. <\/p>\n<p class=\"_paragraph_o9xde_4 _paragraph_xtcu6_10 layout-component text-serif-m layout-normal text-serif-m layout-padded\">Uansett i hvilken form regjeringen presenterer politikken sin \u2013 som en plan, en podkast, en punktliste eller hva \u2013 skal velgerne d\u00f8mme dem p\u00e5 resultatene. De vil \u00e5penbare seg f\u00f8r neste valg uansett. <\/p>\n<p>   Dette er en kommentar. Kommentaren gir uttrykk for skribentens holdning. <\/p>\n","protected":false},"excerpt":{"rendered":"Da jeg var i tidlig 20-\u00e5rene, tegnet en kollega et diagram som jeg kom til \u00e5 tenke p\u00e5&hellip;\n","protected":false},"author":2,"featured_media":114158,"comment_status":"","ping_status":"","sticky":false,"template":"","format":"standard","meta":{"footnotes":""},"categories":[10],"tags":[20,21,24,25,15,22,23,13,30,28,29,14,16,26,27,103],"class_list":{"0":"post-114157","1":"post","2":"type-post","3":"status-publish","4":"format-standard","5":"has-post-thumbnail","7":"category-norge","8":"tag-breaking-news","9":"tag-breakingnews","10":"tag-featured-news","11":"tag-featurednews","12":"tag-headlines","13":"tag-latest-news","14":"tag-latestnews","15":"tag-news","16":"tag-no","17":"tag-norge","18":"tag-norway","19":"tag-nyheter","20":"tag-overskrifter","21":"tag-top-stories","22":"tag-topstories","23":"tag-vgmeninger"},"share_on_mastodon":{"url":"https:\/\/pubeurope.com\/@no\/115725710882712180","error":""},"_links":{"self":[{"href":"https:\/\/www.europesays.com\/no\/wp-json\/wp\/v2\/posts\/114157","targetHints":{"allow":["GET"]}}],"collection":[{"href":"https:\/\/www.europesays.com\/no\/wp-json\/wp\/v2\/posts"}],"about":[{"href":"https:\/\/www.europesays.com\/no\/wp-json\/wp\/v2\/types\/post"}],"author":[{"embeddable":true,"href":"https:\/\/www.europesays.com\/no\/wp-json\/wp\/v2\/users\/2"}],"replies":[{"embeddable":true,"href":"https:\/\/www.europesays.com\/no\/wp-json\/wp\/v2\/comments?post=114157"}],"version-history":[{"count":0,"href":"https:\/\/www.europesays.com\/no\/wp-json\/wp\/v2\/posts\/114157\/revisions"}],"wp:featuredmedia":[{"embeddable":true,"href":"https:\/\/www.europesays.com\/no\/wp-json\/wp\/v2\/media\/114158"}],"wp:attachment":[{"href":"https:\/\/www.europesays.com\/no\/wp-json\/wp\/v2\/media?parent=114157"}],"wp:term":[{"taxonomy":"category","embeddable":true,"href":"https:\/\/www.europesays.com\/no\/wp-json\/wp\/v2\/categories?post=114157"},{"taxonomy":"post_tag","embeddable":true,"href":"https:\/\/www.europesays.com\/no\/wp-json\/wp\/v2\/tags?post=114157"}],"curies":[{"name":"wp","href":"https:\/\/api.w.org\/{rel}","templated":true}]}}