{"id":114171,"date":"2025-12-15T21:43:08","date_gmt":"2025-12-15T21:43:08","guid":{"rendered":"https:\/\/www.europesays.com\/no\/114171\/"},"modified":"2025-12-15T21:43:08","modified_gmt":"2025-12-15T21:43:08","slug":"trump-far-refs-etter-rob-reiner-kommentar","status":"publish","type":"post","link":"https:\/\/www.europesays.com\/no\/114171\/","title":{"rendered":"Trump f\u00e5r refs etter Rob Reiner-kommentar"},"content":{"rendered":"\n<p class=\"_lead_o9xde_2 _lead_xtcu6_50 layout-component text-serif-m layout-normal text-serif-l layout-component layout-wide layout-padded _wide_17hqh_1 layout-padded\">Republikanere og andre reagerer p\u00e5 Donald Trumps p\u00e5stander etter drapet p\u00e5 regiss\u00f8r Rob Reiner (78) og kona Michele Singer Reiner (68). <\/p>\n<p><img alt=\" Foto: Kevin Wolf \/ AP \/ NTB\" class=\"_image_qp4xg_65 layout-component layout-wide\" data-fullscreen- data-track-element-type=\"Article image fullscreen\" data-track-name=\"ImageFullscreen\" fetchpriority=\"high\" decoding=\"sync\" loading=\"eager\" height=\"3446\" itemprop=\"image\"  src=\"https:\/\/www.europesays.com\/no\/wp-content\/uploads\/2025\/12\/758e1c28-a393-425d-8982-4d83c0d9ba93\"  style=\"object-position:44.01673640167364% 40.38015089959373%\" width=\"4780\"\/> Foto: Kevin Wolf \/ AP \/ NTB<\/p>\n<ul aria-hidden=\"true\" class=\"_images_ntbth_112\">\n<li><a class=\"_link_ntbth_117\" href=\"https:\/\/www.vg.no\/forfatter\/hannah-solstad-klepp\" style=\"z-index:1\" title=\"Hannah Solstad Klepp\" rel=\"nofollow noopener\" target=\"_blank\"><img alt=\"Bilde av Hannah Solstad Klepp\" class=\"_image_ntbth_93\" fetchpriority=\"low\" loading=\"lazy\" decoding=\"async\" itemprop=\"image\"  src=\"https:\/\/www.europesays.com\/no\/wp-content\/uploads\/2025\/12\/1765834987_449_f811f9c1-64f7-4c50-9133-b5735831a650\"  width=\"480\"\/><\/a><\/li>\n<\/ul>\n<p> Oppdatert mandag 15. desember kl. 22:19    <\/p>\n<ul class=\"_list_o9xde_3 _list_64s2r_85 _unordered_o9xde_106 text-sans-m\">\n<li class=\"_item_o9xde_30\">Rob Reiner og kona Michele Singer Reiner ble funnet drept i sitt hjem i Los Angeles.<\/li>\n<li class=\"_item_o9xde_30\">S\u00f8nnen Nick Reiner er p\u00e5grepet og mistenkt for drapene.<\/li>\n<li class=\"_item_o9xde_30\">Donald Trump kom med en uttalelse p\u00e5 Truth Social.<\/li>\n<li class=\"_item_o9xde_30\">Han skal ogs\u00e5 ha kalt Reiner for \u00aben forstyrret person\u00bb.<\/li>\n<li class=\"_item_o9xde_30\">Flere kjente personer kritiserer Trumps uttalelse.<\/li>\n<\/ul>\n<p>Vis mer <\/p>\n<p class=\"_paragraph_o9xde_4 _paragraph_xtcu6_10 layout-component text-serif-m layout-normal text-serif-m layout-padded\">Ekteparet ble s\u00f8ndag <a href=\"https:\/\/www.vg.no\/i\/WvLMMK\" data-track-element-type=\"Link\" data-track-id=\"link:WvLMMK\" class=\"_link_o9xde_39\" rel=\"nofollow noopener\" target=\"_blank\">funnet drept<\/a> i sitt hjem i Los Angeles. <\/p>\n<p class=\"_paragraph_o9xde_4 _paragraph_xtcu6_10 layout-component text-serif-m layout-normal text-serif-m layout-padded\">Politiet bekreftet mandag kveld at s\u00f8nnen Nick Reiner (31) er p\u00e5grepet, og mistenkt for drapene.<\/p>\n<p class=\"_paragraph_o9xde_4 _paragraph_xtcu6_10 layout-component text-serif-m layout-normal text-serif-m layout-padded\">Reiner var en av <a href=\"https:\/\/www.vg.no\/tag\/hollywood?utm_source=vg-article&amp;utm_medium=auto-tagger&amp;utm_campaign=7plkAv\" class=\"_link_o9xde_39\" rel=\"nofollow noopener\" target=\"_blank\">Hollywoods<\/a> mest aktive demokrater og en skarp Trump-kritiker. <\/p>\n<p class=\"_paragraph_o9xde_4 _paragraph_xtcu6_10 layout-component text-serif-m layout-normal text-serif-m layout-padded\">I 2017 kalte han Trump \u00abmentalt uegnet\u00bb til \u00e5 v\u00e6re president, if\u00f8lge <a href=\"https:\/\/apnews.com\/article\/trump-rob-michele-reiner-be544eacd7ba69b058ed75d076290e93\" class=\"_link_o9xde_39\" rel=\"nofollow noopener\" target=\"_blank\">AP<\/a>.<\/p>\n<p><img alt=\"Foto: Aaron Schwartz \/ Reuters \/ NTB\" class=\"_image_qp4xg_65 layout-component layout-normal\" data-fullscreen- data-track-element-type=\"Article image fullscreen\" data-track-name=\"ImageFullscreen\" decoding=\"async\" loading=\"lazy\" height=\"2812\" itemprop=\"image\"  src=\"https:\/\/www.europesays.com\/no\/wp-content\/uploads\/2025\/12\/76f1a23d-f014-46c8-ac20-76c377fa9c45\"  style=\"object-position:53.47238405965975% 32.7524893314367%\" width=\"4291\"\/>Foto: Aaron Schwartz \/ Reuters \/ NTB<\/p>\n<p class=\"_paragraph_o9xde_4 _paragraph_xtcu6_10 layout-component text-serif-m layout-normal text-serif-m layout-padded\">Flere kjente personer har delt sine kondolanser i sosiale medier. Blant andre tidligere president Joe Biden.<\/p>\n<p class=\"_paragraph_o9xde_4 _paragraph_xtcu6_10 layout-component text-serif-m layout-normal layout-padded\"><strong class=\"_strong_o9xde_25\">Les ogs\u00e5:<\/strong> <a href=\"https:\/\/www.vg.no\/i\/WvLMMK\" data-track-element-type=\"Link\" data-track-id=\"link:WvLMMK\" class=\"_link_o9xde_39\" rel=\"nofollow noopener\" target=\"_blank\">Politiet bekrefter: S\u00f8nnen mistenkt for drap<\/a><\/p>\n<p class=\"_paragraph_o9xde_4 _paragraph_xtcu6_10 layout-component text-serif-m layout-normal text-serif-m layout-padded\">\u00abJill og jeg sender v\u00e5re dypeste kondolanser til alle som ble ber\u00f8rt av Rob Reiner og Michele Singer Reiners enest\u00e5ende bidrag. Vi finner tr\u00f8st i \u00e5 vite at arbeidet deres vil leve videre i generasjoner.\u00bb, skrev han p\u00e5 X.<\/p>\n<p class=\"_root_1xq52_1\" lang=\"en\" dir=\"auto\">Jill and I send our deepest condolences to everyone whose lives were touched by Rob Reiner and Michele Singer Reiner\u2019s extraordinary contributions. We take solace in knowing their work will live on for generations to come.<\/p>\n<p class=\"_paragraph_o9xde_4 _paragraph_xtcu6_10 layout-component text-serif-m layout-normal text-serif-m layout-padded\">Skuespiller Kevin Bacon (67) sier han var overlykkelig over \u00e5 f\u00e5 en rolle i en av Reiners filmer, \u00abA Few Good Men\u00bb. Det kommer fram i en post p\u00e5 Instagram.<\/p>\n<p class=\"_paragraph_o9xde_4 _paragraph_xtcu6_10 layout-component text-serif-m layout-normal text-serif-m layout-padded\">Men i et innlegg p\u00e5 Truth Social fra president Donald Trump var tonen en litt annen: <\/p>\n<p class=\"_paragraph_o9xde_4 _paragraph_xtcu6_10 layout-component text-serif-m layout-normal text-serif-m layout-padded\">\u00abEn veldig trist ting skjedde i g\u00e5r kveld i Hollywood. Rob Reiner, en plaget og strevende, men en gang sv\u00e6rt talentfull filmregiss\u00f8r og komediestjerne, har g\u00e5tt bort, sammen med sin kone, Michele \u2013 angivelig p\u00e5 grunn av sinnet han fikk fram i andre gjennom sin enorme, urokkelige og uhelbredelige lidelse av en tankelammende sykdom kjent som Trump Derangement Syndrome\u00bbTrump Derangement Syndrome\u00bbTrump-forstyrrelsessyndrom (TDS) er et nedsettende begrep som brukes for \u00e5 beskrive negative reaksjoner p\u00e5 USAs president Donald Trump ., skrev han.<\/p>\n<p><img alt=\"Foto: Skjermdump \/ Truth Social\" class=\"_image_qp4xg_65 layout-component layout-normal\" data-fullscreen- data-track-element-type=\"Article image fullscreen\" data-track-name=\"ImageFullscreen\" decoding=\"async\" loading=\"lazy\" height=\"592\" itemprop=\"image\"  src=\"https:\/\/www.europesays.com\/no\/wp-content\/uploads\/2025\/12\/4596ab0e-2c23-40f9-8b84-3f0461112262\"  style=\"object-position:0% 0%\" width=\"590\"\/>Foto: Skjermdump \/ Truth Social<\/p>\n<p class=\"_paragraph_o9xde_4 _paragraph_xtcu6_10 layout-component text-serif-m layout-normal text-serif-m layout-padded\">Han skrev videre at Reiner \u00abvar kjent for \u00e5 ha gjort folk gale med sin rasende besettelse av president Donald J. Trump\u00bb.<\/p>\n<p class=\"_paragraph_o9xde_4 _paragraph_xtcu6_10 layout-component text-serif-m layout-normal text-serif-m layout-padded\">Innlegget har f\u00e5tt sterk kritikk fra flere hold: <\/p>\n<p class=\"_paragraph_o9xde_4 _paragraph_xtcu6_10 layout-component text-serif-m layout-normal text-serif-m layout-padded\">To republikanere som begge har v\u00e6rt i konflikt med Trump de siste m\u00e5nedene,\u00a0<a href=\"https:\/\/x.com\/repmtg\/status\/2000597575901327850?s=46\" class=\"_link_o9xde_39\" rel=\"nofollow\">Marjorie Taylor Greene<\/a>\u00a0fra Georgia og\u00a0<a href=\"https:\/\/x.com\/RepThomasMassie\/status\/2000597616674193616?s=20\" class=\"_link_o9xde_39\" rel=\"nofollow\">Thomas Massie<\/a>\u00a0fra Kentucky, kritiserte ham p\u00e5 X mandag.<\/p>\n<p class=\"_paragraph_o9xde_4 _paragraph_xtcu6_10 layout-component text-serif-m layout-normal text-serif-m layout-padded\">Thomas Massie kalte kommentaren \u00abupassende og respektl\u00f8s\u00bb.<\/p>\n<p class=\"_root_1xq52_1\" lang=\"en\" dir=\"auto\">Regardless of how you felt about Rob Reiner, this is inappropriate and disrespectful discourse about a man who was just brutally murdered. I guess my elected GOP colleagues, the VP, and White House staff will just ignore it because they\u2019re afraid? I challenge anyone to defend it.<\/p>\n<p class=\"_paragraph_o9xde_4 _paragraph_xtcu6_10 layout-component text-serif-m layout-normal text-serif-m layout-padded\">\u2013 Dette er en familietragedie, ikke om politikk eller politiske fiender, skrev kongressmedlem Marjorie Taylor Greene.<\/p>\n<p class=\"_root_1xq52_1\" lang=\"en\" dir=\"auto\">Rob Reiner and his wife were tragically killed at the hands of their own son, who reportedly had drug addiction and other issues, and their remaining children are left in serious mourning and heartbreak.<\/p>\n<p>This is a family tragedy, not about politics or political enemies.<\/p>\n<p>Many<\/p>\n<p class=\"_paragraph_o9xde_4 _paragraph_xtcu6_10 layout-component text-serif-m layout-normal text-serif-m layout-padded\">Flere kjente personer har ogs\u00e5 kritisert presidenten.<\/p>\n<p class=\"_paragraph_o9xde_4 _paragraph_xtcu6_10 layout-component text-serif-m layout-normal text-serif-m layout-padded\">\u00abDette er en forferdelig ting \u00e5 si om en mann som nettopp ble myrdet av sin vanskeligstilte s\u00f8nn\u00bb, skriver den britiske TV-mannen, Piers Morgan.<\/p>\n<p class=\"_root_1xq52_1\" lang=\"en\" dir=\"auto\">This is a dreadful thing to say about a man who just got murdered by his troubled son.<br \/>\nDelete it, Mr President <a href=\"https:\/\/x.com\/realDonaldTrump\" class=\"_root_eihfa_1\" target=\"_blank\" rel=\"noopener noreferrer nofollow\">@realDonaldTrump<\/a> .<\/p>\n<p class=\"_paragraph_o9xde_4 _paragraph_xtcu6_10 layout-component text-serif-m layout-normal text-serif-m layout-padded\">Den amerikanske kommentatoren, Keith Edwards, sier uttalelsen til Trump et \u00abmotbydelig\u00bb.<\/p>\n<p class=\"_root_1xq52_1\" lang=\"en\" dir=\"auto\">I&#8217;m at a loss for words. This is disgusting.<\/p>\n<p class=\"_paragraph_o9xde_4 _paragraph_xtcu6_10 layout-component text-serif-m layout-normal text-serif-m layout-padded\">Den amerikanske aktivisten og tidligere musikkvideo-regiss\u00f8r Robby Starbuck sier han at man burde be for og sende kondolanser til hans kj\u00e6re, og ikke gj\u00f8re det politisk.<\/p>\n<p class=\"_root_1xq52_1\" lang=\"en\" dir=\"auto\">What happened last night to Rob Reiner and his wife was a savage butchering of 2 human lives. I don\u2019t care what their politics were or how they felt about Trump, no law abiding human deserves this. We should pray for + send condolences to his loved ones and NOT make it political.<\/p>\n<p class=\"_root_175ot_1\" lang=\"en\" dir=\"auto\">JUST IN &#8211; Trump says Rob Reiner and wife have passed away &laquo;reportedly due to the anger he caused others through his massive, unyielding, and incurable affliction with a mind crippling disease known as TRUMP DERANGEMENT SYNDROME.&raquo;<\/p>\n<p class=\"_paragraph_o9xde_4 _paragraph_xtcu6_10 layout-component text-serif-m layout-normal text-serif-m layout-padded\">Jenna Ellis, en tidligere advokat for Trumps kampanje kalte budskapet hans \u00abikke passende\u00bb.<\/p>\n<p class=\"_root_1xq52_1\" lang=\"en\" dir=\"auto\">A man and his wife were murdered last night. This is NOT the appropriate response.<\/p>\n<p>The Right uniformly condemned political and celebratory responses to Charlie Kirk\u2019s death. This is a horrible example from Trump (and surprising considering the two attempts on his own life) and<\/p>\n<p class=\"_paragraph_o9xde_4 _paragraph_xtcu6_10 layout-component text-serif-m layout-normal text-serif-m layout-padded\">Trumps uttalelse kom mens politiet fortsatt etterforsker drapet p\u00e5 ekteparet.<\/p>\n<p class=\"_paragraph_o9xde_4 _paragraph_xtcu6_10 layout-component text-serif-m layout-normal text-serif-m layout-padded\">I kj\u00f8lvannet av innlegget p\u00e5 Truth Social skal presidenten p\u00e5 nytt ha kritisert regiss\u00f8ren i Det ovale kontor.<\/p>\n<p class=\"_paragraph_o9xde_4 _paragraph_xtcu6_10 layout-component text-serif-m layout-normal text-serif-m layout-padded\">\u2013 Jeg var ikke noen fan av ham i det hele tatt. Han ble som en forstyrret person \u2013 \u00abTrump derangement syndrome\u00bb. Jeg syntes han var veldig d\u00e5rlig for landet v\u00e5rt, skal han ha sagt, if\u00f8lge <a href=\"https:\/\/edition.cnn.com\/entertainment\/live-news\/homicide-detectives-investigating-at-address-connected-with-hollywood-director-rob-reiner\" class=\"_link_o9xde_39\" rel=\"nofollow noopener\" target=\"_blank\">CNN<\/a>.<\/p>\n","protected":false},"excerpt":{"rendered":"Republikanere og andre reagerer p\u00e5 Donald Trumps p\u00e5stander etter drapet p\u00e5 regiss\u00f8r Rob Reiner (78) og kona Michele&hellip;\n","protected":false},"author":2,"featured_media":114172,"comment_status":"","ping_status":"","sticky":false,"template":"","format":"standard","meta":{"footnotes":""},"categories":[58],"tags":[576,71,80,30,28,29,72],"class_list":{"0":"post-114171","1":"post","2":"type-post","3":"status-publish","4":"format-standard","5":"has-post-thumbnail","7":"category-underholdning","8":"tag-dodsfall","9":"tag-entertainment","10":"tag-hollywood","11":"tag-no","12":"tag-norge","13":"tag-norway","14":"tag-underholdning"},"share_on_mastodon":{"url":"https:\/\/pubeurope.com\/@no\/115725769743149622","error":""},"_links":{"self":[{"href":"https:\/\/www.europesays.com\/no\/wp-json\/wp\/v2\/posts\/114171","targetHints":{"allow":["GET"]}}],"collection":[{"href":"https:\/\/www.europesays.com\/no\/wp-json\/wp\/v2\/posts"}],"about":[{"href":"https:\/\/www.europesays.com\/no\/wp-json\/wp\/v2\/types\/post"}],"author":[{"embeddable":true,"href":"https:\/\/www.europesays.com\/no\/wp-json\/wp\/v2\/users\/2"}],"replies":[{"embeddable":true,"href":"https:\/\/www.europesays.com\/no\/wp-json\/wp\/v2\/comments?post=114171"}],"version-history":[{"count":0,"href":"https:\/\/www.europesays.com\/no\/wp-json\/wp\/v2\/posts\/114171\/revisions"}],"wp:featuredmedia":[{"embeddable":true,"href":"https:\/\/www.europesays.com\/no\/wp-json\/wp\/v2\/media\/114172"}],"wp:attachment":[{"href":"https:\/\/www.europesays.com\/no\/wp-json\/wp\/v2\/media?parent=114171"}],"wp:term":[{"taxonomy":"category","embeddable":true,"href":"https:\/\/www.europesays.com\/no\/wp-json\/wp\/v2\/categories?post=114171"},{"taxonomy":"post_tag","embeddable":true,"href":"https:\/\/www.europesays.com\/no\/wp-json\/wp\/v2\/tags?post=114171"}],"curies":[{"name":"wp","href":"https:\/\/api.w.org\/{rel}","templated":true}]}}