{"id":114173,"date":"2025-12-15T21:47:32","date_gmt":"2025-12-15T21:47:32","guid":{"rendered":"https:\/\/www.europesays.com\/no\/114173\/"},"modified":"2025-12-15T21:47:32","modified_gmt":"2025-12-15T21:47:32","slug":"fra-utbrenthet-til-inspirasjon-med-friar-og-bokutgivelse","status":"publish","type":"post","link":"https:\/\/www.europesays.com\/no\/114173\/","title":{"rendered":"Fra utbrenthet til inspirasjon med fri\u00e5r og bokutgivelse"},"content":{"rendered":"<p>\u2013 Vi la ingen planer p\u00e5 forh\u00e5nd, men vi hadde hver v\u00e5r forventningsliste, sier Maria Almli.<\/p>\n<p>Men da ektemannen Bj\u00f8rn Godal fortalte at han ville bruke tiden p\u00e5 \u00e5 tenke gjennom livet, var Maria bestemt p\u00e5 at det ville ikke hun. Etter utmattelses-smellen noen \u00e5r tidligere, hadde hun tenkt mer enn nok.<\/p>\n<p>\u2013 Med s\u00e5 mye fri, ble det likevel \u00e5pnet plass i hodet, slik at minner, erfaringer og f\u00f8lelser kom opp i meg. Det var umulig \u00e5 g\u00e5 forbi, og jeg f\u00f8ler meg helere etter den indre reisen, sier Maria.<\/p>\n<p>    <a itemprop=\"url\" href=\"https:\/\/www.kk.no\/livet\/vi-endte-i-de-samme-kranglene-igjen-og-igjen\/83843369\" rel=\"nofollow noopener\" target=\"_blank\"><\/p>\n<p>        <img loading=\"lazy\" decoding=\"async\" src=\"https:\/\/www.europesays.com\/no\/wp-content\/uploads\/2025\/12\/1765835237_374_83925869.webp\" width=\"980\" height=\"441\" title=\"- Vi endte i de samme kranglene igjen og igjen\" alt=\"\" class=\"lazyload\" style=\"--aspect-ratio-image: 2.22; \"\/><\/p>\n<p>        &#8211; Vi endte i de samme kranglene igjen og igjen<\/p>\n<p>    <\/a><\/p>\n<p>\u2013 Samtidig skrev jeg dagbok for \u00e5 bearbeide det som skjedde, gleder og bekymringer. Etter fire m\u00e5neder fant jeg ut at skribleriene kunne bli en bok. Jeg trodde det skulle bli en bok med reiseskildringer, og det ble ogs\u00e5 det. Men boken handler vel s\u00e5 mye om hva som kan skje inni oss n\u00e5r vi hopper av hamsterhjulet og lever litt saktere. Jeg h\u00e5per beskrivelsene i boken kan inspirere andre b\u00e5de til \u00e5 v\u00e6re mer ute i naturen, og tenke nytt om sine egne muligheter.<\/p>\n<p>\u00a0\u00abDagbok fra et fri\u00e5r\u00bb, med undertittelen \u00abEn \u00e6rlig og sanselig reise gjennom naturen, \u00e5ret og livet\u00bb ble utgitt p\u00e5 Kolofon Forlag i september 2025.<\/p>\n<p>        <img loading=\"lazy\" decoding=\"async\" src=\"https:\/\/www.europesays.com\/no\/wp-content\/uploads\/2025\/12\/83955072.webp\" width=\"686\" height=\"947\" title=\"Maria har alltid trivdes ute i naturen, et ekte friluftsmenneske. FOTO: Privat\" alt=\"\" class=\"\" style=\"--aspect-ratio-image: 0.72; \"\/><\/p>\n<p>\n        Maria har alltid trivdes ute i naturen, et ekte friluftsmenneske. FOTO: Privat\n    <\/p>\n<p>    <a itemprop=\"url\" href=\"https:\/\/www.kk.no\/livet\/jeg-ble-brannskadet-og-puppen-ble-helt-brun\/83898548\" rel=\"nofollow noopener\" target=\"_blank\"><\/p>\n<p>        <img loading=\"lazy\" decoding=\"async\" src=\"https:\/\/www.europesays.com\/no\/wp-content\/uploads\/2025\/12\/83898632.webp\" width=\"980\" height=\"441\" title=\"- Jeg ble brannskadet, og puppen ble helt brun\" alt=\"\" class=\"lazyload\" style=\"--aspect-ratio-image: 2.22; \"\/><\/p>\n<p>        &#8211; Jeg ble brannskadet, og puppen ble helt brun <\/p>\n<p>    <\/a><\/p>\n<p>Hektiske hverdager\t<\/p>\n<p>Maria er blant annet kjent fra programmet \u00abMaria fra Steigen\u00bb i serien \u00abUt i naturen\u00bb p\u00e5 NRK i 2012, og hun har deltatt p\u00e5 flere radio- og tv-programmer. Hun deltar i podkaster og har mange f\u00f8lgere p\u00e5 Instagram profilen @hverdagsjeger. Maria er sosiolog, har jobbet som forsker, hun er spaltist og foredragsholder. Hun har ogs\u00e5 hatt flere nasjonale styreverv.<\/p>\n<p>\u2013 Jeg er opptatt av distriktsutvikling. Hvorfor noen velger \u00e5 bo p\u00e5 bygda, mens andre velger det bort, sier Maria.<\/p>\n<p>\u2013 Jeg er selv oppvokst p\u00e5 bygda og \u00f8nsket det samme for mine tre barn, som n\u00e5 er 19, 22 og 26 \u00e5r. Andre kan ikke tenke seg et bygdeliv. Det er interessant \u00e5 finne ut hvilke mekanismer som foreg\u00e5r her.<\/p>\n<p>Maria snakker med KK p\u00e5 telefonen.<a href=\"https:\/\/www.stoffskifte.org\/marias-lange-reise-med-hashimotos-ble-bok\" rel=\"nofollow noopener\" target=\"_blank\"> Saken ble f\u00f8rst omtalt p\u00e5 nettstedet til Stoffskifteforbundet.<\/a><\/p>\n<p>Sine f\u00f8rste fire leve\u00e5r tilbrakte Maria i Tr\u00f8ndelag, f\u00f8r familien flyttet til Steigen. Hun forteller om en fin, fri og aktiv barndom, der barna seilte p\u00e5 isflak, grillet krabber og hjalp til p\u00e5 g\u00e5rden. Hun har alltid v\u00e6rt opptatt av friluftsliv, og tok sine egne barn med fra de var sm\u00e5.\u00a0<\/p>\n<p>\u2013 Jeg studerte og jobbet etter hvert veldig mye. Jeg syntes det var artig, og s\u00e5 ikke farene ved \u00e5 alltid ha masse planer, avtaler og noe jeg m\u00e5tte rekke, sier Maria.<\/p>\n<p>\u2013 Den gangen forsto jeg ikke at selv morsomme ting krever energi, slik at den totale belastningen kunne bli for stor. Jeg elsket \u00e5 formidle det jeg tror p\u00e5 gjennom tv og radio, og inns\u00e5 ikke hvor krevende det faktisk var. Plutselig begynte kroppen \u00e5 streike, og det ble inn og ut av legevakt og akutten p\u00e5 grunn av sterke og diffuse smerter.<\/p>\n<p>I tillegg til jobb og frivillig engasjement, trente Maria trente enormt mye, stort sett hver dag. Hun mente det var en m\u00e5te \u00e5 f\u00f8le kontroll p\u00e5, kjenne styrke og f\u00e5 et mentalt frirom. I dag sier Maria at hun nesten trente i stykker kroppen. Hun l\u00f8p fra det ene til det andre, og p\u00e5f\u00f8rte seg selv to hjernerystelser ved \u00e5 stange hodet i en skapd\u00f8r og en hylle, fordi alt skulle g\u00e5 s\u00e5 fort. Hun var i gang med en doktorgrad da kroppen streiket i 2016. Doktorgraden ble aldri fullf\u00f8rt, men Maria l\u00e6rte mye annet.<\/p>\n<p>    <a itemprop=\"url\" href=\"https:\/\/www.kk.no\/livet\/pappaen-og-jeg-satt-pa-hver-var-side-av-sengen-og-holdt-ham-i-hendene-1\/83898405\" rel=\"nofollow noopener\" target=\"_blank\"><\/p>\n<p>        <img loading=\"lazy\" decoding=\"async\" src=\"https:\/\/www.europesays.com\/no\/wp-content\/uploads\/2025\/12\/1765835244_846_83898434.webp\" width=\"980\" height=\"441\" title=\"\u2013 Vi satt p\u00e5 hver v\u00e5r side av sengen og holdt ham i hendene\" alt=\"\" class=\"lazyload\" style=\"--aspect-ratio-image: 2.22; \"\/><\/p>\n<p>        \u2013 Vi satt p\u00e5 hver v\u00e5r side av sengen og holdt ham i hendene<\/p>\n<p>    <\/a><\/p>\n<p>        <img loading=\"lazy\" decoding=\"async\" src=\"https:\/\/www.europesays.com\/no\/wp-content\/uploads\/2025\/12\/83955066.webp\" width=\"686\" height=\"810\" title=\"FOTO: Privat\" alt=\"\" class=\"\" style=\"--aspect-ratio-image: 0.85; \"\/><\/p>\n<p>\n        FOTO: Privat\n    <\/p>\n<p>Stoffskiftesykdommen ble oppdaget\t<\/p>\n<p>I 2016 sa kroppen fra om det hodet ikke skj\u00f8nte. Maria fikk sterke ryggsmerter og ble totalt utmattet. Hun hadde for lenge gapt over for mye, og kroppen kollapset. I tillegg til altfor mye jobb, trening og reising, hadde det ogs\u00e5 skjedd ting p\u00e5 privaten. Det var d\u00f8dsfall i familien og Maria gikk gjennom et samlivsbrudd som ga dyp kj\u00e6rlighetssorg.\u00a0<\/p>\n<p>\u2013 Denne gangen hjalp det ikke \u00e5 trene enda mer. I stedet ble jeg liggende i fosterstilling p\u00e5 sofaen uten \u00e5 kjenne livsglede. Det var helt ulikt meg, og jeg hadde ikke noe annet valg enn \u00e5 ta symptomene p\u00e5 alvor, sier Maria, som brukte lang tid p\u00e5 \u00e5 komme til hektene.\u00a0<\/p>\n<p>I 2019 var hun tilbake i 60 prosent stilling, i tillegg frilanset hun.<\/p>\n<p>\u2013 F\u00f8rst i 2022, etter at jeg hadde v\u00e6rt kjemped\u00e5rlig av korona og slet med post Covid, ble stoffskiftesykdommen oppdaget, sier Maria.<\/p>\n<p>Hun fikk diagnosen lavt stoffskifte og Hashimotos, hadde h\u00f8y puls og var samtidig sliten. N\u00e5 begynte utpr\u00f8vningen med medisin, som stadig m\u00e5tte justeres. En periode var hun overmedisinert, og veldig d\u00e5rlig. Etter hvert har hun f\u00e5tt stoffskiftet under kontroll, men m\u00e5 ta blodpr\u00f8ver hver tredje m\u00e5ned. \u00c5 ta n\u00f8dvendige blodpr\u00f8ver og f\u00f8lge opp n\u00e6ringsmangler anser hun som en billig livsforsikring.<\/p>\n<p>        <img loading=\"lazy\" decoding=\"async\" src=\"https:\/\/www.europesays.com\/no\/wp-content\/uploads\/2025\/12\/83955078.webp\" width=\"686\" height=\"460\" title=\"KRONISK: - Det har v\u00e6rt vanskelig \u00e5 akseptere de begrensningene en kronisk sykdom gir. FOTO: Karoline O A Pettersen\" alt=\"\" class=\"\" style=\"--aspect-ratio-image: 1.49; \"\/><\/p>\n<p>\n        KRONISK: &#8211; Det har v\u00e6rt vanskelig \u00e5 akseptere de begrensningene en kronisk sykdom gir. FOTO: Karoline O A Pettersen\n    <\/p>\n<p>\u2013 Jeg regner meg som frisk n\u00e5, selv om jeg alltid vil ha Hashimotos. Det har v\u00e6rt vanskelig \u00e5 akseptere de begrensningene en kronisk sykdom gir, men fri\u00e5ret hjalp meg med dette ogs\u00e5, sier Maria.<\/p>\n<p>\u2013 Jeg er opptatt av \u00e5 inspirere andre, som kanskje tror at det er bare som student eller f\u00f8r man etablerer seg man kan f\u00e5 til en slik reise. Med god planlegging og med helsen p\u00e5 lag, er det meste mulig, ogs\u00e5 midt i livet.<\/p>\n<p>    Hashimotos tyreoiditt<\/p>\n<ul>\n<li class=\"lab-bodytext-line\">Hashimotos tyreoiditt er en kronisk tilstand som hyppigst forekommer hos middelaldrende kvinner. For noen starter tilstanden med h\u00f8yt stoffskifte, hypertyreose. Senere kan tilstanden skifte, og stoffskiftet blir lavt, det oppst\u00e5r hypotyreose. Symptomene avhenger av graden av forh\u00f8yet eller for lavt stoffskifte. Det kan dannes en struma, en hevelse der skjoldkjertelen ligger p\u00e5 forsiden av halsen.\u00a0<\/li>\n<li class=\"lab-bodytext-line\">Ved for h\u00f8yt stoffskifte kan pasienten ha symptomer som hjertebank, tretthet, vekttap og svetting. Ved for lavt stoffskifte forteller pasienten ofte om generell slapphet, vekt\u00f8kning, \u00f8kt f\u00f8lsomhet for kulde og diffuse muskelsmerter.\u00a0<\/li>\n<li class=\"lab-bodytext-line\">Autoantistoffer mot skjoldkjertelen kan p\u00e5vises hos opptil ti prosent i den generelle befolkningen, og i USA er det p\u00e5vist hos omtrent 25 prosent av kvinner eldre enn 60 \u00e5r. Antall nye tilfeller per \u00e5r er beregnet til \u00e5 v\u00e6re 0,3 til 1,5 tilfeller per 1000 personer.\u00a0<\/li>\n<\/ul>\n<p class=\"italic m-italic\" data-lab-italic=\"italic\">Kilde: NHI.NO<\/p>\n<p>      Vis mer<br \/>\n      Vis mindre<\/p>\n<p>Begynte \u00f8konomiplanlegging tidlig\t<\/p>\n<p>Allerede i 2018 spurte Maria kj\u00e6resten om de skulle ta et fri\u00e5r n\u00e5r hun ble frisk nok. Hun beskriver Bj\u00f8rn som en eventyrer og det var friluftslivet som f\u00f8rte de to sammen. De ble enige om fri\u00e5r i 2023 og informerte arbeidsgivere, familie og venner. S\u00e5 sparte de der de kunne. Begge hadde faste trekk fra kontoen og de hadde mikrotrekk p\u00e5 kortet. De lot v\u00e6re \u00e5 pusse opp badet, selv om det egentlig sto p\u00e5 planen, de kj\u00f8pte verken kl\u00e6r eller noe s\u00e6rlig annet.<\/p>\n<p>\u2013 Fordi vi hadde den store gulroten om et fri\u00e5r foran oss, og ikke minst fordi vi var like dedikerte begge to, gikk det greit. Men hovedinntekten fikk vi av \u00e5 leie ut huset v\u00e5rt det \u00e5ret vi var borte, forklarer Maria.<\/p>\n<p>\u2013 Vi har en liten hytte uten vann og str\u00f8m i S\u00f8rfold kommune i Indre Salten, og vi startet fri\u00e5ret der 1. juli 2023. Hytta ble v\u00e5r base gjennom \u00e5ret, vi hakket hull i isen og badet, og vi lagret turutstyret v\u00e5rt der, sier Maria.<\/p>\n<p>\u2013 De f\u00f8rste dagene hadde vi nok med \u00e5 lande og puste oss opp. Det var utrolig befriende \u00e5 vite at vi kunne disponere tiden v\u00e5r akkurat slik vi \u00f8nsket.<\/p>\n<p>    <a itemprop=\"url\" href=\"https:\/\/www.kk.no\/livet\/jeg-haper-jeg-ikke-er-altfor-syk-hvis-jeg-far-barnebarn\/83892983\" rel=\"nofollow noopener\" target=\"_blank\"><\/p>\n<p>        <img loading=\"lazy\" decoding=\"async\" src=\"https:\/\/www.europesays.com\/no\/wp-content\/uploads\/2025\/12\/1765835250_334_83893004.webp\" width=\"980\" height=\"441\" title=\"\u2013 Jeg h\u00e5per jeg ikke er altfor syk hvis jeg f\u00e5r barnebarn\" alt=\"\" class=\"lazyload\" style=\"--aspect-ratio-image: 2.22; \"\/><\/p>\n<p>        \u2013 Jeg h\u00e5per jeg ikke er altfor syk hvis jeg f\u00e5r barnebarn<\/p>\n<p>    <\/a><\/p>\n<p>Maria hadde imidlertid problemer med \u00e5 stole p\u00e5 kroppen sin igjen. Hun var usikker p\u00e5 hvor mye kroppen ville t\u00e5le. Det viste seg at full oppakning ble for tungt for Maria, men hun f\u00f8lte det skamfullt at Bj\u00f8rn skulle b\u00e6re mer av fellesutstyret. For Bj\u00f8rn var det helt greit, det var ogs\u00e5 han som passet p\u00e5 at de tok ofte nok pauser, slik at Maria fikk hentet seg inn. Hun f\u00f8lte seg som en brems i forhold til ham, men kjente at hun ikke kunne klatre like bratt eller g\u00e5 like fort.<\/p>\n<p>\u2013 Vi l\u00e6rte oss \u00e5 kommunisere p\u00e5 en ny m\u00e5te, ved \u00e5 v\u00e6re avklart, b\u00e5de inni oss og overfor hverandre, sier Maria.<\/p>\n<p>\u2013 Jeg l\u00e6rte meg \u00e5 v\u00e6re tro mot meg selv og finne ut hva jeg ville. Bj\u00f8rn og jeg har alltid v\u00e6rt \u00e6rlige mot hverandre, og n\u00e5 m\u00e5tte vi v\u00e6re enda tydeligere i alle situasjoner. Dette har jeg tatt med meg videre, ogs\u00e5 overfor andre, og med det st\u00e5r st\u00e5r st\u00f8digere i meg selv. Det er en god f\u00f8lelse.<\/p>\n<p>Maria og Bj\u00f8rn brukte ulike fremkomstmidler, men de forlot ikke turf\u00f8lelsen en eneste gang. De gikk i fjellet, jaktet ryper, fisket, rodde, gikk p\u00e5 ski, seilte og de kj\u00f8pte interrailbilletter og tok toget til s\u00f8rspissen av Italia. Der fikk Maria korona igjen, og ble skikkelig d\u00e5rlig. Men alt gikk bra, og bekymringene for egen helse ble svakere etter hvert. Maria pr\u00f8vde ikke \u00e5 unng\u00e5 utfordringer, for dem var det mange av p\u00e5 turen. Hun kjente p\u00e5 en intens mestringsf\u00f8lelse n\u00e5r hun gjorde noe hun ikke hadde gjort f\u00f8r.<\/p>\n<p>\u2013 Vi bestemte oss plutselig for \u00e5 kj\u00f8pe en Colin Archer seilb\u00e5t, og da var det viktig for meg ikke \u00e5 bli en dame som bare slenger ut fendere. Ikke noe galt i det, men det passer ikke for meg, sier Maria og ler.<\/p>\n<p>Hun valgte \u00e5 ta b\u00e5tf\u00f8rerpr\u00f8ven og lot knapt Bj\u00f8rn legge til p\u00e5 den to m\u00e5neders lange seilturen fra Fredrikstad til Steigen.<\/p>\n<p>        <img loading=\"lazy\" decoding=\"async\" src=\"https:\/\/www.europesays.com\/no\/wp-content\/uploads\/2025\/12\/83955075.webp\" width=\"686\" height=\"515\" title=\"Maria er glad for at kj\u00e6resten er med p\u00e5 sunn galskap... FOTO: Privat\" alt=\"\" class=\"\" style=\"--aspect-ratio-image: 1.33; \"\/><\/p>\n<p>\n        Maria er glad for at kj\u00e6resten er med p\u00e5 sunn galskap&#8230; FOTO: Privat\n    <\/p>\n<p>Nytt kapittel\t<\/p>\n<p>Ekteparet la inn bes\u00f8k hos familie og venner underveis n\u00e5r de gikk i Norge, og holdt kontakt med b\u00e5de barna og andre. De satte ogs\u00e5 pris p\u00e5 menneskem\u00f8tene i bygdene de kom innom. Et par ganger gjorde de aktiviteter hver for seg.<\/p>\n<p>\u2013 P\u00e5 rideturene, der jeg ikke hadde Bj\u00f8rn \u00e5 lene meg p\u00e5, opplevde jeg en annen mestringsf\u00f8lelse. Der var jeg ingen pyse eller brems, tvert imot, sier Maria, som ogs\u00e5 hadde stor glede av det sosiale samv\u00e6ret med resten av gruppen.<\/p>\n<p>\u2013 Og akkurat det hadde selvf\u00f8lelsen min godt av.<\/p>\n<p>I l\u00f8pet av fri\u00e5ret klarte Maria \u00e5 finne tilbake til seg selv, til den naive ungdommen som ikke lot bekymringer styre livet, men sa \u00abI can do it!\u00bb.<\/p>\n<p>\u00c5ret ga ro til \u00e5 tenke over hva de ville gj\u00f8re med resten av livet sitt. Bj\u00f8rn s\u00f8kte ny jobb i Bod\u00f8, og fikk den. Maria pr\u00f8vde \u00e5 reise tilbake til sitt gamle liv i Steigen, men kjente at hun ikke ville v\u00e6re der hun hadde blitt s\u00e5 syk. Hun var redd tungsinn og gamle tankem\u00f8nster skulle komme tilbake.\u00a0<\/p>\n<p>\u2013 Det har ikke noe med plassen \u00e5 gj\u00f8re, det handler om hva \u00e5ret hadde endret inne i meg, sier Maria, som n\u00e5 bor i Sandnessj\u00f8en.\u00a0<\/p>\n<p>Hun har l\u00e6rt \u00e5 ta n\u00f8dvendige hensyn til stoffskiftesykdommen, og er takknemlig for Bj\u00f8rns m\u00e5te \u00e5 h\u00e5ndtere hennes begrensninger p\u00e5, og for at kj\u00e6resten er med p\u00e5 sunn galskap, som \u00e5 ta 365 dager fri. Akkurat n\u00e5 m\u00e5 de pendle for \u00e5 bes\u00f8ke hverandre, men forholdet er s\u00e5 sterkt, at det t\u00e5ler avstanden. Begge gleder seg over det nye kapittelet i livet.<\/p>\n<p>\u2013 Jeg tror ikke jeg hadde blitt s\u00e5 frisk uten fri\u00e5ret og alt det forl\u00f8ste i meg. N\u00e5 h\u00e5per jeg boken kan inspirere andre til \u00e5 ta litt utradisjonelle valg, selv om de er etablerte med familie og jobb, sier Maria.<\/p>\n","protected":false},"excerpt":{"rendered":"\u2013 Vi la ingen planer p\u00e5 forh\u00e5nd, men vi hadde hver v\u00e5r forventningsliste, sier Maria Almli. Men da&hellip;\n","protected":false},"author":2,"featured_media":114174,"comment_status":"","ping_status":"","sticky":false,"template":"","format":"standard","meta":{"footnotes":""},"categories":[10],"tags":[20,21,24,25,13892,15,22,23,13891,4016,13,30,28,29,14,16,26,27,6447],"class_list":{"0":"post-114173","1":"post","2":"type-post","3":"status-publish","4":"format-standard","5":"has-post-thumbnail","7":"category-norge","8":"tag-breaking-news","9":"tag-breakingnews","10":"tag-featured-news","11":"tag-featurednews","12":"tag-hashimoto-tyroiditt","13":"tag-headlines","14":"tag-latest-news","15":"tag-latestnews","16":"tag-lavt-stoffskifte","17":"tag-livet","18":"tag-news","19":"tag-no","20":"tag-norge","21":"tag-norway","22":"tag-nyheter","23":"tag-overskrifter","24":"tag-top-stories","25":"tag-topstories","26":"tag-utbrent"},"share_on_mastodon":{"url":"https:\/\/pubeurope.com\/@no\/115725785409035213","error":""},"_links":{"self":[{"href":"https:\/\/www.europesays.com\/no\/wp-json\/wp\/v2\/posts\/114173","targetHints":{"allow":["GET"]}}],"collection":[{"href":"https:\/\/www.europesays.com\/no\/wp-json\/wp\/v2\/posts"}],"about":[{"href":"https:\/\/www.europesays.com\/no\/wp-json\/wp\/v2\/types\/post"}],"author":[{"embeddable":true,"href":"https:\/\/www.europesays.com\/no\/wp-json\/wp\/v2\/users\/2"}],"replies":[{"embeddable":true,"href":"https:\/\/www.europesays.com\/no\/wp-json\/wp\/v2\/comments?post=114173"}],"version-history":[{"count":0,"href":"https:\/\/www.europesays.com\/no\/wp-json\/wp\/v2\/posts\/114173\/revisions"}],"wp:featuredmedia":[{"embeddable":true,"href":"https:\/\/www.europesays.com\/no\/wp-json\/wp\/v2\/media\/114174"}],"wp:attachment":[{"href":"https:\/\/www.europesays.com\/no\/wp-json\/wp\/v2\/media?parent=114173"}],"wp:term":[{"taxonomy":"category","embeddable":true,"href":"https:\/\/www.europesays.com\/no\/wp-json\/wp\/v2\/categories?post=114173"},{"taxonomy":"post_tag","embeddable":true,"href":"https:\/\/www.europesays.com\/no\/wp-json\/wp\/v2\/tags?post=114173"}],"curies":[{"name":"wp","href":"https:\/\/api.w.org\/{rel}","templated":true}]}}