{"id":114175,"date":"2025-12-15T21:48:17","date_gmt":"2025-12-15T21:48:17","guid":{"rendered":"https:\/\/www.europesays.com\/no\/114175\/"},"modified":"2025-12-15T21:48:17","modified_gmt":"2025-12-15T21:48:17","slug":"elevundersokelsen-laerer-reagerer-pa-vinkling-i-media","status":"publish","type":"post","link":"https:\/\/www.europesays.com\/no\/114175\/","title":{"rendered":"Elevunders\u00f8kelsen: L\u00e6rer reagerer p\u00e5 vinkling i media"},"content":{"rendered":"\n<p>Anniken S\u00e6tre Ulvestad  Lektor med tilleggsutdanning, Tiller videreg\u00e5ende skole<\/p>\n<p>Publisert:<br \/>\n  15. desember 2025 kl. 20:48<br \/>\n  Oppdatert:<br \/>\n  15. desember 2025 kl. 20:48\n <\/p>\n<p>Dette er et debattinnlegg. Det gir uttrykk for debattantens egen holdning.<\/p>\n<p><strong>N\u00e5r jeg leser<\/strong> denne artikkelen og at Tiller videreg\u00e5ende skole er \u00abnummer to p\u00e5 verstinglista\u00bb, <a href=\"https:\/\/www.nettavisen.no\/nyheter\/stor-oversikt-her-blir-flest-mobbet-pa-videregaende-skole\/s\/5-95-2774435?fbclid=IwdGRjcAOoHXFjbGNrA6gdZmV4dG4DYWVtAjExAHNydGMGYXBwX2lkDDM1MDY4NTUzMTcyOAABHsPymGUXJEcVWf6VXUI0KqeIFa-gutXCZkfFs7tCp48TvTPC-ObQOcKwdAz4_aem_FG5daNjyCOyCY-ar2aBHEA\" rel=\"noopener nofollow\" target=\"_blank\">som Nettavisen meget unyansert p\u00e5peker<\/a>, f\u00f8ler jeg et behov for \u00e5 forsvare arbeidsplassen min som jeg er s\u00e5 glad i.<\/p>\n<p>Unyansert og motsigende er ordene som best beskriver informasjonen du f\u00e5r n\u00e5r du leser denne artikkelen. Den er unyansert blant annet fordi det ikke st\u00e5r noe om hvor stor svarprosent det var p\u00e5 unders\u00f8kelsen. Som regel er det de elevene som har opplevd noe ugreit som tar disse unders\u00f8kelsene mest alvorlig. Og dagens ungdom har nok et mer liberalt syn p\u00e5 hva mobbing er enn det vi voksne har. B\u00e5de erting, konflikter og uenigheter faller innenfor begrepet \u00abmobbing\u00bb hos mange ungdommer i dag.<\/p>\n<p><strong>I tillegg<\/strong> legger jeg merke til at artikkelen sier at det er \u00aben rekke skoler som ikke har oppgitt tallene for alle skoletrinnene\u00bb, og \u00aben rekke skoler og trinn er ogs\u00e5 unntatt offentligheten eller skjermet fra \u00e5 oppgi tallene\u00bb. Da synes jeg Nettavisens ordvalg om Tiller vgs. som \u00abnummer to p\u00e5 verstinglista\u00bb er un\u00f8dvendig skarp og d\u00f8mmende. Det er ikke til \u00e5 stikke under stol at Tiller vgs. har et visst rykte p\u00e5 seg blant folk i Trondheim, og slike artikler som dette er med p\u00e5 \u00e5 opprettholde det ryktet.<\/p>\n<p><a href=\"https:\/\/www.adressa.no\/debatt\/i\/0pE05A\/oekt-frihet-for-hvilke-elever\" rel=\"nofollow noopener\" target=\"_blank\"> <img decoding=\"async\" src=\"data:image\/gif;base64,R0lGODlhEAAJAIAAAP\/\/\/wAAACH5BAEAAAAALAAAAAAQAAkAAAIKhI+py+0Po5yUFQA7\" alt=\"\"\/>   \u00d8kt frihet for hvilke elever?   <\/a> <a href=\"https:\/\/www.adressa.no\/debatt\/i\/GxlkAV\/karakterbasert-inntak\" rel=\"nofollow noopener\" target=\"_blank\"> <img decoding=\"async\" src=\"data:image\/gif;base64,R0lGODlhEAAJAIAAAP\/\/\/wAAACH5BAEAAAAALAAAAAAQAAkAAAIKhI+py+0Po5yUFQA7\" alt=\"\"\/>   Karak\u00adterba\u00adsert inntak  <\/a> <\/p>\n<p><strong>Tiller vgs. har<\/strong> sine problemer, men jeg har til gode \u00e5 h\u00f8re om de skolene som ikke har noen problemer. I tillegg synes jeg det er viktig \u00e5 p\u00e5peke at Tiller vgs. er en mangfoldig og flerkulturell skole, og at dette kanskje er en av grunnene til at mange har fordommer mot skolen. Men er det noe elevene p\u00e5 Tiller vgs. har med seg ut i samfunnet n\u00e5r de har f\u00e5tt vitnem\u00e5let sitt, s\u00e5 er det i hvert fall \u00e5pne, tolerante og im\u00f8tekommende holdninger mot andre mennesker, uavhengig av etnisitet, hudfarge og religion. Og det er viktigere enn noen gang slik som verden er i dag.<\/p>\n<p><strong>Ordet som sl\u00e5r meg<\/strong> n\u00e5r jeg leser at Tiller vgs. tydeligvis har h\u00f8ye mobbetall, men ogs\u00e5 scorer h\u00f8yt p\u00e5 trivsel, er \u00abmotsigende\u00bb. For det henger ikke helt p\u00e5 greip i mitt hode. Vi som er l\u00e6rere ved Tiller vgs. vet meget godt at mange elever bytter til Tiller fra andre skoler nettopp p\u00e5 grunn av milj\u00f8et, for de har h\u00f8rt fra andre ungdommer at det er et godt milj\u00f8 p\u00e5 skolen. Og det er ogs\u00e5 det inntrykket jeg har n\u00e5r jeg er sammen med elevene.<\/p>\n<p><strong>Tiller vgs. har<\/strong> et ufortjent d\u00e5rlig rykte p\u00e5 seg, og artikler som dette bidrar til \u00e5 opprettholde det. Mitt inntrykk er at ryktet bunner i fordommer, og hvis du kjenner deg igjen i dette negative synet p\u00e5 Tiller vgs., eller mennesker med annen etnisitet, hudfarge eller religion for den del, s\u00e5 oppfordrer jeg deg til \u00e5 reflektere litt rundt hvorfor det er tilfellet.<\/p>\n<p><strong>Hva mener du? Send inn din tekst til <a href=\"https:\/\/www.adressa.no\/debatt\/i\/16kzxW\/mailto:debatt@adresseavisen.no\" rel=\"noopener nofollow\" target=\"_blank\">debatt@adresseavisen.no<\/a> eller delta i debatten i kommentarfeltet nederst \u2013 og husk fullt navn!<\/strong><\/p>\n","protected":false},"excerpt":{"rendered":"Anniken S\u00e6tre Ulvestad Lektor med tilleggsutdanning, Tiller videreg\u00e5ende skole Publisert: 15. desember 2025 kl. 20:48 Oppdatert: 15. desember&hellip;\n","protected":false},"author":2,"featured_media":114176,"comment_status":"","ping_status":"","sticky":false,"template":"","format":"standard","meta":{"footnotes":""},"categories":[5],"tags":[20,21,37,13612,24,25,15,19,22,23,17,18,13,30,28,29,14,16,804,7538,13893,26,27,132,2209],"class_list":{"0":"post-114175","1":"post","2":"type-post","3":"status-publish","4":"format-standard","5":"has-post-thumbnail","7":"category-overskrifter","8":"tag-breaking-news","9":"tag-breakingnews","10":"tag-debatt","11":"tag-elevundersokelsen","12":"tag-featured-news","13":"tag-featurednews","14":"tag-headlines","15":"tag-hovedoppslag","16":"tag-latest-news","17":"tag-latestnews","18":"tag-main-news","19":"tag-mainnews","20":"tag-news","21":"tag-no","22":"tag-norge","23":"tag-norway","24":"tag-nyheter","25":"tag-overskrifter","26":"tag-skole","27":"tag-tiller","28":"tag-tiller-videregaende-skole","29":"tag-top-stories","30":"tag-topstories","31":"tag-utdanning","32":"tag-videregaende-skole"},"share_on_mastodon":{"url":"https:\/\/pubeurope.com\/@no\/115725788932793243","error":""},"_links":{"self":[{"href":"https:\/\/www.europesays.com\/no\/wp-json\/wp\/v2\/posts\/114175","targetHints":{"allow":["GET"]}}],"collection":[{"href":"https:\/\/www.europesays.com\/no\/wp-json\/wp\/v2\/posts"}],"about":[{"href":"https:\/\/www.europesays.com\/no\/wp-json\/wp\/v2\/types\/post"}],"author":[{"embeddable":true,"href":"https:\/\/www.europesays.com\/no\/wp-json\/wp\/v2\/users\/2"}],"replies":[{"embeddable":true,"href":"https:\/\/www.europesays.com\/no\/wp-json\/wp\/v2\/comments?post=114175"}],"version-history":[{"count":0,"href":"https:\/\/www.europesays.com\/no\/wp-json\/wp\/v2\/posts\/114175\/revisions"}],"wp:featuredmedia":[{"embeddable":true,"href":"https:\/\/www.europesays.com\/no\/wp-json\/wp\/v2\/media\/114176"}],"wp:attachment":[{"href":"https:\/\/www.europesays.com\/no\/wp-json\/wp\/v2\/media?parent=114175"}],"wp:term":[{"taxonomy":"category","embeddable":true,"href":"https:\/\/www.europesays.com\/no\/wp-json\/wp\/v2\/categories?post=114175"},{"taxonomy":"post_tag","embeddable":true,"href":"https:\/\/www.europesays.com\/no\/wp-json\/wp\/v2\/tags?post=114175"}],"curies":[{"name":"wp","href":"https:\/\/api.w.org\/{rel}","templated":true}]}}