{"id":114177,"date":"2025-12-15T21:50:10","date_gmt":"2025-12-15T21:50:10","guid":{"rendered":"https:\/\/www.europesays.com\/no\/114177\/"},"modified":"2025-12-15T21:50:10","modified_gmt":"2025-12-15T21:50:10","slug":"bachelor-sverige-paret-avslorer-brudd-etter-a-ha-blitt-foreldre","status":"publish","type":"post","link":"https:\/\/www.europesays.com\/no\/114177\/","title":{"rendered":"\u00abBachelor Sverige\u00bb-paret avsl\u00f8rer brudd etter \u00e5 ha blitt foreldre"},"content":{"rendered":"<p class=\"kicker \" style=\"\">Deler trist nyhet<\/p>\n<p>  \u00abKj\u00e6rligheten fortsetter, men som familie og ikke som par\u00bb, skriver paret.\u00a0<\/p>\n<p>\n    BUNNL\u00d8S SORG: Realityparet gledet seg over \u00e5 bli foreldre for f\u00f8rste gang. Slik ble det dessverre ikke. Foto: Skjermdump fra Instagram\n  <\/p>\n<p>Reality-deltakerne <a href=\"https:\/\/www.seher.no\/kjendis\/i-sorg-gir-hverandre-styrke\/78241616\" rel=\"nofollow noopener\" target=\"_blank\">Sebastian Martinsson (31) og Ida Nordfors (28)<\/a> m\u00f8ttes for aller f\u00f8rste gang i den svenske versjonen av \u00abBachelor\u00bb i 2021. N\u00e5 avsl\u00f8rer paret at de g\u00e5r hver til sitt.\u00a0\u00a0<\/p>\n<p>Bruddnyheten kommer etter at realityparet i begynnelsen av 2024 ble foreldre for f\u00f8rste gang til s\u00f8nnen Theodor.\u00a0<\/p>\n<p>    <a itemprop=\"url\" href=\"https:\/\/www.dagbladet.no\/kjendis\/tv-stjerna-er-dod\/83987855\" rel=\"nofollow noopener\" target=\"_blank\"><\/p>\n<p>        <img loading=\"lazy\" decoding=\"async\" src=\"https:\/\/www.europesays.com\/no\/wp-content\/uploads\/2025\/12\/83987723.webp\" width=\"980\" height=\"441\" title=\"TV-stjerna er d\u00f8d\" alt=\"\" class=\"lazyload\" style=\"--aspect-ratio-image: 2.22; \"\/><\/p>\n<p>        TV-stjerna er d\u00f8d<\/p>\n<p>    <\/a><\/p>\n<p>&#8211; Dypt takknemlige\t<\/p>\n<p>\u00abN\u00e5 tar livet en annen retning, og kj\u00e6rligheten mellom oss fortsetter, men som familie og ikke som par\u00bb, skriver de i et felles Instagram-innlegg.<\/p>\n<p>Paret deler flere svart-hvite bilder fra forholdet sitt og uttrykker takknemlighet for tiden de hadde sammen.<\/p>\n<p>\u00abVi elsker hverandre og er dypt takknemlige for at livet f\u00f8rte oss sammen og dessuten ga oss Theodor\u00bb, skriver de.<\/p>\n<p>Eksparet f\u00e5r st\u00f8tte i kommentarfeltet fra fansen og realitykollegaer, deriblant fra Simon Lindstr\u00f6m som var med i samme \u00abBachelor\u00bb-sesong.<\/p>\n<p>\u00abKj\u00e6rlighet til dere\u00bb, skriver han under innlegget.<\/p>\n<p>        T\u00c5RER: Danby Chor r\u00f8k ut av \u00abSkal vi danse\u00bb. Dansepartner Norunn Ringvoll tok til t\u00e5rene etter sjokkexiten. Video: Karolina Grace Rusov-Hansen \/ Sanne Holt.<\/p>\n<p>Sebastian og Ida understreker videre at selv om ting ikke alltid blir som man tenker seg, s\u00e5 blir det bra likevel.\u00a0<\/p>\n<p>Tragedie\t<\/p>\n<p>\u00c5ret etter at paret fant lykken i realityprogrammet kom den gledelige nyheten om at de ventet sitt f\u00f8rste barn sammen.<\/p>\n<p>Knappe to m\u00e5neder senere<a href=\"https:\/\/www.seher.no\/kjendis\/i-sorg-gir-hverandre-styrke\/78241616\" rel=\"nofollow noopener\" target=\"_blank\"> kom kontrabeskjeden om at paret har mistet sitt lille barn<\/a> som f\u00f8lge av en spontanabort.<\/p>\n<p>Den triste nyheten delte paret selv p\u00e5 Instagram.<\/p>\n<p>\u00abDet som har v\u00e6rt noen av de lykkeligste ukene i v\u00e5rt liv ble etterfulgt av noen av de t\u00f8ffeste dagene vi noensinne har opplevd\u00bb, er blant det 26-\u00e5ringen skrev i Instagram-innlegget.<\/p>\n<p>Videre delte paret at sorgen n\u00e6rmest var uutholdelig \u00e5 b\u00e6re p\u00e5.<\/p>\n<p>\u00abFordi kroppen min ikke forsto at fosteret hadde sluttet \u00e5 leve, fortsatte jeg \u00e5 v\u00e6re gravid i flere uker\u00bb, forklarte realityprofilen.<\/p>\n","protected":false},"excerpt":{"rendered":"Deler trist nyhet \u00abKj\u00e6rligheten fortsetter, men som familie og ikke som par\u00bb, skriver paret.\u00a0 BUNNL\u00d8S SORG: Realityparet gledet&hellip;\n","protected":false},"author":2,"featured_media":114178,"comment_status":"","ping_status":"","sticky":false,"template":"","format":"standard","meta":{"footnotes":""},"categories":[58],"tags":[71,13894,479,2543,30,28,29,13895,4033,72],"class_list":{"0":"post-114177","1":"post","2":"type-post","3":"status-publish","4":"format-standard","5":"has-post-thumbnail","7":"category-underholdning","8":"tag-entertainment","9":"tag-ida-nordfors","10":"tag-kjendis","11":"tag-kjendisdesken","12":"tag-no","13":"tag-norge","14":"tag-norway","15":"tag-sebastian-martinsson","16":"tag-the-bachelor","17":"tag-underholdning"},"share_on_mastodon":{"url":"https:\/\/pubeurope.com\/@no\/115725797034772827","error":""},"_links":{"self":[{"href":"https:\/\/www.europesays.com\/no\/wp-json\/wp\/v2\/posts\/114177","targetHints":{"allow":["GET"]}}],"collection":[{"href":"https:\/\/www.europesays.com\/no\/wp-json\/wp\/v2\/posts"}],"about":[{"href":"https:\/\/www.europesays.com\/no\/wp-json\/wp\/v2\/types\/post"}],"author":[{"embeddable":true,"href":"https:\/\/www.europesays.com\/no\/wp-json\/wp\/v2\/users\/2"}],"replies":[{"embeddable":true,"href":"https:\/\/www.europesays.com\/no\/wp-json\/wp\/v2\/comments?post=114177"}],"version-history":[{"count":0,"href":"https:\/\/www.europesays.com\/no\/wp-json\/wp\/v2\/posts\/114177\/revisions"}],"wp:featuredmedia":[{"embeddable":true,"href":"https:\/\/www.europesays.com\/no\/wp-json\/wp\/v2\/media\/114178"}],"wp:attachment":[{"href":"https:\/\/www.europesays.com\/no\/wp-json\/wp\/v2\/media?parent=114177"}],"wp:term":[{"taxonomy":"category","embeddable":true,"href":"https:\/\/www.europesays.com\/no\/wp-json\/wp\/v2\/categories?post=114177"},{"taxonomy":"post_tag","embeddable":true,"href":"https:\/\/www.europesays.com\/no\/wp-json\/wp\/v2\/tags?post=114177"}],"curies":[{"name":"wp","href":"https:\/\/api.w.org\/{rel}","templated":true}]}}