{"id":114183,"date":"2025-12-15T22:03:29","date_gmt":"2025-12-15T22:03:29","guid":{"rendered":"https:\/\/www.europesays.com\/no\/114183\/"},"modified":"2025-12-15T22:03:29","modified_gmt":"2025-12-15T22:03:29","slug":"coop-rigges-for-videre-vekst-finnmark-nordland-og-trondelag-gar-sammen-i-allianse-altaposten-no","status":"publish","type":"post","link":"https:\/\/www.europesays.com\/no\/114183\/","title":{"rendered":"(+) Coop rigges for videre vekst: Finnmark, Nordland og Tr\u00f8ndelag g\u00e5r sammen i allianse &#8211; altaposten.no"},"content":{"rendered":"<ol>\n<li><a href=\"https:\/\/news.google.com\/rss\/articles\/CBMixAFBVV95cUxOLXZFQWJUVTVqTjctTklxM0cwRTlRSm5nb1A0SWpVX0JHTkVCM3M0U3RxMkJlUHQydEEtcHItODlBcUg1YUExUjQ3b21TMExWaThpOERDWjZwRXBfbUZHYkNNVjJqdDZtNmswTmoybllGZnRKZXBCTlVoMUdTT2Fuc0RneHhrTExuVVFVOWtEWmhmZ1hKWHhNb05NczhyTzNQbGQ2YVNHS1YxWTR5UlJwZUY4QkNXdkpnWUZiYjlZekNvSFZD?oc=5\" target=\"_blank\" rel=\"nofollow noopener\">(+) Coop rigges for videre vekst: Finnmark, Nordland og Tr\u00f8ndelag g\u00e5r sammen i allianse<\/a>&nbsp;&nbsp;altaposten.no<\/li>\n<li><a href=\"https:\/\/news.google.com\/rss\/articles\/CBMieEFVX3lxTE9JYmpHelYzMVNzMW52M1BNNkcyUGdGMkhNbUFNWE1hcGh0RVVYbUVOTy03U2xoWE9FMFZOaEQ3eXdOV3dlUVZBbmtDSXpZVVRvRmtmQUpSTzRoaEx0WlNkSmZfRTV0YTR0LVZrcUpMYWVDQnNCSWw0Yg?oc=5\" target=\"_blank\" rel=\"nofollow noopener\">Dagligvare\u00adkjempen varsler sammensl\u00e5ing<\/a>&nbsp;&nbsp;adressa.no<\/li>\n<li><a href=\"https:\/\/news.google.com\/rss\/articles\/CBMisgFBVV95cUxQdHFrVXB6MXpJdFVHMmhseVpCd1NTaU1oZVV6ZF9YU3ZNUHFySzIwQlFNaHBCQVE5Z1BTODRXc1FDaHlFQkFIb3I1SDB0VVRNWDdnYUcxUnZKWndGSVh0cTg3WDRWeHZaU3RsdHZySzA2U2Z5QjZIcXI0WU90MHF4UFlzbEpwN0VMWWV6SHpDVTRfS0dfeGdvT3pSQkJ1cDg3ODJ1ZDhoUkhVRzRfdk81QjBn?oc=5\" target=\"_blank\" rel=\"nofollow noopener\">Sl\u00e5r seg sammen: \u2013 Utrolig viktig for folk over hele Norge<\/a>&nbsp;&nbsp;mn24.no<\/li>\n<li><a href=\"https:\/\/news.google.com\/rss\/articles\/CBMiigFBVV95cUxQUWxLTmI5VkE4V3VING5PamRHams2S1duX1F2STBTaVdpU3FJOXZuTUhBRXdGbGprY180VndNTWdJd25LLTdJRFRzYUhaRlRvTHktOUpLQm5LZ2RudlAzSl9mWVJVN0RiRkpQTXlfZjVFaFAzMVBKeldOOVA4MWVJNWRQcG9NeXNyLUE?oc=5\" target=\"_blank\" rel=\"nofollow noopener\">N\u00e6ringsliv, Coop | Coop-fusjon \u2013 n\u00e5 f\u00e5r tr\u00f8nderne mer i kj\u00f8peutbytte<\/a>&nbsp;&nbsp;Tr\u00f8nder-Avisa<\/li>\n<li><a href=\"https:\/\/news.google.com\/rss\/articles\/CBMihAFBVV95cUxNZmNlZXJuNTVGdENQb3lvM19EZjExTXhaVEVTQ25sVkt6VHRKMmpUWHpDZjVMcGFfTjVZY3YtU0IxUm5uV1dGVWFzR19qZmFpdC1KTkxLYWlEbjNaSW1SYjBOUElQUmp0SVZRMHltM191NlV4TV9Td3BDeEZNR0ZjRDBqQkQ?oc=5\" target=\"_blank\" rel=\"nofollow noopener\">Handels\u00adgiganter sl\u00e5r seg sammen<\/a>&nbsp;&nbsp;tronderbladet.no<\/li>\n<\/ol>\n","protected":false},"excerpt":{"rendered":"(+) Coop rigges for videre vekst: Finnmark, Nordland og Tr\u00f8ndelag g\u00e5r sammen i allianse&nbsp;&nbsp;altaposten.no Dagligvare\u00adkjempen varsler sammensl\u00e5ing&nbsp;&nbsp;adressa.no Sl\u00e5r&hellip;\n","protected":false},"author":2,"featured_media":114184,"comment_status":"","ping_status":"","sticky":false,"template":"","format":"standard","meta":{"footnotes":""},"categories":[56],"tags":[60,1749,61,62,30,28,29],"class_list":{"0":"post-114183","1":"post","2":"type-post","3":"status-publish","4":"format-standard","5":"has-post-thumbnail","7":"category-naeringsliv","8":"tag-business","9":"tag-coop","10":"tag-economy","11":"tag-naeringsliv","12":"tag-no","13":"tag-norge","14":"tag-norway"},"share_on_mastodon":{"url":"https:\/\/pubeurope.com\/@no\/115725847941503145","error":""},"_links":{"self":[{"href":"https:\/\/www.europesays.com\/no\/wp-json\/wp\/v2\/posts\/114183","targetHints":{"allow":["GET"]}}],"collection":[{"href":"https:\/\/www.europesays.com\/no\/wp-json\/wp\/v2\/posts"}],"about":[{"href":"https:\/\/www.europesays.com\/no\/wp-json\/wp\/v2\/types\/post"}],"author":[{"embeddable":true,"href":"https:\/\/www.europesays.com\/no\/wp-json\/wp\/v2\/users\/2"}],"replies":[{"embeddable":true,"href":"https:\/\/www.europesays.com\/no\/wp-json\/wp\/v2\/comments?post=114183"}],"version-history":[{"count":0,"href":"https:\/\/www.europesays.com\/no\/wp-json\/wp\/v2\/posts\/114183\/revisions"}],"wp:featuredmedia":[{"embeddable":true,"href":"https:\/\/www.europesays.com\/no\/wp-json\/wp\/v2\/media\/114184"}],"wp:attachment":[{"href":"https:\/\/www.europesays.com\/no\/wp-json\/wp\/v2\/media?parent=114183"}],"wp:term":[{"taxonomy":"category","embeddable":true,"href":"https:\/\/www.europesays.com\/no\/wp-json\/wp\/v2\/categories?post=114183"},{"taxonomy":"post_tag","embeddable":true,"href":"https:\/\/www.europesays.com\/no\/wp-json\/wp\/v2\/tags?post=114183"}],"curies":[{"name":"wp","href":"https:\/\/api.w.org\/{rel}","templated":true}]}}