{"id":114190,"date":"2025-12-15T22:19:15","date_gmt":"2025-12-15T22:19:15","guid":{"rendered":"https:\/\/www.europesays.com\/no\/114190\/"},"modified":"2025-12-15T22:19:15","modified_gmt":"2025-12-15T22:19:15","slug":"konsert-flekkefjord-unge-sang-frisk-pa-julekonsert","status":"publish","type":"post","link":"https:\/\/www.europesays.com\/no\/114190\/","title":{"rendered":"Konsert, Flekkefjord | Unge sang frisk p\u00e5 julekonsert"},"content":{"rendered":"\n<p>\u2013 Dette er g\u00f8y hvert \u00e5r. Ut\u00f8vere og publikum sa ja til \u00e5 bli med. I den travle f\u00f8rjulstiden. Det er fint \u00e5 oppleve julestemning om det ikke er sn\u00f8. Kirken var pyntet med engler, blomster og lys.<\/p>\n<p>   <img decoding=\"async\" width=\"810\" height=\"1080\" fetchpriority=\"low\"  loading=\"lazy\"  src=\"https:\/\/www.europesays.com\/no\/wp-content\/uploads\/2025\/12\/5a536b7b-5261-4237-8e59-673a0c5f54de.bin\" alt=\"\" class=\"brick-c-cFOWSL\" style=\"--brick-image-ratio: 810 \/ 1080;\"\/><\/p>\n<p>      Andre Nedland<br \/>\n      Foto: Agnar Klungland\n    <\/p>\n<p>Konserten ble p\u00e5 en m\u00e5te to-delt ned at sangere fra den yngre garde i skolealder sang solo og duett, og de voksne b\u00e5de sang spilte, og de akkompagnerte til de unge. Slik ble konserten en helhetlig flott opplevelse.<\/p>\n<p>Unge Mathilde Josdal \u00e5pnet med solo og sang \u00abTenn Lys\u00bb av Eivind Skeie, og de fremskyndet julen litt med at Otto Mikaelsen tenkte fire lys p\u00e5 tredje s\u00f8ndag io advent. S\u00e5 fortsatte tema om lys som en ledetr\u00e5d gjennom hele konserten.<\/p>\n<p>   <img decoding=\"async\" width=\"1080\" height=\"810\" fetchpriority=\"low\"  loading=\"lazy\"  src=\"https:\/\/www.europesays.com\/no\/wp-content\/uploads\/2025\/12\/5c7829ab-7edc-47b1-a499-90fe07ecfb3b.bin\" alt=\"\" class=\"brick-c-cFOWSL\" style=\"--brick-image-ratio: 1080 \/ 810;\"\/><\/p>\n<p>      Gyland kirke vakkert dekorert med engler til hver jul<br \/>\n      Foto: Agnar Klungland\n    <\/p>\n<p>Celine Kvinlaug og Aina Mikaelsen, begge femteklassinger, bor n\u00e6r hverandre og sang sammen som de har gjort menge ganger f\u00f8r. Aina ang ogs\u00e5 solo. Gyland kirkes eneste konfirmant i \u00e5r, Kaia Haukelid sang ogs\u00e5 solo, Hun er en sanger som mange har f\u00e5tt godt kjennskap til.<\/p>\n<p>S\u00e5 overtok de voksne med at Andr\u00e9 Nedland spilte gitar til d\u00f8trene Thea (7) og Vilde (8) som sang \u00abGod jul til alle\u00bb. Selv sang han \u00abSilent Night all Day long\u00bb. Pappa og bestefar Arvid sang ikke uventet Elvis-l\u00e5ten \u00abBlue Christmas\u00bb i skikkelig countrystil.<\/p>\n<p>De var sanger om kj\u00e6rlighet og fred, sentrale emner i julens budskap. M\u00f8telederne Nina Mikaelsen og Linda H. Josdal sang hver sine solo. Paul Mikaelsen som trakterte trommene, sang ogs\u00e5 solo: \u00abAfter the last tears fall\u00bb.<\/p>\n<p>   <img decoding=\"async\" width=\"810\" height=\"1080\" fetchpriority=\"low\"  loading=\"lazy\"  src=\"https:\/\/www.europesays.com\/no\/wp-content\/uploads\/2025\/12\/0e319984-5dfa-4438-8e1c-8f3b3c3b6480.bin\" alt=\"\" class=\"brick-c-cFOWSL\" style=\"--brick-image-ratio: 810 \/ 1080;\"\/><\/p>\n<p>      Celine og Aina sang sammen<br \/>\n      Foto: Agnar Klungland\n    <\/p>\n<p>Oppfinner Erik Alfred Tesaker stilte ogs\u00e5 opp med sangen \u00abHave yourself a merry little Christmas\u00bb. Konserten eget band bestod av Kjell Gierstae, Nils Arne Stueli, Paul Mikaelsen og Kjell Tore Kvinlaug, Jan Gustad \u00c5tland hadde som lydansvarlig \u00f8vd med musikantene og sangere b\u00e5de l\u00f8rdag og s\u00f8ndag.<\/p>\n<p>   <img decoding=\"async\" width=\"810\" height=\"1080\" fetchpriority=\"low\"  loading=\"lazy\"  src=\"https:\/\/www.europesays.com\/no\/wp-content\/uploads\/2025\/12\/4ab79efa-d437-485a-92d3-cd43b34e59d8.bin\" alt=\"\" class=\"brick-c-cFOWSL\" style=\"--brick-image-ratio: 810 \/ 1080;\"\/><\/p>\n<p>      Thea og Vilde ble akkompagnert av Andre og Arvid Nedland<br \/>\n      Foto: Agnar Klungland\n    <\/p>\n<p>Sokneprest Fredrik Arnstad forsterket budskapet i musikk og sang med sine jule-ord der han dro frem Guds kj\u00e6rlighet som det sentrale i julens budskap. Vi kan ikke kreve, men kan f\u00e5 kj\u00e6rlighet, og vi kan gi til v\u00e6re medmennesker.<\/p>\n<p>Den store Guds kj\u00e6rlighet m\u00e5 v\u00e6re det sentrale i julefeiringen.<\/p>\n<p>Slik ble \u00abLa oss synge julen inn\u00bb, en god start f\u00f8r selve jula setter inn. Tidligere har \u00abGlade Jul\u00bb blitt fremf\u00f8rt p\u00e5 fem spr\u00e5k, men ikke i \u00e5r.<\/p>\n<p>Gyland fikk vise noen av sine dyktige, lovende, unge krefter som samme med de noe eldre, fikk gjennomf\u00f8rt en konsert av beste merke som vil bli husket. M\u00f8telederne bandt det tettpakka programmet godt sammen i halvannen time. Kjell Gierstae spilte piano og bandt det musikalske sammen.<\/p>\n<p>Gyland kirke har vakkert interi\u00f8r. Til jul henges det opp engler i snorer i taket eller p\u00e5 galleriet, godt synlig fra kirkeskipet. Dette forsterker ogs\u00e5 julestemningen i kirken.<\/p>\n<p>   <img decoding=\"async\" width=\"810\" height=\"1080\" fetchpriority=\"low\"  loading=\"lazy\"  src=\"https:\/\/www.europesays.com\/no\/wp-content\/uploads\/2025\/12\/85d7de49-6706-415b-b546-2f17e94116fe.bin\" alt=\"\" class=\"brick-c-cFOWSL\" style=\"--brick-image-ratio: 810 \/ 1080;\"\/><\/p>\n<p>      Nina Mikaelsen (t.v.) og Linda H. Josdal ledet og sang<br \/>\n      Foto: Agnar Klungland\n    <\/p>\n","protected":false},"excerpt":{"rendered":"\u2013 Dette er g\u00f8y hvert \u00e5r. Ut\u00f8vere og publikum sa ja til \u00e5 bli med. I den travle&hellip;\n","protected":false},"author":2,"featured_media":114191,"comment_status":"","ping_status":"","sticky":false,"template":"","format":"standard","meta":{"footnotes":""},"categories":[58],"tags":[36,71,573,5593,155,30,28,29,1510,72],"class_list":{"0":"post-114190","1":"post","2":"type-post","3":"status-publish","4":"format-standard","5":"has-post-thumbnail","7":"category-underholdning","8":"tag-art","9":"tag-entertainment","10":"tag-flekkefjord","11":"tag-jul","12":"tag-konsert","13":"tag-no","14":"tag-norge","15":"tag-norway","16":"tag-story","17":"tag-underholdning"},"share_on_mastodon":{"url":"https:\/\/pubeurope.com\/@no\/115725911148022855","error":""},"_links":{"self":[{"href":"https:\/\/www.europesays.com\/no\/wp-json\/wp\/v2\/posts\/114190","targetHints":{"allow":["GET"]}}],"collection":[{"href":"https:\/\/www.europesays.com\/no\/wp-json\/wp\/v2\/posts"}],"about":[{"href":"https:\/\/www.europesays.com\/no\/wp-json\/wp\/v2\/types\/post"}],"author":[{"embeddable":true,"href":"https:\/\/www.europesays.com\/no\/wp-json\/wp\/v2\/users\/2"}],"replies":[{"embeddable":true,"href":"https:\/\/www.europesays.com\/no\/wp-json\/wp\/v2\/comments?post=114190"}],"version-history":[{"count":0,"href":"https:\/\/www.europesays.com\/no\/wp-json\/wp\/v2\/posts\/114190\/revisions"}],"wp:featuredmedia":[{"embeddable":true,"href":"https:\/\/www.europesays.com\/no\/wp-json\/wp\/v2\/media\/114191"}],"wp:attachment":[{"href":"https:\/\/www.europesays.com\/no\/wp-json\/wp\/v2\/media?parent=114190"}],"wp:term":[{"taxonomy":"category","embeddable":true,"href":"https:\/\/www.europesays.com\/no\/wp-json\/wp\/v2\/categories?post=114190"},{"taxonomy":"post_tag","embeddable":true,"href":"https:\/\/www.europesays.com\/no\/wp-json\/wp\/v2\/tags?post=114190"}],"curies":[{"name":"wp","href":"https:\/\/api.w.org\/{rel}","templated":true}]}}