{"id":114196,"date":"2025-12-15T22:26:16","date_gmt":"2025-12-15T22:26:16","guid":{"rendered":"https:\/\/www.europesays.com\/no\/114196\/"},"modified":"2025-12-15T22:26:16","modified_gmt":"2025-12-15T22:26:16","slug":"rachael-carpani-fra-home-and-away-har-gatt-bort-i-en-alder-av-45-2","status":"publish","type":"post","link":"https:\/\/www.europesays.com\/no\/114196\/","title":{"rendered":"Rachael Carpani fra \u00abHome and Away\u00bb har g\u00e5tt bort i en alder av 45"},"content":{"rendered":"<p class=\"kicker \" style=\"\">Rachael Carpani:<\/p>\n<p>  Den australske TV-stjernen ble bare 45 \u00e5r gammel.<\/p>\n<p>\n    D\u00d8DE BR\u00c5TT: Skuespilleren Rachael Carpani tapte kampen mot kronisk sykdom. Foto: Skjermbilde fra Instagram\/@rachcarpani\n  <\/p>\n<p>Skuespiller Rachael Carpani gikk uventet bort i slutten av forrige uke. Det bekreftet familien i en uttalelse mandag.<\/p>\n<p>&#8211; Det er med stor sorg at Tony og Gael Carpani kunngj\u00f8r at deres vakre datter, den elskede australske skuespilleren Rachael Carpani, uventet men fredelig gikk bort etter en lang kamp mot kronisk sykdom i de tidlige morgentimene s\u00f8ndag 7. desember, skrev foreldrene i et Instagram-innlegg.<\/p>\n<p>    <a itemprop=\"url\" href=\"https:\/\/www.seher.no\/kjendis\/deler-kondolanse\/83985507\" rel=\"nofollow noopener\" target=\"_blank\"><\/p>\n<p>        <img loading=\"lazy\" decoding=\"async\" src=\"https:\/\/www.europesays.com\/no\/wp-content\/uploads\/2025\/12\/83814744.webp\" width=\"980\" height=\"441\" title=\"Deler kondolanse\" alt=\"\" class=\"lazyload\" style=\"--aspect-ratio-image: 2.22; \"\/><\/p>\n<p>        Deler kondolanse<\/p>\n<p>    <\/a><\/p>\n<p>Stjernen har tidligere v\u00e6rt \u00e5pen om diagnosene endometriose og adenomyosis, men det er ikke kjent om dette er knyttet til d\u00f8ds\u00e5rsaken.\u00a0<\/p>\n<p>Carpani var kanskje best kjent for rollen som Jodi Fountain i den australske serien \u00abMcLeod&#8217;s Daughters\u00bb fra 2001 til 2009.\u00a0<\/p>\n<p>        <img loading=\"lazy\" decoding=\"async\" src=\"https:\/\/www.europesays.com\/no\/wp-content\/uploads\/2025\/12\/83987645.webp\" width=\"686\" height=\"1029\" title=\"STJERNE: Carpani har g\u00e5tt bort i en alder av 45 \u00e5r. Her er hun avbildet under en prisutdeling i 2007. Foto: Paul Lovelace\/REX\/NTB\" alt=\"\" class=\"\" style=\"--aspect-ratio-image: 0.67; \"\/><\/p>\n<p>\n        STJERNE: Carpani har g\u00e5tt bort i en alder av 45 \u00e5r. Her er hun avbildet under en prisutdeling i 2007. Foto: Paul Lovelace\/REX\/NTB\n    <\/p>\n<p>Hun spilte ogs\u00e5 i amerikanske produksjoner som \u00abN.C.I.S: Los Angeles\u00bb, \u00abThe Glades\u00bb og hadde hovedrollen i Lifetime-serien \u00abAgainst the Wall\u00bb.<\/p>\n<p> Carpani medvirket ogs\u00e5 i filmen \u00abTriangle\u00bb fra 2009 sammen med Liam Hemsworth (35). I 2024 ble hun ogs\u00e5 en del av s\u00e5peopera-serien\u00a0\u00abHome and Away\u00bb, der hun spilte rollen som Claudia Salini. <\/p>\n<p>        \u00abUTVIST\u00bb: Prins Andrew er ikke lenger prins og er \u00abutvist\u00bb fra kongefamilien p\u00e5 grunn av sine forbindelser til Jeffrey Epstein. Reporter: Sanne Holt\/ R\u00f8d L\u00f8per. Video: NTB\/ Stella Pictures\/ AFP\/ YouTube\/ BBC\/ Netflix\/ 60Minutes Australia<\/p>\n<p>Begravelsen vil v\u00e6re privat og holdes fredag 19. desember med n\u00e6re familie og venner.<\/p>\n<p>\u00abFamilien ber om privatliv i denne vanskelige tiden og vil ikke komme med ytterligere uttalelser\u00bb, het det i meldingen.<\/p>\n<p>    <a itemprop=\"url\" href=\"https:\/\/www.seher.no\/kjendis\/vi-er-sjokkert\/83984763\" rel=\"nofollow noopener\" target=\"_blank\"><\/p>\n<p>        <img loading=\"lazy\" decoding=\"async\" src=\"https:\/\/www.europesays.com\/no\/wp-content\/uploads\/2025\/12\/83984642.webp\" width=\"980\" height=\"441\" title=\"- Vi er sjokkert\" alt=\"\" class=\"lazyload\" style=\"--aspect-ratio-image: 2.22; \"\/><\/p>\n<p>        &#8211; Vi er sjokkert<\/p>\n<p>    <\/a><\/p>\n<p> S\u00f8steren Georgia delte familiens hjerteskj\u00e6rende uttalelse i sosiale medier. Hun har tidligere v\u00e6rt \u00e5pen om hvor mye hun beundret s\u00f8steren sin.\u00a0<\/p>\n<p>        <img loading=\"lazy\" decoding=\"async\" src=\"https:\/\/www.europesays.com\/no\/wp-content\/uploads\/2025\/12\/1765837576_935_83987723.webp\" width=\"667\" height=\"848\" title=\"TANTEBARN: Rachael Carpani var tilsynelatende sv\u00e6rt familiekj\u00e6r, og delte stadig bilder med familiens nyeste tilskudd. Foto: Skjermbilde fra Instagram\/@rachcarpani\" alt=\"\" class=\"\" style=\"--aspect-ratio-image: 0.79; \"\/><\/p>\n<p>\n        TANTEBARN: Rachael Carpani var tilsynelatende sv\u00e6rt familiekj\u00e6r, og delte stadig bilder med familiens nyeste tilskudd. Foto: Skjermbilde fra Instagram\/@rachcarpani\n    <\/p>\n<p>I\u00a0august i \u00e5r gratulerte hun Rachael p\u00e5 bursdagen med et varmt innlegg.<\/p>\n<p>\u00abHun er den vakreste kvinnen jeg kjenner. Hun bringer s\u00e5 mye lys og glede\u00bb, skrev Georgia den gang.<\/p>\n<p>En rekke fans har ogs\u00e5 str\u00f8mmet til kommentarfeltet med kondolanser under familiens innlegg p\u00e5 Instagram.<\/p>\n","protected":false},"excerpt":{"rendered":"Rachael Carpani: Den australske TV-stjernen ble bare 45 \u00e5r gammel. D\u00d8DE BR\u00c5TT: Skuespilleren Rachael Carpani tapte kampen mot&hellip;\n","protected":false},"author":2,"featured_media":114197,"comment_status":"","ping_status":"","sticky":false,"template":"","format":"standard","meta":{"footnotes":""},"categories":[58],"tags":[71,12858,479,2543,4916,30,28,29,13898,72],"class_list":{"0":"post-114196","1":"post","2":"type-post","3":"status-publish","4":"format-standard","5":"has-post-thumbnail","7":"category-underholdning","8":"tag-entertainment","9":"tag-home-and-away","10":"tag-kjendis","11":"tag-kjendisdesken","12":"tag-kjendisdodsfall","13":"tag-no","14":"tag-norge","15":"tag-norway","16":"tag-rachael-carpani","17":"tag-underholdning"},"share_on_mastodon":{"url":"https:\/\/pubeurope.com\/@no\/115725938590722003","error":""},"_links":{"self":[{"href":"https:\/\/www.europesays.com\/no\/wp-json\/wp\/v2\/posts\/114196","targetHints":{"allow":["GET"]}}],"collection":[{"href":"https:\/\/www.europesays.com\/no\/wp-json\/wp\/v2\/posts"}],"about":[{"href":"https:\/\/www.europesays.com\/no\/wp-json\/wp\/v2\/types\/post"}],"author":[{"embeddable":true,"href":"https:\/\/www.europesays.com\/no\/wp-json\/wp\/v2\/users\/2"}],"replies":[{"embeddable":true,"href":"https:\/\/www.europesays.com\/no\/wp-json\/wp\/v2\/comments?post=114196"}],"version-history":[{"count":0,"href":"https:\/\/www.europesays.com\/no\/wp-json\/wp\/v2\/posts\/114196\/revisions"}],"wp:featuredmedia":[{"embeddable":true,"href":"https:\/\/www.europesays.com\/no\/wp-json\/wp\/v2\/media\/114197"}],"wp:attachment":[{"href":"https:\/\/www.europesays.com\/no\/wp-json\/wp\/v2\/media?parent=114196"}],"wp:term":[{"taxonomy":"category","embeddable":true,"href":"https:\/\/www.europesays.com\/no\/wp-json\/wp\/v2\/categories?post=114196"},{"taxonomy":"post_tag","embeddable":true,"href":"https:\/\/www.europesays.com\/no\/wp-json\/wp\/v2\/tags?post=114196"}],"curies":[{"name":"wp","href":"https:\/\/api.w.org\/{rel}","templated":true}]}}