{"id":114198,"date":"2025-12-15T22:30:08","date_gmt":"2025-12-15T22:30:08","guid":{"rendered":"https:\/\/www.europesays.com\/no\/114198\/"},"modified":"2025-12-15T22:30:08","modified_gmt":"2025-12-15T22:30:08","slug":"trafikale-problemer-pa-e6-i-snasa-nrk-trondelag-lokale-nyheter-tv-og-radio","status":"publish","type":"post","link":"https:\/\/www.europesays.com\/no\/114198\/","title":{"rendered":"Trafikale problemer p\u00e5 E6 i Sn\u00e5sa \u2013 NRK Tr\u00f8ndelag \u2013 Lokale nyheter, TV og radio"},"content":{"rendered":"<p>To steiner, som begge var vel en halv meter bred, falt ned p\u00e5 E6 ved Lagnesberga i Sn\u00e5sa.<\/p>\n<p>Det f\u00f8rte til at E6 ble stengt klokka 18.50.<\/p>\n<p>\u2013 E6 er \u00e5pnet igjen. Entrepren\u00f8r, politi og vegvesenet har v\u00e6rt ute og gjort en vurdering p\u00e5 stedet, sier trafikkoperat\u00f8r ved Vegtrafikksentralen, Torgeir Nilsen.<\/p>\n<p>E6 ble \u00e5pnet igjen like f\u00f8r klokka 22 mandag. Det var omkj\u00f8ring via fylkesvei 17 (kystriksveien).<\/p>\n<p>Neste \u00e5r starter arbeidet med \u00e5 bygge ny tunnel p\u00e5 E6 ved Lagnesberga i Sn\u00e5sa.<\/p>\n<p>Rasfarlig omr\u00e5de<\/p>\n<p>Det har tidligere v\u00e6rt en rekke ras p\u00e5 denne strekningen p\u00e5 E6. I 2022 gikk det et <a href=\"https:\/\/www.nrk.no\/trondelag\/fleire-ras-i-trondelag-i-lopet-av-natta-1.15989432\" ec-id=\"pp:article:1.15989432\" ec-name=\"st\u00f8rre ras\" rel=\"nofollow noopener\" target=\"_blank\">st\u00f8rre ras <\/a>som var omtrent 50 meter bredt.<\/p>\n<p>Rasfaren har gjort at man har bestemt seg for \u00e5 bygge <a href=\"https:\/\/www.vegvesen.no\/vegprosjekter\/europaveg\/e6langnesberga\/#hvor?-hva?-hvorfor?\" ec-id=\"https:\/\/www.vegvesen.no\/vegprosjekter\/europaveg\/e6langnesberga\/\" ec-name=\"en tunnel forbi strekninga\" rel=\"nofollow noopener\" target=\"_blank\">en tunnel forbi strekninga<\/a>.<\/p>\n<p>Det er ansl\u00e5tt at byggestart er i 2026, mens de kan \u00e5pne tunnelen i 2028.<\/p>\n<p><a id=\"Ulykke\" name=\"Ulykke\"\/>Flere vogntog involvert i ulykke<\/p>\n<p>I 16.30-tida m\u00e5tte nemlig n\u00f8detatene rykke ut til en trafikkulykke p\u00e5 E6 ved Heia gjesteg\u00e5rd, en liten mil nord for der raset gikk.<\/p>\n<p>Politiet skrev at det var sv\u00e6rt glatt p\u00e5 stedet.<\/p>\n<p>I utgangspunktet var det ikke meldt om skadde der et vogntog og en personbil var involvert.<\/p>\n<p>Kort tid etterp\u00e5 utviklet hendelsen seg, da et nytt vogntog ikke klarte \u00e5 stanse f\u00f8r det kj\u00f8rte inn i skadestedet.<\/p>\n<p>\u2013 En person skal ha blitt skadet som f\u00f8lge av dette.<\/p>\n<p>Like f\u00f8r 18 meldte politiet om at situasjonen var veldig uoversiktlig.<\/p>\n<p><strong>\u2013 Det fremst\u00e5r som om fem personer blitt tilsett av helsevesenet p\u00e5 stedet. Tre av dem er fraktet videre til legevakt\/sykehus for videre unders\u00f8kelser. Det er uklart hvilken tilknytning disse personene har til hendelsen, om de har v\u00e6rt involvert med et kj\u00f8ret\u00f8y eller om de har v\u00e6rt til fots, skriver Larsen R\u00f8stum.<\/strong><\/p>\n<p>Klokka 20 avsluttet politiet arbeidet p\u00e5 stedet.<\/p>\n<p>\u2013 Veien er ryddet og trafikken g\u00e5r som normalt forbi,<\/p>\n<p>Publisert<\/p>\n<p>15.12.2025, kl. 19.06<\/p>\n<p>Oppdatert<\/p>\n<p>15.12.2025, kl. 22.52<\/p>\n","protected":false},"excerpt":{"rendered":"To steiner, som begge var vel en halv meter bred, falt ned p\u00e5 E6 ved Lagnesberga i Sn\u00e5sa.&hellip;\n","protected":false},"author":2,"featured_media":114199,"comment_status":"","ping_status":"","sticky":false,"template":"","format":"standard","meta":{"footnotes":""},"categories":[10],"tags":[20,21,24,25,15,22,23,13,30,28,29,14,16,26,27],"class_list":{"0":"post-114198","1":"post","2":"type-post","3":"status-publish","4":"format-standard","5":"has-post-thumbnail","7":"category-norge","8":"tag-breaking-news","9":"tag-breakingnews","10":"tag-featured-news","11":"tag-featurednews","12":"tag-headlines","13":"tag-latest-news","14":"tag-latestnews","15":"tag-news","16":"tag-no","17":"tag-norge","18":"tag-norway","19":"tag-nyheter","20":"tag-overskrifter","21":"tag-top-stories","22":"tag-topstories"},"share_on_mastodon":{"url":"https:\/\/pubeurope.com\/@no\/115725954219063928","error":""},"_links":{"self":[{"href":"https:\/\/www.europesays.com\/no\/wp-json\/wp\/v2\/posts\/114198","targetHints":{"allow":["GET"]}}],"collection":[{"href":"https:\/\/www.europesays.com\/no\/wp-json\/wp\/v2\/posts"}],"about":[{"href":"https:\/\/www.europesays.com\/no\/wp-json\/wp\/v2\/types\/post"}],"author":[{"embeddable":true,"href":"https:\/\/www.europesays.com\/no\/wp-json\/wp\/v2\/users\/2"}],"replies":[{"embeddable":true,"href":"https:\/\/www.europesays.com\/no\/wp-json\/wp\/v2\/comments?post=114198"}],"version-history":[{"count":0,"href":"https:\/\/www.europesays.com\/no\/wp-json\/wp\/v2\/posts\/114198\/revisions"}],"wp:featuredmedia":[{"embeddable":true,"href":"https:\/\/www.europesays.com\/no\/wp-json\/wp\/v2\/media\/114199"}],"wp:attachment":[{"href":"https:\/\/www.europesays.com\/no\/wp-json\/wp\/v2\/media?parent=114198"}],"wp:term":[{"taxonomy":"category","embeddable":true,"href":"https:\/\/www.europesays.com\/no\/wp-json\/wp\/v2\/categories?post=114198"},{"taxonomy":"post_tag","embeddable":true,"href":"https:\/\/www.europesays.com\/no\/wp-json\/wp\/v2\/tags?post=114198"}],"curies":[{"name":"wp","href":"https:\/\/api.w.org\/{rel}","templated":true}]}}