{"id":114202,"date":"2025-12-15T22:33:16","date_gmt":"2025-12-15T22:33:16","guid":{"rendered":"https:\/\/www.europesays.com\/no\/114202\/"},"modified":"2025-12-15T22:33:16","modified_gmt":"2025-12-15T22:33:16","slug":"endelig-en-brokkoli-alle-barn-elsker","status":"publish","type":"post","link":"https:\/\/www.europesays.com\/no\/114202\/","title":{"rendered":"Endelig en Brokkoli alle barn elsker"},"content":{"rendered":"\n<p class=\"_prefix_nfjwc_1 layout-padded\">Meninger<br \/>Kommentar<\/p>\n<p class=\"_lead_o9xde_2 _lead_xtcu6_50 layout-component text-serif-m layout-normal text-serif-l _lead_1k67c_21 layout-component layout-normal layout-padded layout-padded\">Den mest vellykkede Maskorama-sesongen hittil ble fortjent vunnet av en brokkoli, til tross for en litt pussig sorti.<\/p>\n<p><img alt=\"VINNER: Brokkolien ble \u00e5rets Maskorama-vinner, og bak masken var artist PelleK.  Foto: Jonas Been Henriksen \/ NTB\" class=\"_image_qp4xg_65 layout-component layout-wide\" data-fullscreen- data-track-element-type=\"Article image fullscreen\" data-track-name=\"ImageFullscreen\" fetchpriority=\"high\" decoding=\"sync\" loading=\"eager\" height=\"3348\" itemprop=\"image\"  src=\"https:\/\/www.europesays.com\/no\/wp-content\/uploads\/2025\/12\/cf810d7b-29b3-4fea-b221-7de4da5b50af\"  style=\"object-position:0% 0%\" width=\"5021\"\/>VINNER: Brokkolien ble \u00e5rets Maskorama-vinner, og bak masken var artist PelleK.  Foto: Jonas Been Henriksen \/ NTBMandag 15. desember kl. 12:27     <\/p>\n<p class=\"_paragraph_o9xde_4 _paragraph_xtcu6_10 layout-component text-serif-m layout-normal text-serif-m layout-padded\">Enkelte tror \u00ab<a href=\"https:\/\/www.vg.no\/tag\/maskorama?utm_source=vg-article&amp;utm_medium=auto-tagger&amp;utm_campaign=0pEAQ2\" class=\"_link_o9xde_39\" rel=\"nofollow noopener\" target=\"_blank\">Maskorama<\/a>\u00bb er et musikkprogram. Det er selvsagt bare vas.<\/p>\n<p class=\"_paragraph_o9xde_4 _paragraph_xtcu6_10 layout-component text-serif-m layout-normal text-serif-m layout-padded\">Om man heller tenker p\u00e5 hva det er faktisk er ment \u00e5 v\u00e6re, et barneprogram sendt litt sent p\u00e5 kvelden, er det p\u00e5 sin plass \u00e5 gratulere NRK med den sterkeste sesongen til n\u00e5. Selv om den har hatt sine utfordringer.<\/p>\n<p class=\"_paragraph_o9xde_4 _paragraph_xtcu6_10 layout-component text-serif-m layout-normal text-serif-m layout-padded\">Skuffelsen i f\u00f8rste program med kulturminister Lubna Jaffery som Hybelkaninen fikk en seks \u00e5r gammel Maskorama-tilhenger jeg kjenner til \u00e5 bli direkte forbannet p\u00e5 hele opplegget. For hvem var hun der? Hva hadde en politiker her \u00e5 gj\u00f8re?<\/p>\n<p><img alt=\"PelleK hever den blytunge pokalen etter seieren.   Foto: Espen Solli \/ NRK\" class=\"_image_qp4xg_65 layout-component layout-normal\" data-fullscreen- data-track-element-type=\"Article image fullscreen\" data-track-name=\"ImageFullscreen\" decoding=\"async\" loading=\"lazy\" height=\"3063\" itemprop=\"image\"  src=\"https:\/\/www.europesays.com\/no\/wp-content\/uploads\/2025\/12\/2a7fc97a-8708-4304-8608-977163875de9\"  style=\"object-position:0% 0%\" width=\"4594\"\/>PelleK hever den blytunge pokalen etter seieren.   Foto: Espen Solli \/ NRK<\/p>\n<p class=\"_paragraph_o9xde_4 _paragraph_xtcu6_10 layout-component text-serif-m layout-normal text-serif-m layout-padded\">Et perspektiv NRK har tatt innover seg i produksjonen som s\u00e5dan, og gjort programmet til noe mer enn bare en times positivt teit l\u00f8rdagsunderholdning. \u00abDet er et underholdningsprogram, du m\u00e5 by p\u00e5 deg selv\u00bb, som kulturministeren helt riktig poengterte da hun r\u00f8yk ut.<\/p>\n<p class=\"_paragraph_o9xde_4 _paragraph_xtcu6_10 layout-component text-serif-m layout-normal text-serif-m layout-padded\">Hintvideoene kom i \u00e5r allerede fredager. Det var mulig \u00e5 pause og plukke opp hint, som samtidig var tilsvarende vanskelige \u00e5 forst\u00e5. Marionetten hadde hint som knapt ga mening for andre enn hun selv. Hundevalpen hadde noen kjappe klipp som f\u00f8rst var forvirrende, men senere avsl\u00f8rte hvem som skjulte seg bak, for de som skj\u00f8nte hvordan hintsnekkerne tenkte.<\/p>\n<p class=\"_paragraph_o9xde_4 _paragraph_xtcu6_10 layout-component text-serif-m layout-normal text-serif-m layout-padded\">Flippklipp-sendingene med \u00abMaskejakten\u00bb, kun tilgjengelig for de som er logget inn p\u00e5 NRK med barnebruker, var derimot smarte og r\u00f8rende. Her var det bare barn som fikk gjette. Og s\u00e5nn m\u00e5 det v\u00e6re.<\/p>\n<ul class=\"_gallery_1qa3s_23\" tabindex=\"0\">\n<li class=\"_item_1qa3s_37\" data-index=\"0\"><img decoding=\"async\" class=\"_image_foru8_23 _articleGallery_foru8_39\" data-fullscreen- width=\"4000\" height=\"2667\" itemprop=\"image\" loading=\"lazy\"  src=\"https:\/\/www.europesays.com\/no\/wp-content\/uploads\/2025\/12\/147c48c6-ae71-4ff6-8f18-a48d917bb19c\"  style=\"object-position:50% 50%;aspect-ratio:var(--gallery-aspect-ratio, 16 \/ 9)\"\/>Foto: Espen Solli \/ NRK<\/li>\n<li class=\"_item_1qa3s_37\" data-index=\"1\"><img decoding=\"async\" class=\"_image_foru8_23 _articleGallery_foru8_39\" data-fullscreen- width=\"4000\" height=\"2667\" itemprop=\"image\" loading=\"lazy\"  src=\"https:\/\/www.europesays.com\/no\/wp-content\/uploads\/2025\/12\/aa64e3e3-c93a-49ab-a593-a2f07677ec64\"  style=\"object-position:50% 50%;aspect-ratio:var(--gallery-aspect-ratio, 16 \/ 9)\"\/>Foto: Espen Solli \/ NRK<\/li>\n<li class=\"_item_1qa3s_37\" data-index=\"2\"><img decoding=\"async\" class=\"_image_foru8_23 _articleGallery_foru8_39\" data-fullscreen- width=\"4000\" height=\"2668\" itemprop=\"image\" loading=\"lazy\"  src=\"https:\/\/www.europesays.com\/no\/wp-content\/uploads\/2025\/12\/1ebbfde4-4338-42f9-8d62-1f2db61d2a43\"  style=\"object-position:50% 50%;aspect-ratio:var(--gallery-aspect-ratio, 16 \/ 9)\"\/>Foto: Espen Solli \/ NRK<\/li>\n<\/ul>\n<p class=\"_paragraph_o9xde_4 _paragraph_xtcu6_10 layout-component text-serif-m layout-normal text-serif-m layout-padded\">Til neste \u00e5r kunne gjerne NRK vurdert tre barnedetektiver i tillegg til de tre voksne. N\u00e5r \u00abMaskorama\u00bb virker er det fordi barna synes det er g\u00f8y. NoePelleK, Brokkolien, viste han virkelig forsto. Han valgte filmmusikk, for det meste fra barnefilmer, og avsluttet med maskel\u00f8s, og makel\u00f8s, sang og brokkoli-highfives gjennom lokalet.<\/p>\n<p class=\"_paragraph_o9xde_4 _paragraph_xtcu6_10 layout-component text-serif-m layout-normal text-serif-m layout-padded\">Det ville ogs\u00e5 gj\u00f8re det lettere for produksjonen \u00e5 ikke fremst\u00e5 som om de haler ut sendingen. Tid, i den ene eller andre retningen, er alltid er en utfordring i et direktesendt program av denne typen.<\/p>\n<p class=\"_paragraph_o9xde_4 _paragraph_xtcu6_10 layout-component text-serif-m layout-normal text-serif-m layout-padded\">Her ble det prek\u00e6rt etter at Orken, Sophie Elise, m\u00e5tte trekke seg i\u00a0maskodramaet\u00a0i tredje episode, og resten av episodene m\u00e5tte g\u00e5 med en deltager i manko. I motsetning til vanlige realityserier kan man ikke stemme inn en tidligere deltager. Eller ha enda et maskefjes p\u00e5 lur.<\/p>\n<p class=\"_paragraph_o9xde_4 _paragraph_xtcu6_10 layout-component text-serif-m layout-normal text-serif-m layout-padded\">Derfor ble finalen, med bare to karakterer igjen, offer for egen lang sendetid, og for f\u00e5 deltagere. Finalistene gikk b\u00e5de gjennom et langt pauseinnslag av en duett, der haugevis med folk skulle benekte at de var henholdsvis Hundevalpen og Brokkolien. Inkludert de to det faktisk var. Mens detektiver og programleder hadde altfor god tid til \u00e5 diskutere b\u00e5de det ene og det andre.<\/p>\n<p class=\"_paragraph_o9xde_4 _paragraph_xtcu6_10 layout-component text-serif-m layout-normal text-serif-m layout-padded\">Til slutt, en l\u00e5tbattle, en un\u00f8dvendig surrete seanse der hver deltager leverte godt, og det frekke publikumsfrieriet til Brokkolien med \u00e5 velge tittell\u00e5ten fra \u00abPaw Patrol\u00bb selvsagt gikk rett hjem hos prim\u00e6rpublikummet.<\/p>\n<p class=\"_paragraph_o9xde_4 _paragraph_xtcu6_10 layout-component text-serif-m layout-normal text-serif-m layout-padded\">Om du ikke kjenner den, er du heller ikke i kjernem\u00e5lgruppen.<\/p>\n<p class=\"_paragraph_o9xde_4 _paragraph_xtcu6_10 layout-component text-serif-m layout-normal text-serif-m layout-padded\">S\u00e5 kan vi diskutere hvorvidt d\u00e9t er et problem i en annen setting.<\/p>\n<p>   Dette er en kommentar. Kommentaren gir uttrykk for skribentens holdning. <\/p>\n","protected":false},"excerpt":{"rendered":"MeningerKommentar Den mest vellykkede Maskorama-sesongen hittil ble fortjent vunnet av en brokkoli, til tross for en litt pussig&hellip;\n","protected":false},"author":2,"featured_media":114203,"comment_status":"","ping_status":"","sticky":false,"template":"","format":"standard","meta":{"footnotes":""},"categories":[58],"tags":[71,2693,30,28,29,787,207,72],"class_list":{"0":"post-114202","1":"post","2":"type-post","3":"status-publish","4":"format-standard","5":"has-post-thumbnail","7":"category-underholdning","8":"tag-entertainment","9":"tag-maskorama","10":"tag-no","11":"tag-norge","12":"tag-norway","13":"tag-nrk","14":"tag-tv","15":"tag-underholdning"},"share_on_mastodon":{"url":"https:\/\/pubeurope.com\/@no\/115725966211966754","error":""},"_links":{"self":[{"href":"https:\/\/www.europesays.com\/no\/wp-json\/wp\/v2\/posts\/114202","targetHints":{"allow":["GET"]}}],"collection":[{"href":"https:\/\/www.europesays.com\/no\/wp-json\/wp\/v2\/posts"}],"about":[{"href":"https:\/\/www.europesays.com\/no\/wp-json\/wp\/v2\/types\/post"}],"author":[{"embeddable":true,"href":"https:\/\/www.europesays.com\/no\/wp-json\/wp\/v2\/users\/2"}],"replies":[{"embeddable":true,"href":"https:\/\/www.europesays.com\/no\/wp-json\/wp\/v2\/comments?post=114202"}],"version-history":[{"count":0,"href":"https:\/\/www.europesays.com\/no\/wp-json\/wp\/v2\/posts\/114202\/revisions"}],"wp:featuredmedia":[{"embeddable":true,"href":"https:\/\/www.europesays.com\/no\/wp-json\/wp\/v2\/media\/114203"}],"wp:attachment":[{"href":"https:\/\/www.europesays.com\/no\/wp-json\/wp\/v2\/media?parent=114202"}],"wp:term":[{"taxonomy":"category","embeddable":true,"href":"https:\/\/www.europesays.com\/no\/wp-json\/wp\/v2\/categories?post=114202"},{"taxonomy":"post_tag","embeddable":true,"href":"https:\/\/www.europesays.com\/no\/wp-json\/wp\/v2\/tags?post=114202"}],"curies":[{"name":"wp","href":"https:\/\/api.w.org\/{rel}","templated":true}]}}