{"id":114204,"date":"2025-12-15T22:36:12","date_gmt":"2025-12-15T22:36:12","guid":{"rendered":"https:\/\/www.europesays.com\/no\/114204\/"},"modified":"2025-12-15T22:36:12","modified_gmt":"2025-12-15T22:36:12","slug":"samlet-inn-millioner-til-bondi-beach-helten-ahmed-al-ahmed","status":"publish","type":"post","link":"https:\/\/www.europesays.com\/no\/114204\/","title":{"rendered":"Samlet inn millioner til Bondi Beach-helten Ahmed al-Ahmed"},"content":{"rendered":"\n<ul class=\"_list_o9xde_3 _list_64s2r_85 _unordered_o9xde_106 text-sans-m\">\n<li class=\"_item_o9xde_30\">Ahmed al-Ahmed hylles verden over for \u00e5 ha avv\u00e6pnet den ene gjerningsmannen under terrorangrepet i Sydney.<\/li>\n<li class=\"_item_o9xde_30\">Over 17 millioner kroner er donert i en innsamling til st\u00f8tte for al-Ahmed.<\/li>\n<li class=\"_item_o9xde_30\">Han takker for st\u00f8tten i en video fra sykesengen.<\/li>\n<li class=\"_item_o9xde_30\">Minst 15 personer ble drept og over 40 s\u00e5ret i terrorangrepet. <\/li>\n<\/ul>\n<p>Vis mer <\/p>\n<p class=\"_paragraph_o9xde_4 _paragraph_xtcu6_10 layout-component text-serif-m layout-normal text-serif-m layout-padded\">Bildene av frukthandleren al-Ahmed som overfaller og avv\u00e6pner en av Bondi Beach-terroristene har g\u00e5tt viralt. Al-Ahmed hylles verden over. <\/p>\n<p class=\"_paragraph_o9xde_4 _paragraph_xtcu6_10 layout-component text-serif-m layout-normal text-serif-m layout-padded\">Selv ble han skutt flere ganger. Han ligger fortsatt p\u00e5 sykehus, der han har blitt operert. <\/p>\n<p class=\"_paragraph_o9xde_4 _paragraph_xtcu6_10 layout-component text-serif-m layout-normal text-serif-m layout-padded\">N\u00e5 renner donasjoner inn p\u00e5 en pengeinnsamling til st\u00f8tte for al-Ahmed. <\/p>\n<p class=\"_paragraph_o9xde_4 _paragraph_xtcu6_10 layout-component text-serif-m layout-normal text-serif-m layout-padded\">I skrivende stund har over 1,8 millioner dollar, omtrent 18 millioner kroner, blitt samlet inn hos <a href=\"https:\/\/www.gofundme.com\/f\/zbcjn-support-the-hero-who-disarmed-a-bondi-attacker?ts=1765751457&amp;utm_campaign=pd_ss_icons&amp;utm_medium=customer&amp;utm_source=copy_link\" class=\"_link_o9xde_39\" rel=\"nofollow noopener\" target=\"_blank\">Gofundme<\/a>. <\/p>\n<p class=\"_paragraph_o9xde_4 _paragraph_xtcu6_10 layout-component text-serif-m layout-normal text-serif-m layout-padded\">\u2013 Etter \u00e5 ha bevitnet de ekstraordin\u00e6re handlingene til helten som bidro til \u00e5 avv\u00e6pne en av angriperne under Bondi-tragedien, som forhindret tapet av utallige liv, f\u00f8lte vi oss tvunget til \u00e5 handle, skriver initiativtagerne til innsamlingen. <\/p>\n<p><img alt=\"Her blir den ene gjerningsmannen avv\u00e6pnet av Ahmed al-Ahmed.   Foto: Skjermbilde \/ NTB\" class=\"_image_qp4xg_65 layout-component layout-normal\" data-fullscreen- data-track-element-type=\"Article image fullscreen\" data-track-name=\"ImageFullscreen\" decoding=\"async\" loading=\"lazy\" height=\"497\" itemprop=\"image\"  src=\"https:\/\/www.europesays.com\/no\/wp-content\/uploads\/2025\/12\/ded038a1-4498-4f93-ae90-30c9d0c6d4c4\"  style=\"object-position:0% 0%\" width=\"746\"\/>Her blir den ene gjerningsmannen avv\u00e6pnet av Ahmed al-Ahmed.   Foto: Skjermbilde \/ NTB<\/p>\n<p class=\"_paragraph_o9xde_4 _paragraph_xtcu6_10 layout-component text-serif-m layout-normal text-serif-m layout-padded\">Blant giverne er den amerikanske milliard\u00e6ren William Ackman, en av verdens rikeste menn, skriver <a href=\"https:\/\/www.bbc.com\/news\/live\/ckgk391yzm7t?post=asset%3Ac356ddc6-ee5c-42f9-9358-2449a65ac996#post\" class=\"_link_o9xde_39\" rel=\"nofollow noopener\" target=\"_blank\">BBC<\/a>. <\/p>\n<p class=\"_paragraph_o9xde_4 _paragraph_xtcu6_10 layout-component text-serif-m layout-normal text-serif-m layout-padded\">Han har donert 99,999 dollar, som er maksgrensen for donasjoner p\u00e5 nettsiden. Bel\u00f8pet tilsvarer litt over \u00e9n million kroner. <\/p>\n<p class=\"_paragraph_o9xde_4 _paragraph_xtcu6_10 layout-component text-serif-m layout-normal layout-padded\"><strong class=\"_strong_o9xde_25\">Les ogs\u00e5:<\/strong> <a href=\"https:\/\/www.vg.no\/i\/JO18j6\" data-track-element-type=\"Link\" data-track-id=\"link:JO18j6\" class=\"_link_o9xde_39\" rel=\"nofollow noopener\" target=\"_blank\">Helten Ahmed etter Bondi Beach-skytingen: Ville gjort det igjen <\/a><\/p>\n<p>Takker<\/p>\n<p class=\"_paragraph_o9xde_4 _paragraph_xtcu6_10 layout-component text-serif-m layout-normal text-serif-m layout-padded\">Al-Ahmed har ogs\u00e5 uttalt seg i en takkevideo publisert mandag. I videoen takker han for st\u00f8tten alle som ble ved hans side etter dramaet. <\/p>\n<p class=\"_paragraph_o9xde_4 _paragraph_xtcu6_10 layout-component text-serif-m layout-normal text-serif-m layout-padded\">\u2013 Mor, ikke bekymre deg. Be for meg. Jeg har v\u00e6rt gjennom noe vanskelig, sier Al-Ahmed i videoen. <\/p>\n<p class=\"_paragraph_o9xde_4 _paragraph_xtcu6_10 layout-component text-serif-m layout-normal text-serif-m layout-padded\">Ogs\u00e5 foreldrene til Al-Ahmed hyller innsatsen hans.<\/p>\n<p class=\"_paragraph_o9xde_4 _paragraph_xtcu6_10 layout-component text-serif-m layout-normal text-serif-m layout-padded\">\u2013 Takk gud for at han beskyttet de uskyldige menneskene, sier han til <a href=\"https:\/\/news.sky.com\/story\/bondi-beach-terror-attack-live-sydney-australia-hanukkah-suspect-shootings-sky-news-13483176?postid=10707953#liveblog-body\" class=\"_link_o9xde_39\" rel=\"nofollow noopener\" target=\"_blank\">Sky News<\/a>. <\/p>\n<p class=\"_paragraph_o9xde_4 _paragraph_xtcu6_10 layout-component text-serif-m layout-normal text-serif-m layout-padded\">\u2013 S\u00f8nnen min har alltid v\u00e6rt tapper og hjulpet folk. Han s\u00e5 at folk mistet livet. N\u00e5r han s\u00e5 at gjerningsmannen gikk tom for ammunisjon, tok han v\u00e5penet fra ham. Men han ble skutt selv, sier moren. <\/p>\n<p><img alt=\"Mange har lagt ned blomster og lys ved paviljongen rett ved Bondi Beach.  Foto: SAEED KHAN \/ AFP \/ NTB\" class=\"_image_qp4xg_65 layout-component layout-normal\" data-fullscreen- data-track-element-type=\"Article image fullscreen\" data-track-name=\"ImageFullscreen\" decoding=\"async\" loading=\"lazy\" height=\"5363\" itemprop=\"image\"  src=\"https:\/\/www.europesays.com\/no\/wp-content\/uploads\/2025\/12\/693983f1-1861-40d7-8f6b-5574fa3045ef\"  style=\"object-position:0% 0%\" width=\"8045\"\/>Mange har lagt ned blomster og lys ved paviljongen rett ved Bondi Beach.  Foto: SAEED KHAN \/ AFP \/ NTB<\/p>\n<p class=\"_paragraph_o9xde_4 _paragraph_xtcu6_10 layout-component text-serif-m layout-normal text-serif-m layout-padded\">Mandag sier helseministeren i New South Wales, Ryan Park, at al-Ahmed har \u00abnoen utfordringer foran seg\u00bb.<\/p>\n<p class=\"_paragraph_o9xde_4 _paragraph_xtcu6_10 layout-component text-serif-m layout-normal text-serif-m layout-padded\">\u2013 Men p\u00e5 sykehuset Saint George vet jeg at han kommer til \u00e5 den beste behandlingen, sier Park if\u00f8lge <a href=\"https:\/\/www.abc.net.au\/news\/2025-12-16\/bondi-beach-shooting-terrorist-attack-december-16\/106147374?utm_campaign=abc_news_web&amp;utm_content=link&amp;utm_medium=content_shared&amp;utm_source=abc_news_web#live-blog-post-246659\" class=\"_link_o9xde_39\" rel=\"nofollow noopener\" target=\"_blank\">ABC News<\/a>. <\/p>\n<p class=\"_paragraph_o9xde_4 _paragraph_xtcu6_10 layout-component text-serif-m layout-normal layout-padded\"><strong class=\"_strong_o9xde_25\">Les ogs\u00e5:<\/strong> <a href=\"https:\/\/www.vg.no\/i\/0pEypo\" data-track-element-type=\"Link\" data-track-id=\"link:0pEypo\" class=\"_link_o9xde_39\" rel=\"nofollow noopener\" target=\"_blank\">Matilda (10) drept i terrorangrepet i Sydney<\/a><\/p>\n<p>15 drept<\/p>\n<p class=\"_paragraph_o9xde_4 _paragraph_xtcu6_10 layout-component text-serif-m layout-normal text-serif-m layout-padded\">Minst 15 personer er drept og over 40 personer er skadet i det som etterforskes som et m\u00e5lrettet terrorangrep mot det j\u00f8diske milj\u00f8et. <\/p>\n<p class=\"_paragraph_o9xde_4 _paragraph_xtcu6_10 layout-component text-serif-m layout-normal text-serif-m layout-padded\">De drepte er mellom 10 og 87 \u00e5r gamle. <\/p>\n<p class=\"_paragraph_o9xde_4 _paragraph_xtcu6_10 layout-component text-serif-m layout-normal text-serif-m layout-padded\">Terrorangrepet rammet en Hanukka-feiring ved den verdensber\u00f8mte stranden Bondi Beach i Sydney. <\/p>\n<p class=\"_paragraph_o9xde_4 _paragraph_xtcu6_10 layout-component text-serif-m layout-normal text-serif-m layout-padded\">Over 1000 mennesker oppholdt seg i omr\u00e5det. Gjerningsmennene skal ha v\u00e6rt Naveed Akram (24) og faren hans Sajid Akram (50). <\/p>\n<p class=\"_paragraph_o9xde_4 _paragraph_xtcu6_10 layout-component text-serif-m layout-normal text-serif-m layout-padded\">Politiet har forel\u00f8pig ikke offisielt bekreftet gjerningspersonenes identitet.<\/p>\n<p class=\"_paragraph_o9xde_4 _paragraph_xtcu6_10 layout-component text-serif-m layout-normal text-serif-m layout-padded\">Faren ble drept under en skuddveksling med politiet. S\u00f8nnen ble skadet og ligger n\u00e5 p\u00e5 sykehuset. <\/p>\n<p><img alt=\"Naveed Akram (24) og Sajid Akram (50) avbildet gangbroen under skytehendelsen s\u00f8ndag kveld.\" class=\"_image_qp4xg_65 layout-component layout-normal\" data-fullscreen- data-track-element-type=\"Article image fullscreen\" data-track-name=\"ImageFullscreen\" decoding=\"async\" loading=\"lazy\" height=\"1417\" itemprop=\"image\"  src=\"https:\/\/www.europesays.com\/no\/wp-content\/uploads\/2025\/12\/4b7316e8-dbff-47e8-8259-e687721c0e04\"  style=\"object-position:0% 0%\" width=\"1890\"\/>Naveed Akram (24) og Sajid Akram (50) avbildet gangbroen under skytehendelsen s\u00f8ndag kveld.<\/p>\n<p class=\"_paragraph_o9xde_4 _paragraph_xtcu6_10 layout-component text-serif-m layout-normal text-serif-m layout-padded\">De to skal ha fortalt familien at de skulle p\u00e5 fisketur, if\u00f8lge avisen <a href=\"https:\/\/www.smh.com.au\/national\/nsw\/alleged-bondi-terror-gunman-naveed-akram-told-family-he-was-going-on-fishing-trip-20251214-p5nnls.html?utm_source=sdrn%3Avg%3Aarticle%3A9pmARl\" class=\"_link_o9xde_39\" rel=\"nofollow noopener\" target=\"_blank\">Sydney Morning Herald.<\/a><\/p>\n<p class=\"_paragraph_o9xde_4 _paragraph_xtcu6_10 layout-component text-serif-m layout-normal text-serif-m layout-padded\">Men i virkeligheten holdt de seg i skjul i et hus de hadde leid rundt to mil fra Bondi Beach. <\/p>\n<p>Etterforsker IS-kobling<\/p>\n<p class=\"_paragraph_o9xde_4 _paragraph_xtcu6_10 layout-component text-serif-m layout-normal text-serif-m layout-padded\">Faren hadde lisens til \u00e5 eie seks skytev\u00e5pen. Han har eid v\u00e5pen de siste ti \u00e5rene, skriver <a href=\"https:\/\/www.abc.net.au\/news\/2025-12-16\/bondi-beach-terrorist-attack-maps-videos-explain-how-it-happened\/106145448\" class=\"_link_o9xde_39\" rel=\"nofollow noopener\" target=\"_blank\">ABC News<\/a>. <\/p>\n<p class=\"_paragraph_o9xde_4 _paragraph_xtcu6_10 layout-component text-serif-m layout-normal text-serif-m layout-padded\"><a href=\"https:\/\/www.vg.no\/tag\/australia?utm_source=vg-article&amp;utm_medium=auto-tagger&amp;utm_campaign=7plkW8\" class=\"_link_o9xde_39\" rel=\"nofollow noopener\" target=\"_blank\">Australias<\/a> statsminister Anthony Albanese sier at gjerningspersonene var motivert av en \u00abekstremistisk ideologi\u00bb. <\/p>\n<p><img alt=\"Politiet ransaket boligen til gjerningsmennene etter terrorangrepet.  Foto: Alasdair Pal \/ Reuters \/ NTB\" class=\"_image_qp4xg_65 layout-component layout-normal\" data-fullscreen- data-track-element-type=\"Article image fullscreen\" data-track-name=\"ImageFullscreen\" decoding=\"async\" loading=\"lazy\" height=\"2117\" itemprop=\"image\"  src=\"https:\/\/www.europesays.com\/no\/wp-content\/uploads\/2025\/12\/36d4b604-839e-466c-ae07-507df0743083\"  style=\"object-position:0% 0%\" width=\"3169\"\/>Politiet ransaket boligen til gjerningsmennene etter terrorangrepet.  Foto: Alasdair Pal \/ Reuters \/ NTB<\/p>\n<p class=\"_paragraph_o9xde_4 _paragraph_xtcu6_10 layout-component text-serif-m layout-normal text-serif-m layout-padded\">Politiet etterforsker mulige v\u00e6re koblinger mellom gjerningsmennene og terrorgruppen IS.<\/p>\n<p class=\"_paragraph_o9xde_4 _paragraph_xtcu6_10 layout-component text-serif-m layout-normal text-serif-m layout-padded\">Naveed var kjent for politiet fra f\u00f8r. Han ble unders\u00f8kt i 2019 i forbindelse med en IS-celle plassert i Sydney, men ble ikke ansett for \u00e5 utgj\u00f8re en umiddelbar trussel. <\/p>\n<p class=\"_paragraph_o9xde_4 _paragraph_xtcu6_10 layout-component text-serif-m layout-normal text-serif-m layout-padded\">B\u00e5de Naveed og Sajid bes\u00f8kte Filippinene, der IS noen uker f\u00f8r terrorangrepet, skriver <a href=\"https:\/\/www.smh.com.au\/national\/nsw\/alleged-bondi-terror-gunman-naveed-akram-told-family-he-was-going-on-fishing-trip-20251214-p5nnls.html\" class=\"_link_o9xde_39\" rel=\"nofollow noopener\" target=\"_blank\">Sydney Morning Herald<\/a>. <\/p>\n<p class=\"_paragraph_o9xde_4 _paragraph_xtcu6_10 layout-component text-serif-m layout-normal text-serif-m layout-padded\">Avisen omtaler et internt dokument som peker p\u00e5 tidligere forbindelser mellom australiere og terrorgrupper p\u00e5 Filippinene. <\/p>\n","protected":false},"excerpt":{"rendered":"Ahmed al-Ahmed hylles verden over for \u00e5 ha avv\u00e6pnet den ene gjerningsmannen under terrorangrepet i Sydney. Over 17&hellip;\n","protected":false},"author":2,"featured_media":114205,"comment_status":"","ping_status":"","sticky":false,"template":"","format":"standard","meta":{"footnotes":""},"categories":[12],"tags":[47,13899,20,21,24,25,15,22,23,13,30,28,29,14,16,13900,3686,26,27,42,43,44,45],"class_list":{"0":"post-114204","1":"post","2":"type-post","3":"status-publish","4":"format-standard","5":"has-post-thumbnail","7":"category-verden","8":"tag-australia","9":"tag-bondi-beach","10":"tag-breaking-news","11":"tag-breakingnews","12":"tag-featured-news","13":"tag-featurednews","14":"tag-headlines","15":"tag-latest-news","16":"tag-latestnews","17":"tag-news","18":"tag-no","19":"tag-norge","20":"tag-norway","21":"tag-nyheter","22":"tag-overskrifter","23":"tag-sydney","24":"tag-terror","25":"tag-top-stories","26":"tag-topstories","27":"tag-verden","28":"tag-world","29":"tag-world-news","30":"tag-worldnews"},"share_on_mastodon":{"url":"https:\/\/pubeurope.com\/@no\/115725978014726797","error":""},"_links":{"self":[{"href":"https:\/\/www.europesays.com\/no\/wp-json\/wp\/v2\/posts\/114204","targetHints":{"allow":["GET"]}}],"collection":[{"href":"https:\/\/www.europesays.com\/no\/wp-json\/wp\/v2\/posts"}],"about":[{"href":"https:\/\/www.europesays.com\/no\/wp-json\/wp\/v2\/types\/post"}],"author":[{"embeddable":true,"href":"https:\/\/www.europesays.com\/no\/wp-json\/wp\/v2\/users\/2"}],"replies":[{"embeddable":true,"href":"https:\/\/www.europesays.com\/no\/wp-json\/wp\/v2\/comments?post=114204"}],"version-history":[{"count":0,"href":"https:\/\/www.europesays.com\/no\/wp-json\/wp\/v2\/posts\/114204\/revisions"}],"wp:featuredmedia":[{"embeddable":true,"href":"https:\/\/www.europesays.com\/no\/wp-json\/wp\/v2\/media\/114205"}],"wp:attachment":[{"href":"https:\/\/www.europesays.com\/no\/wp-json\/wp\/v2\/media?parent=114204"}],"wp:term":[{"taxonomy":"category","embeddable":true,"href":"https:\/\/www.europesays.com\/no\/wp-json\/wp\/v2\/categories?post=114204"},{"taxonomy":"post_tag","embeddable":true,"href":"https:\/\/www.europesays.com\/no\/wp-json\/wp\/v2\/tags?post=114204"}],"curies":[{"name":"wp","href":"https:\/\/api.w.org\/{rel}","templated":true}]}}