{"id":114206,"date":"2025-12-15T22:37:23","date_gmt":"2025-12-15T22:37:23","guid":{"rendered":"https:\/\/www.europesays.com\/no\/114206\/"},"modified":"2025-12-15T22:37:23","modified_gmt":"2025-12-15T22:37:23","slug":"to-reddet-fra-traktor-i-elv-helt-under-vann","status":"publish","type":"post","link":"https:\/\/www.europesays.com\/no\/114206\/","title":{"rendered":"To reddet fra traktor i elv: \u2013 Helt under vann"},"content":{"rendered":"\n<p class=\"_lead_o9xde_2 _lead_xtcu6_50 layout-component text-serif-m layout-normal text-serif-l layout-component layout-wide layout-padded _wide_17hqh_1 layout-padded\">M\u00e5tte reddes av brannvesenet i b\u00e5t.<\/p>\n<ul aria-hidden=\"true\" class=\"_images_ntbth_112\">\n<li><a class=\"_link_ntbth_117\" href=\"https:\/\/www.vg.no\/forfatter\/hannah-solstad-klepp\" style=\"z-index:2\" title=\"Hannah Solstad Klepp\" rel=\"nofollow noopener\" target=\"_blank\"><img alt=\"Bilde av Hannah Solstad Klepp\" class=\"_image_ntbth_93\" fetchpriority=\"low\" loading=\"lazy\" decoding=\"async\" itemprop=\"image\"  src=\"https:\/\/www.europesays.com\/no\/wp-content\/uploads\/2025\/12\/1765838242_2_f811f9c1-64f7-4c50-9133-b5735831a650\"  width=\"480\"\/><\/a><\/li>\n<li><a class=\"_link_ntbth_117\" href=\"https:\/\/www.vg.no\/forfatter\/mona-langset\" style=\"z-index:1\" title=\"Mona Langset\" rel=\"nofollow noopener\" target=\"_blank\"><img alt=\"Bilde av Mona Langset\" class=\"_image_ntbth_93\" fetchpriority=\"low\" loading=\"lazy\" decoding=\"async\" itemprop=\"image\"  src=\"https:\/\/www.europesays.com\/no\/wp-content\/uploads\/2025\/12\/a592f7b8-d654-4432-9d92-e2e2e0017167\"  width=\"480\"\/><\/a><\/li>\n<\/ul>\n<p> Oppdatert mandag 15. desember kl. 20:57     <\/p>\n<p class=\"_paragraph_o9xde_4 _paragraph_xtcu6_10 layout-component text-serif-m layout-normal text-serif-m layout-padded\">To mindre\u00e5rige gutter satt mandag kveld strandet p\u00e5 taket av traktoren, som hadde kj\u00f8rt ut i en elv i <a href=\"https:\/\/www.vg.no\/i\/xrR2XB\" data-track-element-type=\"Link\" data-track-id=\"link:xrR2XB\" class=\"_link_o9xde_39\" rel=\"nofollow noopener\" target=\"_blank\">flomrammede Sokndal i Rogaland<\/a>. <\/p>\n<p class=\"_paragraph_o9xde_4 _paragraph_xtcu6_10 layout-component text-serif-m layout-normal text-serif-m layout-padded\">If\u00f8lge politiet er det sterk str\u00f8m i elven som ligger i n\u00e6rheten av \u00d8ynoveien.<\/p>\n<p class=\"_paragraph_o9xde_4 _paragraph_xtcu6_10 layout-component text-serif-m layout-normal text-serif-m layout-padded\">Utrykningsleder brann fortalte til VG klokken 19.48 at de var p\u00e5 vei ut til traktoren i en lettb\u00e5t.<\/p>\n<p class=\"_paragraph_o9xde_4 _paragraph_xtcu6_10 layout-component text-serif-m layout-normal text-serif-m layout-padded\">\u2013 Traktoren befinner seg rundt 300 meter fra der jeg st\u00e5r. Den er helt under vann, sa utrykningslederen f\u00f8r han kjapt avslutter for jobbe videre med redningen.<\/p>\n<p class=\"_paragraph_o9xde_4 _paragraph_xtcu6_10 layout-component text-serif-m layout-normal text-serif-m layout-padded\">Like etter fikk brannvesenet begge de involverte over i en b\u00e5t og inn til land. <\/p>\n<p class=\"_paragraph_o9xde_4 _paragraph_xtcu6_10 layout-component text-serif-m layout-normal text-serif-m layout-padded\">Der ble begge unders\u00f8kt av helsepersonell, og trengte ikke videre oppf\u00f8lging.<\/p>\n<p class=\"_paragraph_o9xde_4 _paragraph_xtcu6_10 layout-component text-serif-m layout-normal text-serif-m layout-padded\">Klokken 20.02 skriver politiet at traktoren vil bli st\u00e5ende i elven til vannet har trukket seg tilbake, og at personene tilses av helsepersonell.<\/p>\n<p class=\"_paragraph_o9xde_4 _paragraph_xtcu6_10 layout-component text-serif-m layout-normal text-serif-m layout-padded\">If\u00f8lge politiet eieren av traktoren informert.<\/p>\n<p class=\"_paragraph_o9xde_4 _paragraph_xtcu6_10 layout-component text-serif-m layout-normal text-serif-m layout-padded\">Litt senere p\u00e5 kvelden kunne brannsjef Vidar \u00d8rmen fortelle VG at de to ungdommene  hadde kj\u00f8rt av veien og satt seg fast i en kant. <\/p>\n<p class=\"_paragraph_o9xde_4 _paragraph_xtcu6_10 layout-component text-serif-m layout-normal text-serif-m layout-padded\">\u2013 De var ikke ute i selve elva, men vannet hadde steget s\u00e5 mye at det kom over traktoren der den sto fast, forteller \u00d8rmen.<\/p>\n<p class=\"_paragraph_o9xde_4 _paragraph_xtcu6_10 layout-component text-serif-m layout-normal text-serif-m layout-padded\"><a href=\"https:\/\/www.vg.no\/tag\/sokndal?utm_source=vg-article&amp;utm_medium=auto-tagger&amp;utm_campaign=7plkOv\" class=\"_link_o9xde_39\" rel=\"nofollow noopener\" target=\"_blank\">Sokndal<\/a> kommune har satt krisestab p\u00e5 grunn av flom etter kraftig regn natt til mandag. Ordf\u00f8rer Bj\u00f8rn-Inge Mydland ba foreldre holde ungene hjemme fra skolen mandag.<\/p>\n<p class=\"_paragraph_o9xde_4 _paragraph_xtcu6_10 layout-component text-serif-m layout-normal layout-padded\"><strong class=\"_strong_o9xde_25\">Les ogs\u00e5:<\/strong> <a href=\"https:\/\/www.vg.no\/i\/xrR2XB\" data-track-element-type=\"Link\" data-track-id=\"link:xrR2XB\" class=\"_link_o9xde_39\" rel=\"nofollow noopener\" target=\"_blank\">Oransje varsel om flomfare for deler av Rogaland og Agder<\/a><\/p>\n<p class=\"_paragraph_o9xde_4 _paragraph_xtcu6_10 layout-component text-serif-m layout-normal text-serif-m layout-padded\">\u2013 Det er mye regn. S\u00e5 er det en utfordring med at det er meldt mer regn ogs\u00e5, sa Mydland til VG.<\/p>\n<p class=\"_paragraph_o9xde_4 _paragraph_xtcu6_10 layout-component text-serif-m layout-normal text-serif-m layout-padded\">Det er kun to uker siden forrige runde med flomproblemer i kommunen. Meteorologisk institutt har sendt ut oransje varsel om flomfare for deler av Rogaland og Agder.<\/p>\n","protected":false},"excerpt":{"rendered":"M\u00e5tte reddes av brannvesenet i b\u00e5t. Oppdatert mandag 15. desember kl. 20:57 To mindre\u00e5rige gutter satt mandag kveld&hellip;\n","protected":false},"author":2,"featured_media":114207,"comment_status":"","ping_status":"","sticky":false,"template":"","format":"standard","meta":{"footnotes":""},"categories":[10],"tags":[20,21,24,25,15,22,23,13,30,28,29,14,16,2363,26,27],"class_list":{"0":"post-114206","1":"post","2":"type-post","3":"status-publish","4":"format-standard","5":"has-post-thumbnail","7":"category-norge","8":"tag-breaking-news","9":"tag-breakingnews","10":"tag-featured-news","11":"tag-featurednews","12":"tag-headlines","13":"tag-latest-news","14":"tag-latestnews","15":"tag-news","16":"tag-no","17":"tag-norge","18":"tag-norway","19":"tag-nyheter","20":"tag-overskrifter","21":"tag-sokndal","22":"tag-top-stories","23":"tag-topstories"},"share_on_mastodon":{"url":"https:\/\/pubeurope.com\/@no\/115725981869140350","error":""},"_links":{"self":[{"href":"https:\/\/www.europesays.com\/no\/wp-json\/wp\/v2\/posts\/114206","targetHints":{"allow":["GET"]}}],"collection":[{"href":"https:\/\/www.europesays.com\/no\/wp-json\/wp\/v2\/posts"}],"about":[{"href":"https:\/\/www.europesays.com\/no\/wp-json\/wp\/v2\/types\/post"}],"author":[{"embeddable":true,"href":"https:\/\/www.europesays.com\/no\/wp-json\/wp\/v2\/users\/2"}],"replies":[{"embeddable":true,"href":"https:\/\/www.europesays.com\/no\/wp-json\/wp\/v2\/comments?post=114206"}],"version-history":[{"count":0,"href":"https:\/\/www.europesays.com\/no\/wp-json\/wp\/v2\/posts\/114206\/revisions"}],"wp:featuredmedia":[{"embeddable":true,"href":"https:\/\/www.europesays.com\/no\/wp-json\/wp\/v2\/media\/114207"}],"wp:attachment":[{"href":"https:\/\/www.europesays.com\/no\/wp-json\/wp\/v2\/media?parent=114206"}],"wp:term":[{"taxonomy":"category","embeddable":true,"href":"https:\/\/www.europesays.com\/no\/wp-json\/wp\/v2\/categories?post=114206"},{"taxonomy":"post_tag","embeddable":true,"href":"https:\/\/www.europesays.com\/no\/wp-json\/wp\/v2\/tags?post=114206"}],"curies":[{"name":"wp","href":"https:\/\/api.w.org\/{rel}","templated":true}]}}