{"id":114209,"date":"2025-12-15T22:43:09","date_gmt":"2025-12-15T22:43:09","guid":{"rendered":"https:\/\/www.europesays.com\/no\/114209\/"},"modified":"2025-12-15T22:43:09","modified_gmt":"2025-12-15T22:43:09","slug":"neymar-fotball-neymar-dukket-opp-i-forkledning","status":"publish","type":"post","link":"https:\/\/www.europesays.com\/no\/114209\/","title":{"rendered":"Neymar, Fotball | Neymar dukket opp i forkledning"},"content":{"rendered":"\n<p>Den 33 \u00e5r gamle profilen har tilbrakt de siste dagene i New York med kj\u00e6resten Bruna Biancardi. Duoen har v\u00e6rt p\u00e5 sightseeing og bes\u00f8kt flere av byens mest befolkede turistomr\u00e5der.<\/p>\n<p>Deriblant velkjente Times Square.<\/p>\n<p><b>Les ogs\u00e5: <a href=\"https:\/\/www.nettavisen.no\/sport\/norge-profilen-torbjorn-heggem-utvist-meget-brutalt\/s\/5-95-2779899\" rel=\"Follow nofollow noopener\" target=\"_blank\">Norge-profilen Heggem utvist: \u2013 Meget brutalt<\/a><\/b><\/p>\n<p>Skjulte ansiktet<\/p>\n<p>Verdenskjente Neymar virket \u00e5 ville g\u00e5 ubemerket hen rundt i gatene og hadde derfor tatt p\u00e5 seg en heldekkende maske for anledning. Han hadde ogs\u00e5 hetten over hodet, slik at det n\u00e6rmest skulle v\u00e6re umulig \u00e5 se hvem som skjulte seg bak bekledningen.<\/p>\n<p>Det viser bilder og videoer han selv har publisert p\u00e5 Instagram.<\/p>\n<p>   <img decoding=\"async\" width=\"1192\" height=\"2018\" fetchpriority=\"low\"  loading=\"lazy\"  src=\"https:\/\/www.europesays.com\/no\/wp-content\/uploads\/2025\/12\/Skjermbilde+2025-12-15+kl.+07.51.24.jpg\" alt=\"\" class=\"brick-c-cFOWSL\" style=\"--brick-image-ratio: 1192 \/ 2018;\"\/><\/p>\n<p>      FORKLEDNING: Neymar hadde p\u00e5 seg maske da han bes\u00f8kte New York.<br \/>\n      Foto: Skjermdump Instagram (neymarjr)\n    <\/p>\n<p>  Svindyrt antrekk<\/p>\n<p>Til tross for at han skjulte ansiktet og fors\u00f8kte \u00e5 g\u00e5 \u00abinkognito\u00bb, fikk han utvilsomt oppmerksomhet. Antrekket var nemlig ikke av det helt ordin\u00e6re slaget. If\u00f8lge <a href=\"https:\/\/www.dailymail.co.uk\/sport\/football\/article-15382659\/Brazilian-star-Neymar-catches-eye.html\" rel=\"Follow nofollow noopener\" target=\"_blank\">Daily Mail <\/a>var jakken han gikk med av merket Luis Vuitton og koster n\u00e6rmere 4500 pund.<\/p>\n<p>Det tilsvarer rundt 60.000 norske kroner.<\/p>\n<p>Neymar har det siste \u00e5ret spilt for brasilianske Santos. Kontrakten hans utg\u00e5r denne m\u00e5neden og det er uvisst hva 33-\u00e5ringen skal foreta seg videre.<\/p>\n<p><b>Les ogs\u00e5: <a href=\"https:\/\/www.nettavisen.no\/sport\/utlandet-reagerer-etter-norges-vm-triumf-motbydelig\/s\/5-95-2779687\" rel=\"Follow nofollow noopener\" target=\"_blank\">Utlandet reagerer etter Norges VM-triumf: \u2013 Motbydelig<\/a><\/b><\/p>\n<p>Flere medier har omtalt at spilleren \u00f8nsker Carlo Ancelottis oppmerksomhet, for \u00e5 vise at han er god nok for landslaget i Brasil. Derfor har han et \u00f8nske om \u00e5 vise seg fram p\u00e5 en st\u00f8rre scene i en st\u00f8rre liga enn \u00abBrasileiro S\u00e9rie A\u00bb.<\/p>\n","protected":false},"excerpt":{"rendered":"Den 33 \u00e5r gamle profilen har tilbrakt de siste dagene i New York med kj\u00e6resten Bruna Biancardi. Duoen&hellip;\n","protected":false},"author":2,"featured_media":114210,"comment_status":"","ping_status":"","sticky":false,"template":"","format":"standard","meta":{"footnotes":""},"categories":[12],"tags":[20,21,24,25,15,22,23,13,30,28,29,14,16,26,27,42,43,44,45],"class_list":{"0":"post-114209","1":"post","2":"type-post","3":"status-publish","4":"format-standard","5":"has-post-thumbnail","7":"category-verden","8":"tag-breaking-news","9":"tag-breakingnews","10":"tag-featured-news","11":"tag-featurednews","12":"tag-headlines","13":"tag-latest-news","14":"tag-latestnews","15":"tag-news","16":"tag-no","17":"tag-norge","18":"tag-norway","19":"tag-nyheter","20":"tag-overskrifter","21":"tag-top-stories","22":"tag-topstories","23":"tag-verden","24":"tag-world","25":"tag-world-news","26":"tag-worldnews"},"share_on_mastodon":{"url":"https:\/\/pubeurope.com\/@no\/115726005633997311","error":""},"_links":{"self":[{"href":"https:\/\/www.europesays.com\/no\/wp-json\/wp\/v2\/posts\/114209","targetHints":{"allow":["GET"]}}],"collection":[{"href":"https:\/\/www.europesays.com\/no\/wp-json\/wp\/v2\/posts"}],"about":[{"href":"https:\/\/www.europesays.com\/no\/wp-json\/wp\/v2\/types\/post"}],"author":[{"embeddable":true,"href":"https:\/\/www.europesays.com\/no\/wp-json\/wp\/v2\/users\/2"}],"replies":[{"embeddable":true,"href":"https:\/\/www.europesays.com\/no\/wp-json\/wp\/v2\/comments?post=114209"}],"version-history":[{"count":0,"href":"https:\/\/www.europesays.com\/no\/wp-json\/wp\/v2\/posts\/114209\/revisions"}],"wp:featuredmedia":[{"embeddable":true,"href":"https:\/\/www.europesays.com\/no\/wp-json\/wp\/v2\/media\/114210"}],"wp:attachment":[{"href":"https:\/\/www.europesays.com\/no\/wp-json\/wp\/v2\/media?parent=114209"}],"wp:term":[{"taxonomy":"category","embeddable":true,"href":"https:\/\/www.europesays.com\/no\/wp-json\/wp\/v2\/categories?post=114209"},{"taxonomy":"post_tag","embeddable":true,"href":"https:\/\/www.europesays.com\/no\/wp-json\/wp\/v2\/tags?post=114209"}],"curies":[{"name":"wp","href":"https:\/\/api.w.org\/{rel}","templated":true}]}}