{"id":114220,"date":"2025-12-15T22:58:20","date_gmt":"2025-12-15T22:58:20","guid":{"rendered":"https:\/\/www.europesays.com\/no\/114220\/"},"modified":"2025-12-15T22:58:20","modified_gmt":"2025-12-15T22:58:20","slug":"81-av-278-elever-borte-aldri-opplevd-for-adressa-no","status":"publish","type":"post","link":"https:\/\/www.europesays.com\/no\/114220\/","title":{"rendered":"81 av 278 elever borte: &#8211; Aldri opplevd f\u00f8r &#8211; adressa.no"},"content":{"rendered":"<ol>\n<li><a href=\"https:\/\/news.google.com\/rss\/articles\/CBMiswFBVV95cUxPbHRydVdoa0w2SnpnOTVUY2VXX0tjTjJtbExFV3B6YklZcnR4WjJ2U25JeWxiVTV4OVE4VGtQTFpVSmctSjNrZlFESjY0UFQ4RUEyU24wWHJHbncxYVpfMVpsd1dxRTZLZWFjUnJKX2d6SGRidnU4YkFCZnJQVzFJcGVmRm9temlSa1NHeVRYLWk5Njd1ZGlCeUxxQWFmQUU1MUhpU195V2haUUxtbWJ0Y2FtYw?oc=5\" target=\"_blank\" rel=\"nofollow noopener\">81 av 278 elever borte: &#8211; Aldri opplevd f\u00f8r<\/a>&nbsp;&nbsp;adressa.no<\/li>\n<li><a href=\"https:\/\/news.google.com\/rss\/articles\/CBMiggFBVV95cUxOdjNUMzB4bnlDaExVcll2RVBOMzczNkxzSlRmcDhVZENIVnhzQmNsbkpsalR5UDl6am8wSXlrdWgxUjZZSmM3OG9YY1dCU1htd2R0aTJreHJ5RVVEQkh1dnlNUUxsdjhNdk1iaDZBYm05SU94WW5RR0NyOERIZDVDQmpR?oc=5\" target=\"_blank\" rel=\"nofollow noopener\">Sykdom, Prestvannet skole | Nesten 100 barn borte fra Troms\u00f8-skole<\/a>&nbsp;&nbsp;Nordlys<\/li>\n<li><a href=\"https:\/\/news.google.com\/rss\/articles\/CBMimAFBVV95cUxQdVdyRTNPRk9xOXFNTkgxVXNmZjVsMHZvcXNLTmRZSERtR2Rac3d1bzlDZXVzV3ZvWmd4eHdrQUF3RHdMOXJpSFRUVWh2c1RrZ1NiYkw1UHRtWlZzbkNOM2FVd0F3UkktS29HQ0tlWXdPQU5Yb1U5WmdGRlp4a0ZBSlZlMlBheWw5WVhyd244Tk1lUFpLZ000Xw?oc=5\" target=\"_blank\" rel=\"nofollow noopener\">Sykdomsb\u00f8lge herjer: 81 elever borte fra skole p\u00e5 \u00e9n dag<\/a>&nbsp;&nbsp;avisa-st.no<\/li>\n<li><a href=\"https:\/\/news.google.com\/rss\/articles\/CBMigwFBVV95cUxOMHljNFlmMmlNd3lfdXIxaFZJSHZiSURPV3JJMUF2STRaOVlTR1JQcnlWd216V2licjAzYnFQWVBLUkp1ZU54TVpndjhEam5FeDZHNlVlNnhsOWJUYmFKZjAzcmFDWm15bi1XTjVDTUd3U3V2Z1d1YlAyNzJHVWdGUUpkTQ?oc=5\" target=\"_blank\" rel=\"nofollow noopener\">Helse, Oppvekst | Kraftig smitte\u00f8kning: \u2013 Skjerper rutiner<\/a>&nbsp;&nbsp;Budstikka<\/li>\n<li><a href=\"https:\/\/news.google.com\/rss\/articles\/CBMikgFBVV95cUxNckZ6U0lsS0tpRjNzV1VZWXdXUGpVZE9LOEtRME1yQUYxV25RbnQ2U0EtUTRVejJYa1o3MGRSNGhhVXRpMXktNFFPR0VwakFLYlVPNmlJQmZZakJCNk0xOFJpdjA0ZXVxV0d6cGdURXppcmQ3OEJKOXI2eTJidE1SMWd4VkFPdlM4Wkp2YkxFb1hZUQ?oc=5\" target=\"_blank\" rel=\"nofollow noopener\">Mye sykdom i barnehagene: \u2013 Men det g\u00e5r rundt<\/a>&nbsp;&nbsp;Steinkjer-Avisa<\/li>\n<\/ol>\n","protected":false},"excerpt":{"rendered":"81 av 278 elever borte: &#8211; Aldri opplevd f\u00f8r&nbsp;&nbsp;adressa.no Sykdom, Prestvannet skole | Nesten 100 barn borte fra&hellip;\n","protected":false},"author":2,"featured_media":114221,"comment_status":"","ping_status":"","sticky":false,"template":"","format":"standard","meta":{"footnotes":""},"categories":[10],"tags":[2649,20,21,24,25,15,7141,22,23,13,30,28,29,14,16,2652,804,662,26,27],"class_list":{"0":"post-114220","1":"post","2":"type-post","3":"status-publish","4":"format-standard","5":"has-post-thumbnail","7":"category-norge","8":"tag-borsa","9":"tag-breaking-news","10":"tag-breakingnews","11":"tag-featured-news","12":"tag-featurednews","13":"tag-headlines","14":"tag-influensa","15":"tag-latest-news","16":"tag-latestnews","17":"tag-news","18":"tag-no","19":"tag-norge","20":"tag-norway","21":"tag-nyheter","22":"tag-overskrifter","23":"tag-rektor","24":"tag-skole","25":"tag-smitte","26":"tag-top-stories","27":"tag-topstories"},"share_on_mastodon":{"url":"https:\/\/pubeurope.com\/@no\/115726064252552407","error":""},"_links":{"self":[{"href":"https:\/\/www.europesays.com\/no\/wp-json\/wp\/v2\/posts\/114220","targetHints":{"allow":["GET"]}}],"collection":[{"href":"https:\/\/www.europesays.com\/no\/wp-json\/wp\/v2\/posts"}],"about":[{"href":"https:\/\/www.europesays.com\/no\/wp-json\/wp\/v2\/types\/post"}],"author":[{"embeddable":true,"href":"https:\/\/www.europesays.com\/no\/wp-json\/wp\/v2\/users\/2"}],"replies":[{"embeddable":true,"href":"https:\/\/www.europesays.com\/no\/wp-json\/wp\/v2\/comments?post=114220"}],"version-history":[{"count":0,"href":"https:\/\/www.europesays.com\/no\/wp-json\/wp\/v2\/posts\/114220\/revisions"}],"wp:featuredmedia":[{"embeddable":true,"href":"https:\/\/www.europesays.com\/no\/wp-json\/wp\/v2\/media\/114221"}],"wp:attachment":[{"href":"https:\/\/www.europesays.com\/no\/wp-json\/wp\/v2\/media?parent=114220"}],"wp:term":[{"taxonomy":"category","embeddable":true,"href":"https:\/\/www.europesays.com\/no\/wp-json\/wp\/v2\/categories?post=114220"},{"taxonomy":"post_tag","embeddable":true,"href":"https:\/\/www.europesays.com\/no\/wp-json\/wp\/v2\/tags?post=114220"}],"curies":[{"name":"wp","href":"https:\/\/api.w.org\/{rel}","templated":true}]}}