{"id":114224,"date":"2025-12-15T23:35:33","date_gmt":"2025-12-15T23:35:33","guid":{"rendered":"https:\/\/www.europesays.com\/no\/114224\/"},"modified":"2025-12-15T23:35:33","modified_gmt":"2025-12-15T23:35:33","slug":"russlands-sentralbank-saksoker-euroclear-for-2-300-milliarder-kroner","status":"publish","type":"post","link":"https:\/\/www.europesays.com\/no\/114224\/","title":{"rendered":"Russlands sentralbank saks\u00f8ker Euroclear for 2.300 milliarder kroner"},"content":{"rendered":"<p>P\u00e5 fredag ble det kjent at <a href=\"https:\/\/www.finansavisen.no\/politikk\/2025\/12\/12\/8314368\/russland-saksoker-euroclear-over-fryste-midler\" target=\"_blank\" rel=\"nofollow noopener\">den russiske sentralbanken saks\u00f8ker det belgiske verdipapirdepotet Euroclear<\/a>, som oppbevarer de fryste russiske midlene i EU.<\/p>\n<p>Sentralbanken pekte p\u00e5 at Euroclears \u00abulovlige handlinger\u00bb vil gj\u00f8re det \u00abumulig for banken \u00e5 disponere sine midler og verdipapirer\u00bb.<\/p>\n<p><b>Mandag melder nyhetsbyr\u00e5et Tass, gjengitt av <a href=\"https:\/\/www.bloomberg.com\/news\/articles\/2025-12-15\/russia-seeks-229-billion-from-euroclear-in-moscow-tass-reports\" target=\"_blank\" rel=\"nofollow noopener\">Bloomberg<\/a>, at s\u00f8ksm\u00e5let gjelder 18,2 billioner rubler, omkring 2.300 milliarder kroner. Bel\u00f8pet tilsvarer den samlede verdien av bankens frosne eiendeler, samt tilh\u00f8rende tapt avkastning.<\/b><\/p>\n<p>Sentralbanken vil be om at saken behandles bak lukkede d\u00f8rer, rapporterte nyhetsbyr\u00e5et RBC, med henvisning til kilder.<\/p>\n<p class=\"subhead\" data-element-type=\"subhead\" data-element-label=\"Mellomtittel\">Forlengelse av fryste midler<\/p>\n<p>EU godkjente fredag bruk av n\u00f8dfullmakter for \u00e5 forlenge frysen, og <a href=\"https:\/\/www.finansavisen.no\/politikk\/2025\/12\/13\/8314722\/eu-fryser-russiske-midler-pa-ubestemt-tid\" target=\"_blank\" rel=\"nofollow noopener\">midlene skal n\u00e5 fryses p\u00e5 ubestemt tid<\/a>. Vedtaket fra Europakommisjonen er lagt opp slik at det er ment \u00e5 omg\u00e5 veto samt sikre et l\u00e5n p\u00e5 90 milliarder euro til Kyiv med de frosne eiendelene som sikkerhet, if\u00f8lge Bloomberg.<\/p>\n<p>Den russiske sentralbanken reagerer kraftig p\u00e5 vedtaket og varsler at den vil utfordre enhver uautorisert bruk av aktivaene.<\/p>\n<p>Sentralbanken vil ogs\u00e5 s\u00f8ke fullbyrdelse av rettsavgj\u00f8relser i andre land. Dette f\u00f8lger if\u00f8lge nyhetsbyr\u00e5et en klassisk russisk modell, som flere selskaper tidligere har brukt: \u00e5 hente rettsavgj\u00f8relser i Russland og deretter fors\u00f8ke \u00e5 f\u00e5 dem tvangsfullbyrdet i utlandet.<\/p>\n","protected":false},"excerpt":{"rendered":"P\u00e5 fredag ble det kjent at den russiske sentralbanken saks\u00f8ker det belgiske verdipapirdepotet Euroclear, som oppbevarer de fryste&hellip;\n","protected":false},"author":2,"featured_media":114225,"comment_status":"","ping_status":"","sticky":false,"template":"","format":"standard","meta":{"footnotes":""},"categories":[12],"tags":[20,21,24,25,15,22,23,13,30,28,29,14,16,26,27,42,43,44,45],"class_list":{"0":"post-114224","1":"post","2":"type-post","3":"status-publish","4":"format-standard","5":"has-post-thumbnail","7":"category-verden","8":"tag-breaking-news","9":"tag-breakingnews","10":"tag-featured-news","11":"tag-featurednews","12":"tag-headlines","13":"tag-latest-news","14":"tag-latestnews","15":"tag-news","16":"tag-no","17":"tag-norge","18":"tag-norway","19":"tag-nyheter","20":"tag-overskrifter","21":"tag-top-stories","22":"tag-topstories","23":"tag-verden","24":"tag-world","25":"tag-world-news","26":"tag-worldnews"},"share_on_mastodon":{"url":"https:\/\/pubeurope.com\/@no\/115726209721128176","error":""},"_links":{"self":[{"href":"https:\/\/www.europesays.com\/no\/wp-json\/wp\/v2\/posts\/114224","targetHints":{"allow":["GET"]}}],"collection":[{"href":"https:\/\/www.europesays.com\/no\/wp-json\/wp\/v2\/posts"}],"about":[{"href":"https:\/\/www.europesays.com\/no\/wp-json\/wp\/v2\/types\/post"}],"author":[{"embeddable":true,"href":"https:\/\/www.europesays.com\/no\/wp-json\/wp\/v2\/users\/2"}],"replies":[{"embeddable":true,"href":"https:\/\/www.europesays.com\/no\/wp-json\/wp\/v2\/comments?post=114224"}],"version-history":[{"count":0,"href":"https:\/\/www.europesays.com\/no\/wp-json\/wp\/v2\/posts\/114224\/revisions"}],"wp:featuredmedia":[{"embeddable":true,"href":"https:\/\/www.europesays.com\/no\/wp-json\/wp\/v2\/media\/114225"}],"wp:attachment":[{"href":"https:\/\/www.europesays.com\/no\/wp-json\/wp\/v2\/media?parent=114224"}],"wp:term":[{"taxonomy":"category","embeddable":true,"href":"https:\/\/www.europesays.com\/no\/wp-json\/wp\/v2\/categories?post=114224"},{"taxonomy":"post_tag","embeddable":true,"href":"https:\/\/www.europesays.com\/no\/wp-json\/wp\/v2\/tags?post=114224"}],"curies":[{"name":"wp","href":"https:\/\/api.w.org\/{rel}","templated":true}]}}