{"id":114226,"date":"2025-12-16T00:04:09","date_gmt":"2025-12-16T00:04:09","guid":{"rendered":"https:\/\/www.europesays.com\/no\/114226\/"},"modified":"2025-12-16T00:04:09","modified_gmt":"2025-12-16T00:04:09","slug":"venezuela-belarus-lukasjenko-maduro-er-velkommen-til-belarus","status":"publish","type":"post","link":"https:\/\/www.europesays.com\/no\/114226\/","title":{"rendered":"Venezuela, Belarus | Lukasjenko: Maduro er velkommen til Belarus"},"content":{"rendered":"\n<p>President Aleksandr Lukasjenko sier at Venezuelas president \u2060Nicol\u00e1s Maduro er velkommen til Belarus dersom han skulle g\u00e5 av.<\/p>\n<p>Lukasjenko understreker likevel at det ikke har blitt holdt slike samtaler mellom Belarus og Maduro, if\u00f8lge sitater fra intervju med Newsmax som mandag ble publisert p\u00e5 en Telegram-kanal som er tilknyttet Lukasjenko-administrasjonen.<\/p>\n<p>Det er for tiden h\u00f8y spenning mellom USA og Venezuela. USA har bygget opp en betydelig milit\u00e6r tilstedev\u00e6relse i Karibia og har angrepet det de hevder er b\u00e5ter fra Venezuela som transporterer narkotika.<\/p>\n<p>USA anklager Maduro for \u00e5 lede det Washington selv kaller \u00abSol-kartellet\u00bb, og har utlovet en dus\u00f8r p\u00e5 50 millioner dollar for opplysninger som kan f\u00f8re til p\u00e5gripelse av Maduro.<\/p>\n<p>Venezuelas regjering mener USA fors\u00f8ker \u00e5 f\u00e5 presset fram et regimeskifte for \u00e5 f\u00e5 kontroll over landets store oljeressurser.<\/p>\n<p>(\u00a9NTB)<\/p>\n<p>    Vil du se neste video?<\/p>\n<p>    <a href=\"https:\/\/www.nettavisen.no\/nyheter\/ny-donal-trump-blemme-dumskalle\/v\/5-95-2774170\" class=\"recommend-poster\" data-adp-clicklabel=\"video-recommend\" data-adp-clickvalue=\"poster\" rel=\"nofollow noopener\" target=\"_blank\"><br \/>\n      <img decoding=\"async\" width=\"200\" height=\"200\" loading=\"lazy\" src=\"https:\/\/www.europesays.com\/no\/wp-content\/uploads\/2025\/12\/Trump+og+mobil+til+cue.jpg\" alt=\"\" class=\"brick-c-cFOWSL\" style=\"--brick-image-ratio: 200 \/ 200;\"\/><\/p>\n<p>Ny Trump-blemme: \u2013 Dumskalle0:57<\/p>\n<p>    <\/a><\/p>\n<p>        USAs president Donald Trump har p\u00e5st\u00e5tt at dagene til Venezuelas president Nicol\u00e1s Maduro er talte. Og under en pressekonferanse i Oslo torsdag, fikk fredsprisvinner Mar\u00eda Corina Machado sp\u00f8rsm\u00e5l om man har en plan for landet hvis Maduro forsvinner.<\/p>\n","protected":false},"excerpt":{"rendered":"President Aleksandr Lukasjenko sier at Venezuelas president \u2060Nicol\u00e1s Maduro er velkommen til Belarus dersom han skulle g\u00e5 av.&hellip;\n","protected":false},"author":2,"featured_media":114227,"comment_status":"","ping_status":"","sticky":false,"template":"","format":"standard","meta":{"footnotes":""},"categories":[12],"tags":[20,21,24,25,15,22,23,13,30,28,29,14,16,26,27,42,43,44,45],"class_list":{"0":"post-114226","1":"post","2":"type-post","3":"status-publish","4":"format-standard","5":"has-post-thumbnail","7":"category-verden","8":"tag-breaking-news","9":"tag-breakingnews","10":"tag-featured-news","11":"tag-featurednews","12":"tag-headlines","13":"tag-latest-news","14":"tag-latestnews","15":"tag-news","16":"tag-no","17":"tag-norge","18":"tag-norway","19":"tag-nyheter","20":"tag-overskrifter","21":"tag-top-stories","22":"tag-topstories","23":"tag-verden","24":"tag-world","25":"tag-world-news","26":"tag-worldnews"},"share_on_mastodon":{"url":"https:\/\/pubeurope.com\/@no\/115726323992783791","error":""},"_links":{"self":[{"href":"https:\/\/www.europesays.com\/no\/wp-json\/wp\/v2\/posts\/114226","targetHints":{"allow":["GET"]}}],"collection":[{"href":"https:\/\/www.europesays.com\/no\/wp-json\/wp\/v2\/posts"}],"about":[{"href":"https:\/\/www.europesays.com\/no\/wp-json\/wp\/v2\/types\/post"}],"author":[{"embeddable":true,"href":"https:\/\/www.europesays.com\/no\/wp-json\/wp\/v2\/users\/2"}],"replies":[{"embeddable":true,"href":"https:\/\/www.europesays.com\/no\/wp-json\/wp\/v2\/comments?post=114226"}],"version-history":[{"count":0,"href":"https:\/\/www.europesays.com\/no\/wp-json\/wp\/v2\/posts\/114226\/revisions"}],"wp:featuredmedia":[{"embeddable":true,"href":"https:\/\/www.europesays.com\/no\/wp-json\/wp\/v2\/media\/114227"}],"wp:attachment":[{"href":"https:\/\/www.europesays.com\/no\/wp-json\/wp\/v2\/media?parent=114226"}],"wp:term":[{"taxonomy":"category","embeddable":true,"href":"https:\/\/www.europesays.com\/no\/wp-json\/wp\/v2\/categories?post=114226"},{"taxonomy":"post_tag","embeddable":true,"href":"https:\/\/www.europesays.com\/no\/wp-json\/wp\/v2\/tags?post=114226"}],"curies":[{"name":"wp","href":"https:\/\/api.w.org\/{rel}","templated":true}]}}