{"id":114230,"date":"2025-12-16T00:18:07","date_gmt":"2025-12-16T00:18:07","guid":{"rendered":"https:\/\/www.europesays.com\/no\/114230\/"},"modified":"2025-12-16T00:18:07","modified_gmt":"2025-12-16T00:18:07","slug":"trump-anklager-netanyahu-for-brudd-pa-vapenhvilen","status":"publish","type":"post","link":"https:\/\/www.europesays.com\/no\/114230\/","title":{"rendered":"Trump anklager Netanyahu for brudd p\u00e5 v\u00e5penhvilen"},"content":{"rendered":"\n<p class=\"_lead_o9xde_2 _lead_xtcu6_50 layout-component text-serif-m layout-normal text-serif-l layout-component layout-wide layout-padded _wide_17hqh_1 layout-padded\">President Donald Trump anklager Israels statsminister Benjamin Netanyahu for \u00e5 ha brutt v\u00e5penhvilen med Hamas, skriver nettavisen Axios. <\/p>\n<p><img alt=\"President Donald Trump og hans n\u00e6rmeste medarbeidere er \u00absv\u00e6rt frustrerte\u00bb over Israels statsminister Benjamin Netanyahu og anklager ham for brudd p\u00e5 v\u00e5penhvilen med Hamas, sier kilder til Axios.  Foto: AP \/ NTB\" class=\"_image_qp4xg_65 layout-component layout-wide\" data-fullscreen- data-track-element-type=\"Article image fullscreen\" data-track-name=\"ImageFullscreen\" fetchpriority=\"high\" decoding=\"sync\" loading=\"eager\" height=\"3506\" itemprop=\"image\"  src=\"https:\/\/www.europesays.com\/no\/wp-content\/uploads\/2025\/12\/76ab3b44-5c8e-4564-aae7-db6b9b725c7c\"  style=\"object-position:0% 0%\" width=\"5259\"\/>President Donald Trump og hans n\u00e6rmeste medarbeidere er \u00absv\u00e6rt frustrerte\u00bb over Israels statsminister Benjamin Netanyahu og anklager ham for brudd p\u00e5 v\u00e5penhvilen med Hamas, sier kilder til Axios.  Foto: AP \/ NTB<\/p>\n<ul aria-hidden=\"true\" class=\"_images_ntbth_112\">\n<li><a class=\"_link_ntbth_117\" href=\"https:\/\/www.vg.no\/forfatter\/ntb\" style=\"z-index:1\" title=\"NTB\" rel=\"nofollow noopener\" target=\"_blank\"><img alt=\"Bilde av NTB\" class=\"_image_ntbth_93\" fetchpriority=\"low\" loading=\"lazy\" decoding=\"async\" itemprop=\"image\"  src=\"https:\/\/www.europesays.com\/no\/wp-content\/uploads\/2025\/12\/1765844287_308_c33980b0-5d07-4027-84a1-813f90a7c8d6\"  width=\"480\"\/><\/a><\/li>\n<\/ul>\n<p> Oppdatert tirsdag 16. desember kl. 00:07     <\/p>\n<p class=\"_paragraph_o9xde_4 _paragraph_xtcu6_10 layout-component text-serif-m layout-normal text-serif-m layout-padded\"><a href=\"https:\/\/www.axios.com\/2025\/12\/15\/israel-violate-ceasefire-gaza-strike-trump\" class=\"_link_o9xde_39\" rel=\"nofollow noopener\" target=\"_blank\">If\u00f8lge Axios<\/a> , som viser til to amerikanske tjenestepersoner, sendte Det hvite hus i helgen en skarp privat melding til Netanyahu der de slo fast at l\u00f8rdagens drap p\u00e5 Hamas-toppen Raed Saed var et brudd p\u00e5 v\u00e5penhvilen. <\/p>\n<p class=\"_paragraph_o9xde_4 _paragraph_xtcu6_10 layout-component text-serif-m layout-normal text-serif-m layout-padded\">If\u00f8lge kildene er b\u00e5de USAs utenriksminister Marco Rubio, Trumps spesialutsending Steve Witkoff og presidentens svigers\u00f8nn og r\u00e5dgiver Jared Kushner \u00absv\u00e6rt frustrerte\u00bb over Netanyahu.<\/p>\n<p class=\"_paragraph_o9xde_4 _paragraph_xtcu6_10 layout-component text-serif-m layout-normal text-serif-m layout-padded\">Bakgrunnen for det anspente forholdet skal v\u00e6re Israels manglende vilje til \u00e5 gjennomf\u00f8re neste fase i fredsavtalen.<\/p>\n<p class=\"_paragraph_o9xde_4 _paragraph_xtcu6_10 layout-component text-serif-m layout-normal text-serif-m layout-padded\">\u2013 Hvis du vil \u00f8delegge ditt eget omd\u00f8mme og vise at du ikke holder deg til avtalen, s\u00e5 v\u00e6r s\u00e5 god, men vi vil ikke tillate deg \u00e5 \u00f8delegge president Trumps omd\u00f8mme, var budskapet til Netanyahu, if\u00f8lge kildene.<\/p>\n<p>\u2013 Global paria<\/p>\n<p class=\"_paragraph_o9xde_4 _paragraph_xtcu6_10 layout-component text-serif-m layout-normal text-serif-m layout-padded\">\u2013 Netanyahu har de siste to \u00e5rene blitt en global paria. Han b\u00f8r sp\u00f8rre seg selv hvorfor Egypts president Abdel Fattah al-Sisi nekter \u00e5 m\u00f8te ham, og hvorfor han, fem \u00e5r etter Abraham-avtalene, fortsatt ikke har blitt invitert til \u00e5 bes\u00f8ke De forente arabiske emirater, sier en amerikansk tjenestemann til Axios.<\/p>\n<p class=\"_paragraph_o9xde_4 _paragraph_xtcu6_10 layout-component text-serif-m layout-normal text-serif-m layout-padded\">\u2013 Hvis Netanyahu ikke vil ta de n\u00f8dvendige skrittene for \u00e5 trappe ned, kommer vi ikke til \u00e5 kaste bort tiden v\u00e5r p\u00e5 \u00e5 pr\u00f8ve \u00e5 utvide Abraham-avtalene, legger han til.<\/p>\n<p class=\"_paragraph_o9xde_4 _paragraph_xtcu6_10 layout-component text-serif-m layout-normal text-serif-m layout-padded\">Trump lanserte de s\u00e5kalte Abraham-avtalene i 2020. Emiratene, Bahrain, Sudan og Marokko sluttet opp om dem og gikk med p\u00e5 \u00e5 normalisere forholdet til Israel, noe Saudi-Arabia og andre arabiske land har nektet \u00e5 gj\u00f8re s\u00e5 lenge Israel okkuperer Vestbredden og Gaza.<\/p>\n<p>Angrepene fortsetter<\/p>\n<p class=\"_paragraph_o9xde_4 _paragraph_xtcu6_10 layout-component text-serif-m layout-normal text-serif-m layout-padded\">Israel og Hamas gikk tidligere i h\u00f8st med p\u00e5 et amerikansk forslag til fredsavtale i Gaza, og en v\u00e5penhvile tr\u00e5dte i kraft 10. oktober.<\/p>\n<p class=\"_paragraph_o9xde_4 _paragraph_xtcu6_10 layout-component text-serif-m layout-normal text-serif-m layout-padded\">Israel har til tross for v\u00e5penhvilen gjennomf\u00f8rt en rekke angrep mot det de sier er Hamas-m\u00e5l i Gaza siden, og n\u00e6rmere 400 mennesker er if\u00f8lge palestinske helsemyndigheter drept.<\/p>\n<p class=\"_paragraph_o9xde_4 _paragraph_xtcu6_10 layout-component text-serif-m layout-normal text-serif-m layout-padded\">Netanyahu skal etter planen bes\u00f8ke Trump i Mar-a-Lago 29. desember.<\/p>\n<p>Stabiliseringsstyrke<\/p>\n<p class=\"_paragraph_o9xde_4 _paragraph_xtcu6_10 layout-component text-serif-m layout-normal text-serif-m layout-padded\">I Det hvite hus mandag kommenterte Trump selv drapet p\u00e5 Hamas-leder Raed Saed. Presidenten sa at hans administrasjon skal se p\u00e5 om Israel br\u00f8t v\u00e5penhvilen da Hamas-toppen ble drept l\u00f8rdag.<\/p>\n<p class=\"_paragraph_o9xde_4 _paragraph_xtcu6_10 layout-component text-serif-m layout-normal text-serif-m layout-padded\">Trump sa ogs\u00e5 at den internasjonale stabiliseringsstyrken for Gaza er underveis.<\/p>\n<p class=\"_paragraph_o9xde_4 _paragraph_xtcu6_10 layout-component text-serif-m layout-normal text-serif-m layout-padded\">\u2013 Jeg tror at den p\u00e5 et vis allerede er p\u00e5 beina. Stadig flere land slutter seg til den. De er allerede med p\u00e5 den, men de skal sende det antallet soldater som jeg ber dem om, sa presidenten til journalister i Det ovale kontor.<\/p>\n","protected":false},"excerpt":{"rendered":"President Donald Trump anklager Israels statsminister Benjamin Netanyahu for \u00e5 ha brutt v\u00e5penhvilen med Hamas, skriver nettavisen Axios.&hellip;\n","protected":false},"author":2,"featured_media":114231,"comment_status":"","ping_status":"","sticky":false,"template":"","format":"standard","meta":{"footnotes":""},"categories":[12],"tags":[54,20,21,55,24,25,53,15,52,22,23,13,30,28,29,14,16,26,27,42,43,44,45],"class_list":{"0":"post-114230","1":"post","2":"type-post","3":"status-publish","4":"format-standard","5":"has-post-thumbnail","7":"category-verden","8":"tag-benjamin-netanyahu","9":"tag-breaking-news","10":"tag-breakingnews","11":"tag-donald-trump","12":"tag-featured-news","13":"tag-featurednews","14":"tag-gaza","15":"tag-headlines","16":"tag-israel","17":"tag-latest-news","18":"tag-latestnews","19":"tag-news","20":"tag-no","21":"tag-norge","22":"tag-norway","23":"tag-nyheter","24":"tag-overskrifter","25":"tag-top-stories","26":"tag-topstories","27":"tag-verden","28":"tag-world","29":"tag-world-news","30":"tag-worldnews"},"share_on_mastodon":{"url":"https:\/\/pubeurope.com\/@no\/115726379032176740","error":""},"_links":{"self":[{"href":"https:\/\/www.europesays.com\/no\/wp-json\/wp\/v2\/posts\/114230","targetHints":{"allow":["GET"]}}],"collection":[{"href":"https:\/\/www.europesays.com\/no\/wp-json\/wp\/v2\/posts"}],"about":[{"href":"https:\/\/www.europesays.com\/no\/wp-json\/wp\/v2\/types\/post"}],"author":[{"embeddable":true,"href":"https:\/\/www.europesays.com\/no\/wp-json\/wp\/v2\/users\/2"}],"replies":[{"embeddable":true,"href":"https:\/\/www.europesays.com\/no\/wp-json\/wp\/v2\/comments?post=114230"}],"version-history":[{"count":0,"href":"https:\/\/www.europesays.com\/no\/wp-json\/wp\/v2\/posts\/114230\/revisions"}],"wp:featuredmedia":[{"embeddable":true,"href":"https:\/\/www.europesays.com\/no\/wp-json\/wp\/v2\/media\/114231"}],"wp:attachment":[{"href":"https:\/\/www.europesays.com\/no\/wp-json\/wp\/v2\/media?parent=114230"}],"wp:term":[{"taxonomy":"category","embeddable":true,"href":"https:\/\/www.europesays.com\/no\/wp-json\/wp\/v2\/categories?post=114230"},{"taxonomy":"post_tag","embeddable":true,"href":"https:\/\/www.europesays.com\/no\/wp-json\/wp\/v2\/tags?post=114230"}],"curies":[{"name":"wp","href":"https:\/\/api.w.org\/{rel}","templated":true}]}}