{"id":114234,"date":"2025-12-16T00:25:13","date_gmt":"2025-12-16T00:25:13","guid":{"rendered":"https:\/\/www.europesays.com\/no\/114234\/"},"modified":"2025-12-16T00:25:13","modified_gmt":"2025-12-16T00:25:13","slug":"mikkel-christiansen-skal-bli-far-2","status":"publish","type":"post","link":"https:\/\/www.europesays.com\/no\/114234\/","title":{"rendered":"Mikkel Christiansen skal bli far"},"content":{"rendered":"<p> Mikkel Christiansen (33), kjent fra Broiler, skal bli pappa. Det forteller han og kj\u00e6resten Linn Helena Nilsen i magasinet <a href=\"https:\/\/www.elle.no\/familie-graviditet-intervju\/eksklusivt-for-elle-mikkel-christiansen-og-linn-helena-nilsen-venter-sitt-forste-barn-sammen\/922847\" rel=\"nofollow noopener\" target=\"_blank\">Elle<\/a>. I et stort intervju forteller paret at de venter en jente i 2026. <\/p>\n<p>\u2013 Det er innmari stas \u00e5 f\u00e5 barn sammen. Det er ogs\u00e5 veldig spennende \u00e5 f\u00f8lge utviklingen til babyen i magen og alt det kroppslige som f\u00f8lger med. Jeg har v\u00e6rt heldig med en fin og enkel graviditet. Det har rett og slett v\u00e6rt, og er, en magisk tid, sier Nilsen til magasinet.<\/p>\n<p>Paret har nylig flyttet sammen i <a href=\"https:\/\/www.tv2.no\/underholdning\/har-brukt-400000-pa-et-walk-in-closet\/17123252\/\" rel=\"nofollow noopener\" target=\"_blank\">Christiansens nyoppussede hus i Drammen<\/a>, hvor de skal feire jul sammen.<\/p>\n<p> \u2013 Vi kjente jo hverandre godt fra f\u00f8r. En gang for noen \u00e5r siden fortalte jeg moren min at den eneste jeg kunne tenke meg \u00e5 f\u00e5 barn med noen gang var Helena, selvom det p\u00e5 den tiden f\u00f8ltes ut som at det toget hadde g\u00e5tt, forteller Christiansen til Elle.<\/p>\n<p>Nilsen avsl\u00f8rte p\u00e5 Instagram tidligere i \u00e5r at hun hadde<a href=\"https:\/\/www.tv2.no\/underholdning\/bekrefter-fant-tilbake-til-ungdomskjaeresten\/17651445\/\" rel=\"nofollow noopener\" target=\"_blank\"> funnet tilbake til barndomskj\u00e6resten<\/a> &#8211; Christiansen. Da hadde hun lagt ut et bilde fra 2014, hvor de sist var et par.<\/p>\n","protected":false},"excerpt":{"rendered":"Mikkel Christiansen (33), kjent fra Broiler, skal bli pappa. Det forteller han og kj\u00e6resten Linn Helena Nilsen i&hellip;\n","protected":false},"author":2,"featured_media":114235,"comment_status":"","ping_status":"","sticky":false,"template":"","format":"standard","meta":{"footnotes":""},"categories":[12],"tags":[20,21,24,25,15,22,23,13,30,28,29,14,16,26,27,42,43,44,45],"class_list":{"0":"post-114234","1":"post","2":"type-post","3":"status-publish","4":"format-standard","5":"has-post-thumbnail","7":"category-verden","8":"tag-breaking-news","9":"tag-breakingnews","10":"tag-featured-news","11":"tag-featurednews","12":"tag-headlines","13":"tag-latest-news","14":"tag-latestnews","15":"tag-news","16":"tag-no","17":"tag-norge","18":"tag-norway","19":"tag-nyheter","20":"tag-overskrifter","21":"tag-top-stories","22":"tag-topstories","23":"tag-verden","24":"tag-world","25":"tag-world-news","26":"tag-worldnews"},"share_on_mastodon":{"url":"https:\/\/pubeurope.com\/@no\/115726406403340754","error":""},"_links":{"self":[{"href":"https:\/\/www.europesays.com\/no\/wp-json\/wp\/v2\/posts\/114234","targetHints":{"allow":["GET"]}}],"collection":[{"href":"https:\/\/www.europesays.com\/no\/wp-json\/wp\/v2\/posts"}],"about":[{"href":"https:\/\/www.europesays.com\/no\/wp-json\/wp\/v2\/types\/post"}],"author":[{"embeddable":true,"href":"https:\/\/www.europesays.com\/no\/wp-json\/wp\/v2\/users\/2"}],"replies":[{"embeddable":true,"href":"https:\/\/www.europesays.com\/no\/wp-json\/wp\/v2\/comments?post=114234"}],"version-history":[{"count":0,"href":"https:\/\/www.europesays.com\/no\/wp-json\/wp\/v2\/posts\/114234\/revisions"}],"wp:featuredmedia":[{"embeddable":true,"href":"https:\/\/www.europesays.com\/no\/wp-json\/wp\/v2\/media\/114235"}],"wp:attachment":[{"href":"https:\/\/www.europesays.com\/no\/wp-json\/wp\/v2\/media?parent=114234"}],"wp:term":[{"taxonomy":"category","embeddable":true,"href":"https:\/\/www.europesays.com\/no\/wp-json\/wp\/v2\/categories?post=114234"},{"taxonomy":"post_tag","embeddable":true,"href":"https:\/\/www.europesays.com\/no\/wp-json\/wp\/v2\/tags?post=114234"}],"curies":[{"name":"wp","href":"https:\/\/api.w.org\/{rel}","templated":true}]}}