{"id":114240,"date":"2025-12-16T00:34:14","date_gmt":"2025-12-16T00:34:14","guid":{"rendered":"https:\/\/www.europesays.com\/no\/114240\/"},"modified":"2025-12-16T00:34:14","modified_gmt":"2025-12-16T00:34:14","slug":"skummel-utvikling-seier-meteorolog-nrk-innlandet-lokale-nyheter-tv-og-radio","status":"publish","type":"post","link":"https:\/\/www.europesays.com\/no\/114240\/","title":{"rendered":"\u2013 Skummel utvikling, seier meteorolog \u2013 NRK Innlandet \u2013 Lokale nyheter, TV og radio"},"content":{"rendered":"<p>Saka oppsummert: <\/p>\n<ul>\n<li>Trysil kan f\u00e5 si f\u00f8rste sn\u00f8frie jul sidan 1957, med prognosar som viser mildv\u00ear og regn.<\/li>\n<li>Meteorologar peikar p\u00e5 klimaendringar som mogleg \u00e5rsak til den uvanlege utviklinga.<\/li>\n<li>2025 er venta \u00e5 bli det nest varmaste \u00e5ret i historia, if\u00f8lge EUs klimateneste Copernicus.<\/li>\n<li>Fleire skidestinasjonar i S\u00f8r-Noreg slit med \u00e5 halde opne anlegg grunna mangel p\u00e5 sn\u00f8.<\/li>\n<li>Fjellomr\u00e5da som Beitost\u00f8len har framleis sn\u00f8, medan l\u00e5gareliggjande omr\u00e5de som Trysil opplever mildare temperaturar og regn.<\/li>\n<\/ul>\n<p>Oppsummeringa er laga av ei KI-teneste fr\u00e5 OpenAI. Innhaldet er kvalitetssikra av NRK sine journalistar f\u00f8r publisering.<\/p>\n<p>I 68 \u00e5r har tryslinger vakna opp til kvit jul, men denne jula ser ut til \u00e5 bli annleis. Det milde v\u00earet s\u00e5 langt i desember ser ikkje ut til \u00e5 snu i tide. Med det kan det bli ei historisk julefeiring utan sn\u00f8 i eitt av Noregs \u00absn\u00f8sikre\u00bb plassar.<\/p>\n<p>\u2013 Det er heilt klart mot korleis det normalt sett er, seier meteorolog Espen Biseth Granan.<\/p>\n<p>Han legg til at prognosane framleis er \u00f8rlite grann usikre. Temperaturane kan framleis g\u00e5 noko ned mot julaftan, men det er ikkje venta nedb\u00f8r, og med det ingen sn\u00f8. <\/p>\n<p><img decoding=\"async\"   src=\"data:image\/gif;base64,R0lGODlhAQABAIAAAAAAAP\/\/\/yH5BAEAAAAALAAAAAABAAEAAAIBRAA7\" loading=\"eager\" alt=\"Gr\u00f8nne vekster og bare tr\u00e6r preger bybildet til et sn\u00f8fattig Trysil sentrum, under to uker til jul. \" title=\"Foto: Jostein Mor\u00f8nning\"\/><\/p>\n<p class=\"\">Gr\u00f8nne vekstar og berre tre pregar bybildet til eit sn\u00f8fattig Trysil sentrum.<\/p>\n<p>Foto: Jostein Mor\u00f8nning<\/p>\n<p>M\u00e5 tilbake til 1957<\/p>\n<p><a href=\"https:\/\/www.nrk.no\/norge\/droymer-du-om-kvit-jul_-sjekk-kor-mange-gongar-du-har-vakna-til-sno-og-korleis-jula-blir-i-framtida-1.17656625\" ec-id=\"pp:article:1.17656625\" ec-name=\"NRK har forma ut ei landsdekkande oversikt over korleis v\u00earet var p\u00e5 julaftan\" rel=\"nofollow noopener\" target=\"_blank\">NRK har forma ut ei landsdekkande oversikt over korleis v\u00earet var p\u00e5 julaftan<\/a> heilt tilbake til 1957 \u2013 og det er s\u00e5 langt tilbake vi m\u00e5 reise for \u00e5 finne ei samanliknbar jul i Trysil. D\u00e5 var sn\u00f8mengda 0,2 centimeter.<\/p>\n<p>\u2013 Det kan sj\u00e5 ut som at vi f\u00e5r ein reprise av 1957, seier Granan.<\/p>\n<p>\u2013 Vil dette, dersom det ikkje legg seg sn\u00f8 p\u00e5 bakken i Trysil, bli ei historisk jul?<\/p>\n<p>\u2013 Ja, det vil det bli, ut fr\u00e5 s\u00e5 lenge vi har m\u00e5lt. <\/p>\n<p>\u2013 Er klimaendringane ei \u00e5rsak til dette?<\/p>\n<p>\u2013 Det kan jo vere det. S\u00e6rleg dersom det blir fleire julaftnar p\u00e5 rad med lite, eller ingen sn\u00f8, s\u00e5 er det eit m\u00f8nster som g\u00e5r igjen. Nokre avvik kan det vere som kan komme av andre ting, men f\u00e5r ein trend s\u00e5 er det heilt klart global oppvarming som speler inn. <\/p>\n<p>\u2013 Kva tenker du om den utviklinga?<\/p>\n<p>\u2013 Det er ikkje noko bra det, synest eg. Det er ei skummel utvikling.<\/p>\n<p><img decoding=\"async\"   src=\"data:image\/gif;base64,R0lGODlhAQABAIAAAAAAAP\/\/\/yH5BAEAAAAALAAAAAABAAEAAAIBRAA7\" loading=\"eager\" alt=\"K\u00f8 i skiheisen og masse folk i alpinbakken i Trysilfjellet f\u00f8r nytt\u00e5rshelga 2021.\" title=\"Foto: Stein S Eide \/ NRK\"\/><\/p>\n<p class=\"\">K\u00f8 og mykje folk i bakken i Trysil tilbake til 2021. D\u00e5 vart det m\u00e5lt 17,9 centimeter sn\u00f8 p\u00e5 julaftan. <\/p>\n<p>Foto: Stein S Eide \/ NRK<\/p>\n<p>Varmare tider <\/p>\n<p>2025 er p\u00e5 veg til \u00e5 bli historias nest varmaste \u00e5r, if\u00f8lge <a href=\"https:\/\/climate.copernicus.eu\/copernicus-2025-course-be-joint-second-warmest-year-november-third-warmest-record\" ec-id=\"https:\/\/climate.copernicus.eu\/copernicus-2025-course-be-joint-second-warmest-year-november-third-warmest-record\" ec-name=\"EUs klimateneste Copernicus.\" rel=\"nofollow noopener\" target=\"_blank\">EUs klimateneste Copernicus.<\/a> <\/p>\n<p>P\u00e5 Flisa i \u00c5snes kommune ligg temperaturen s\u00e5 langt i desember <a href=\"https:\/\/www.glomdalen.no\/synes-du-det-er-varmt-denne-kommunen-har-opplevd-noe-spesielt-i-desember\/s\/80-19-169696\" ec-id=\"https:\/\/www.glomdalen.no\/synes-du-det-er-varmt-denne-kommunen-har-opplevd-noe-spesielt-i-desember\/s\/80-19-169696\" ec-name=\"6,2 grader over normalen.\" rel=\"nofollow noopener\" target=\"_blank\">6,2 grader over normalen.<\/a> <\/p>\n<p>\u2013 Kva skuldast denne varme perioden?<\/p>\n<p>\u2013 Det har vore mykje tilf\u00f8rsel av s\u00f8nnavind og milde temperaturar. Det har prega forholda mange stader i S\u00f8r-Noreg, med h\u00f8ge temperaturar, forklarer Granan. <\/p>\n<p>Han legg til at det ikkje betyr at det er sn\u00f8fritt i Innlandet. <\/p>\n<p>\u2013 I fjellomr\u00e5da, som for eksempel Beitost\u00f8len, er det cirka ein halvmeter med sn\u00f8 no. S\u00e5 i den delen av S\u00f8r-Noreg s\u00e5 er det ein del sn\u00f8. Men akkurat i Trysil, som ligg litt meir aust, der har det vore mildare temperaturar og meir innslag av regn. <\/p>\n<p><img decoding=\"async\"   src=\"data:image\/gif;base64,R0lGODlhAQABAIAAAAAAAP\/\/\/yH5BAEAAAAALAAAAAABAAEAAAIBRAA7\" loading=\"eager\" alt=\"Webcamera som viser Hovden alpinsenter 15.12.25\" title=\"Foto: Skjermdump\"\/><\/p>\n<p class=\"\">Hovden alpinsenter omtaler seg som eit av Noregs mest sn\u00f8sikre alpinanlegg, men har i \u00e5r f\u00e5tt sv\u00e6rt lite sn\u00f8. Bildet er fr\u00e5 webkamera som viser bakken 15. desember. <\/p>\n<p>Foto: Skjermdump<\/p>\n<p>Noregs st\u00f8rste skidestinasjon<\/p>\n<p>I Trysil ligg Trysil skisenter drive av Skistar. Dei promoterer seg som Noregs st\u00f8rste skidestinasjon, og opna bakkane 6. desember med natursn\u00f8.<\/p>\n<p>Denne julaftanen er det sp\u00e5dd minus to grader, men ikkje noko meir sn\u00f8 fr\u00e5 19. desember der det er venta 6,4 millimeter regn i Innbygda, som er tettstaden i Trysil.<\/p>\n<p><img decoding=\"async\"   src=\"data:image\/gif;base64,R0lGODlhAQABAIAAAAAAAP\/\/\/yH5BAEAAAAALAAAAAABAAEAAAIBRAA7\" loading=\"eager\" alt=\"Webcamera som viser Trysil Turistsenter 15. desember 2025. \" title=\"Foto: Skjermdump \/ NRK\"\/><\/p>\n<p class=\"\">Webkamera som viser Trysil Turistsenter 15. desember 2025 med berre tretoppar. <\/p>\n<p>Foto: Skjermdump \/ NRK<\/p>\n<p>I Hemsedal er det sp\u00e5dd nysn\u00f8 19. desember, og mellom minus 7 og minus 9 grader p\u00e5 julaftan.<\/p>\n<p>Verre er det p\u00e5 S\u00f8rlandet der mildv\u00ear og regn har skapt ein umogleg situasjon for Bortelid Skisenter i Agder.<\/p>\n<p>\u2013 Det er ein fortvilt situasjon seier dagleg leiar i Bortelid Skisenter i Agder, Lasse Liest\u00f8l til <a href=\"https:\/\/www.dn.no\/reiseliv\/alpinanlegg\/alpint\/klimaendringer\/mildvar-skaper-julekrise-for-alpinanlegg-en-fortvilet-situasjon\/2-1-1915087\" ec-id=\"https:\/\/www.dn.no\/reiseliv\/alpinanlegg\/alpint\/klimaendringer\/mildvar-skaper-julekrise-for-alpinanlegg-en-fortvilet-situasjon\/2-1-1915087\" ec-name=\"Dagens N\u00e6ringsliv.\" rel=\"nofollow noopener\" target=\"_blank\">Dagens N\u00e6ringsliv.<\/a><\/p>\n<p>Planen var \u00e5 opne 26. desember, men v\u00earet som er meldt framover set ein stoppar for planane.<\/p>\n<p>Tal fr\u00e5 Skiinfo og Fnugg viser at berre 17 av 51 alpinanlegg p\u00e5 Austlandet er opne. P\u00e5 S\u00f8rlandet er ingen opne, medan S\u00f8rvestlandet har to av tolv i drift. Sj\u00f8lv i Nord-Noreg er berre to av tolv anlegg opne, <a href=\"https:\/\/www.nrk.no\/sorlandet\/mildver-skaper-julekrise-for-alpinanlegg_-_-ei-fortvila-situasjon-1.17692548\" ec-id=\"pp:article:1.17692548\" ec-name=\"skriv NTB.\" rel=\"nofollow noopener\" target=\"_blank\">skriv NTB.<\/a><\/p>\n<p>Publisert<\/p>\n<p>15.12.2025, kl. 20.01<\/p>\n","protected":false},"excerpt":{"rendered":"Saka oppsummert: Trysil kan f\u00e5 si f\u00f8rste sn\u00f8frie jul sidan 1957, med prognosar som viser mildv\u00ear og regn.&hellip;\n","protected":false},"author":2,"featured_media":114241,"comment_status":"","ping_status":"","sticky":false,"template":"","format":"standard","meta":{"footnotes":""},"categories":[10],"tags":[20,21,24,25,15,22,23,13,30,28,29,14,16,26,27],"class_list":{"0":"post-114240","1":"post","2":"type-post","3":"status-publish","4":"format-standard","5":"has-post-thumbnail","7":"category-norge","8":"tag-breaking-news","9":"tag-breakingnews","10":"tag-featured-news","11":"tag-featurednews","12":"tag-headlines","13":"tag-latest-news","14":"tag-latestnews","15":"tag-news","16":"tag-no","17":"tag-norge","18":"tag-norway","19":"tag-nyheter","20":"tag-overskrifter","21":"tag-top-stories","22":"tag-topstories"},"share_on_mastodon":{"url":"https:\/\/pubeurope.com\/@no\/115726441734368530","error":""},"_links":{"self":[{"href":"https:\/\/www.europesays.com\/no\/wp-json\/wp\/v2\/posts\/114240","targetHints":{"allow":["GET"]}}],"collection":[{"href":"https:\/\/www.europesays.com\/no\/wp-json\/wp\/v2\/posts"}],"about":[{"href":"https:\/\/www.europesays.com\/no\/wp-json\/wp\/v2\/types\/post"}],"author":[{"embeddable":true,"href":"https:\/\/www.europesays.com\/no\/wp-json\/wp\/v2\/users\/2"}],"replies":[{"embeddable":true,"href":"https:\/\/www.europesays.com\/no\/wp-json\/wp\/v2\/comments?post=114240"}],"version-history":[{"count":0,"href":"https:\/\/www.europesays.com\/no\/wp-json\/wp\/v2\/posts\/114240\/revisions"}],"wp:featuredmedia":[{"embeddable":true,"href":"https:\/\/www.europesays.com\/no\/wp-json\/wp\/v2\/media\/114241"}],"wp:attachment":[{"href":"https:\/\/www.europesays.com\/no\/wp-json\/wp\/v2\/media?parent=114240"}],"wp:term":[{"taxonomy":"category","embeddable":true,"href":"https:\/\/www.europesays.com\/no\/wp-json\/wp\/v2\/categories?post=114240"},{"taxonomy":"post_tag","embeddable":true,"href":"https:\/\/www.europesays.com\/no\/wp-json\/wp\/v2\/tags?post=114240"}],"curies":[{"name":"wp","href":"https:\/\/api.w.org\/{rel}","templated":true}]}}