{"id":114242,"date":"2025-12-16T00:36:17","date_gmt":"2025-12-16T00:36:17","guid":{"rendered":"https:\/\/www.europesays.com\/no\/114242\/"},"modified":"2025-12-16T00:36:17","modified_gmt":"2025-12-16T00:36:17","slug":"casemiro-suspendert-ute-mot-aston-villa","status":"publish","type":"post","link":"https:\/\/www.europesays.com\/no\/114242\/","title":{"rendered":"Casemiro suspendert: Ute mot Aston Villa"},"content":{"rendered":"<p>Etter en tidvis briljant 1. omgang fikk United en ordentlig kalddusj ut fra pause. Bournemouth scoret to kjappe og snudde kampen fra 2-1 til 2-3 i l\u00f8pet av omgangens \u00e5pningsminutter.\u00a0<\/p>\n<p>I forkant av 2-3-scoringen lagde Casemiro frispark da han la Marcus Tavernier i bakken. Da havnet brasilianeren i dommerens bok og det gule kortet var hans femte for sesongen.\u00a0<\/p>\n<p class=\"font-weight-bold m-font-weight-bold\" data-lab-font_weight=\"font-weight-bold\">Det betyr at han m\u00e5 st\u00e5 over neste kamp mot Aston Villa. Den spilles p\u00e5 Villa Park f\u00f8rstkommende s\u00f8ndag.\u00a0<\/p>\n<p>                <img decoding=\"async\" src=\"https:\/\/www.europesays.com\/no\/wp-content\/uploads\/2025\/12\/1408931.webp\" width=\"480\" height=\"274\" title=\"Casemiro suspendert: Ute mot Aston Villa\" alt=\"\" loading=\"lazy\" style=\"\"\/><\/p>\n<p>            Stu Forster\n        <\/p>\n<p>Casemiro har f\u00e5tt gult kort mot Fulham, Sunderland, Liverpool, Everton og n\u00e5 mot Bournemouth, hvilket gir fem gule og suspensjon.\u00a0<\/p>\n<p class=\"font-weight-bold m-font-weight-bold\" data-lab-font_weight=\"font-weight-bold\">Brassen, som scoret Uniteds andre m\u00e5l p\u00e5 Old Trafford denne mandagskvelden, fikk ogs\u00e5 to gule mot Chelsea tidligere i sesongen, men ettersom to gule resulterer i r\u00f8dt kort teller ikke de med i kategorien oppsamlede gule kort.\u00a0<\/p>\n<p>Dermed kommer United til \u00e5 mangle en rekke f\u00f8rstelagsspillere til neste kamp:\u00a0<\/p>\n<p>I tillegg til suspenderte Casemiro er Bryan Mbeumo, Amad og Noussair Mazraoui utilgjengelige p\u00e5 grunn av Afrikamesterskapet.\u00a0<\/p>\n","protected":false},"excerpt":{"rendered":"Etter en tidvis briljant 1. omgang fikk United en ordentlig kalddusj ut fra pause. Bournemouth scoret to kjappe&hellip;\n","protected":false},"author":2,"featured_media":114243,"comment_status":"","ping_status":"","sticky":false,"template":"","format":"standard","meta":{"footnotes":""},"categories":[59],"tags":[30,28,29,83,82],"class_list":{"0":"post-114242","1":"post","2":"type-post","3":"status-publish","4":"format-standard","5":"has-post-thumbnail","7":"category-sport","8":"tag-no","9":"tag-norge","10":"tag-norway","11":"tag-sport","12":"tag-sports"},"share_on_mastodon":{"url":"https:\/\/pubeurope.com\/@no\/115726449697059446","error":""},"_links":{"self":[{"href":"https:\/\/www.europesays.com\/no\/wp-json\/wp\/v2\/posts\/114242","targetHints":{"allow":["GET"]}}],"collection":[{"href":"https:\/\/www.europesays.com\/no\/wp-json\/wp\/v2\/posts"}],"about":[{"href":"https:\/\/www.europesays.com\/no\/wp-json\/wp\/v2\/types\/post"}],"author":[{"embeddable":true,"href":"https:\/\/www.europesays.com\/no\/wp-json\/wp\/v2\/users\/2"}],"replies":[{"embeddable":true,"href":"https:\/\/www.europesays.com\/no\/wp-json\/wp\/v2\/comments?post=114242"}],"version-history":[{"count":0,"href":"https:\/\/www.europesays.com\/no\/wp-json\/wp\/v2\/posts\/114242\/revisions"}],"wp:featuredmedia":[{"embeddable":true,"href":"https:\/\/www.europesays.com\/no\/wp-json\/wp\/v2\/media\/114243"}],"wp:attachment":[{"href":"https:\/\/www.europesays.com\/no\/wp-json\/wp\/v2\/media?parent=114242"}],"wp:term":[{"taxonomy":"category","embeddable":true,"href":"https:\/\/www.europesays.com\/no\/wp-json\/wp\/v2\/categories?post=114242"},{"taxonomy":"post_tag","embeddable":true,"href":"https:\/\/www.europesays.com\/no\/wp-json\/wp\/v2\/tags?post=114242"}],"curies":[{"name":"wp","href":"https:\/\/api.w.org\/{rel}","templated":true}]}}