{"id":114246,"date":"2025-12-16T00:41:18","date_gmt":"2025-12-16T00:41:18","guid":{"rendered":"https:\/\/www.europesays.com\/no\/114246\/"},"modified":"2025-12-16T00:41:18","modified_gmt":"2025-12-16T00:41:18","slug":"politi-bodo-krangel-forte-til-utrykning-begge-har-overfladiske-skader","status":"publish","type":"post","link":"https:\/\/www.europesays.com\/no\/114246\/","title":{"rendered":"Politi, Bod\u00f8 | Krangel f\u00f8rte til utrykning: \u2013 Begge har overfladiske skader"},"content":{"rendered":"\n<p>Det gjorde de etter \u00e5 ha mottatt melding om h\u00f8ylytt krangling p\u00e5 stedet. <\/p>\n<p>\u2013 Usikkert om noen er skadet p\u00e5 adressen, opplyste Ina Selfors ved politiets operasjonssentral klokken 17:30. <\/p>\n<p>I en oppdatering halvannen time senere, melder politiet om f\u00f8lgende:<\/p>\n<p>\u2013 Har v\u00e6rt krangling mellom et samboerpar. Begge har overflatiske skader som bl\u00e5merker og skrubbs\u00e5r. Vanskelig \u00e5 si hvordan disse skadene har oppst\u00e5tt. Begge er overstadig beruset. <\/p>\n<p>Den ene parten er bortvist fra adressen til tirsdag klokken 08:00. <\/p>\n<p>\u2013 Politiet oppretter sak og vil ta avh\u00f8r av partene n\u00e5r de er mindre beruset. <\/p>\n","protected":false},"excerpt":{"rendered":"Det gjorde de etter \u00e5 ha mottatt melding om h\u00f8ylytt krangling p\u00e5 stedet. \u2013 Usikkert om noen er&hellip;\n","protected":false},"author":2,"featured_media":4285,"comment_status":"","ping_status":"","sticky":false,"template":"","format":"standard","meta":{"footnotes":""},"categories":[10],"tags":[36,1525,20,21,24,25,15,22,23,13,30,28,29,14,16,254,1510,26,27,4468],"class_list":{"0":"post-114246","1":"post","2":"type-post","3":"status-publish","4":"format-standard","5":"has-post-thumbnail","7":"category-norge","8":"tag-art","9":"tag-bodo","10":"tag-breaking-news","11":"tag-breakingnews","12":"tag-featured-news","13":"tag-featurednews","14":"tag-headlines","15":"tag-latest-news","16":"tag-latestnews","17":"tag-news","18":"tag-no","19":"tag-norge","20":"tag-norway","21":"tag-nyheter","22":"tag-overskrifter","23":"tag-politi","24":"tag-story","25":"tag-top-stories","26":"tag-topstories","27":"tag-utrykning"},"share_on_mastodon":{"url":"https:\/\/pubeurope.com\/@no\/115726469290094915","error":""},"_links":{"self":[{"href":"https:\/\/www.europesays.com\/no\/wp-json\/wp\/v2\/posts\/114246","targetHints":{"allow":["GET"]}}],"collection":[{"href":"https:\/\/www.europesays.com\/no\/wp-json\/wp\/v2\/posts"}],"about":[{"href":"https:\/\/www.europesays.com\/no\/wp-json\/wp\/v2\/types\/post"}],"author":[{"embeddable":true,"href":"https:\/\/www.europesays.com\/no\/wp-json\/wp\/v2\/users\/2"}],"replies":[{"embeddable":true,"href":"https:\/\/www.europesays.com\/no\/wp-json\/wp\/v2\/comments?post=114246"}],"version-history":[{"count":0,"href":"https:\/\/www.europesays.com\/no\/wp-json\/wp\/v2\/posts\/114246\/revisions"}],"wp:featuredmedia":[{"embeddable":true,"href":"https:\/\/www.europesays.com\/no\/wp-json\/wp\/v2\/media\/4285"}],"wp:attachment":[{"href":"https:\/\/www.europesays.com\/no\/wp-json\/wp\/v2\/media?parent=114246"}],"wp:term":[{"taxonomy":"category","embeddable":true,"href":"https:\/\/www.europesays.com\/no\/wp-json\/wp\/v2\/categories?post=114246"},{"taxonomy":"post_tag","embeddable":true,"href":"https:\/\/www.europesays.com\/no\/wp-json\/wp\/v2\/tags?post=114246"}],"curies":[{"name":"wp","href":"https:\/\/api.w.org\/{rel}","templated":true}]}}