{"id":114247,"date":"2025-12-16T00:43:14","date_gmt":"2025-12-16T00:43:14","guid":{"rendered":"https:\/\/www.europesays.com\/no\/114247\/"},"modified":"2025-12-16T00:43:14","modified_gmt":"2025-12-16T00:43:14","slug":"landslaget-fotball-sky-sport-barcelona-vil-ha-ryerson","status":"publish","type":"post","link":"https:\/\/www.europesays.com\/no\/114247\/","title":{"rendered":"Landslaget, Fotball | Sky Sport: Barcelona vil ha Ryerson"},"content":{"rendered":"\n<p>If\u00f8lge tyske <a href=\"https:\/\/www.tv2.no\/sport\/sky-sports-ryerson-onsket-av-barcelona\/18387664\/\" rel=\"Follow nofollow noopener\" target=\"_blank\">Sky Sport<\/a> har Barcelona allerede tatt kontakt med Julian Ryersons representanter for \u00e5 forh\u00f8re seg om en mulig overgang.<\/p>\n<p>\u2013 Nordmannen vil sannsynligvis forlate BVB hvis et godt tilbud dukker opp \u2013 ogs\u00e5 fordi han ikke har en fast startplass under Dortmund-trener Niko Kovac, mener kanalen.<\/p>\n<p>Katalanerne skal v\u00e6re ute etter et alternativ til Jules Kound\u00e9 og mener nordmannen passer profilen perfekt.<\/p>\n<p>28-\u00e5ringen har kontrakt med Borussia Dortmund frem til sommeren 2028.<\/p>\n<p>Ryerson kom til Dortmund fra Union Berlin i januar 2023 for fem millioner euro. <\/p>\n","protected":false},"excerpt":{"rendered":"If\u00f8lge tyske Sky Sport har Barcelona allerede tatt kontakt med Julian Ryersons representanter for \u00e5 forh\u00f8re seg om&hellip;\n","protected":false},"author":2,"featured_media":114248,"comment_status":"","ping_status":"","sticky":false,"template":"","format":"standard","meta":{"footnotes":""},"categories":[59],"tags":[30,28,29,83,82],"class_list":{"0":"post-114247","1":"post","2":"type-post","3":"status-publish","4":"format-standard","5":"has-post-thumbnail","7":"category-sport","8":"tag-no","9":"tag-norge","10":"tag-norway","11":"tag-sport","12":"tag-sports"},"share_on_mastodon":{"url":"https:\/\/pubeurope.com\/@no\/115726477133535742","error":""},"_links":{"self":[{"href":"https:\/\/www.europesays.com\/no\/wp-json\/wp\/v2\/posts\/114247","targetHints":{"allow":["GET"]}}],"collection":[{"href":"https:\/\/www.europesays.com\/no\/wp-json\/wp\/v2\/posts"}],"about":[{"href":"https:\/\/www.europesays.com\/no\/wp-json\/wp\/v2\/types\/post"}],"author":[{"embeddable":true,"href":"https:\/\/www.europesays.com\/no\/wp-json\/wp\/v2\/users\/2"}],"replies":[{"embeddable":true,"href":"https:\/\/www.europesays.com\/no\/wp-json\/wp\/v2\/comments?post=114247"}],"version-history":[{"count":0,"href":"https:\/\/www.europesays.com\/no\/wp-json\/wp\/v2\/posts\/114247\/revisions"}],"wp:featuredmedia":[{"embeddable":true,"href":"https:\/\/www.europesays.com\/no\/wp-json\/wp\/v2\/media\/114248"}],"wp:attachment":[{"href":"https:\/\/www.europesays.com\/no\/wp-json\/wp\/v2\/media?parent=114247"}],"wp:term":[{"taxonomy":"category","embeddable":true,"href":"https:\/\/www.europesays.com\/no\/wp-json\/wp\/v2\/categories?post=114247"},{"taxonomy":"post_tag","embeddable":true,"href":"https:\/\/www.europesays.com\/no\/wp-json\/wp\/v2\/tags?post=114247"}],"curies":[{"name":"wp","href":"https:\/\/api.w.org\/{rel}","templated":true}]}}