{"id":114259,"date":"2025-12-16T00:55:12","date_gmt":"2025-12-16T00:55:12","guid":{"rendered":"https:\/\/www.europesays.com\/no\/114259\/"},"modified":"2025-12-16T00:55:12","modified_gmt":"2025-12-16T00:55:12","slug":"william-14-savnet-etter-brann","status":"publish","type":"post","link":"https:\/\/www.europesays.com\/no\/114259\/","title":{"rendered":"William (14) savnet etter brann"},"content":{"rendered":"<p class=\"kicker \" style=\"\">Axios:<\/p>\n<p>  President Donald Trump anklager Israels statsminister\u00a0for \u00e5 ha brutt v\u00e5penhvilen med Hamas. N\u00e5 har Det hvite hus sendt en skarp melding til Netanyahu.<\/p>\n<p>\n    MISFORN\u00d8YD: President Donald Trump er ikke forn\u00f8yd med Benjamin Netanyahu. FOTO: AP Photo \/Jose Luis Magana\n  <\/p>\n<p>I helga sendte Det hvite hus en skarp privat melding til Israels statsminister Benjamin Netanyahu, der de slo fast at l\u00f8rdagens drap p\u00e5 Hamas-toppen Raed Saed var et brudd p\u00e5 v\u00e5penhvilen. <\/p>\n<p>Det skriver det anerkjente amerikanske nettstedet <a href=\"https:\/\/www.axios.com\/2025\/12\/15\/israel-violate-ceasefire-gaza-strike-trump\" rel=\"nofollow noopener\" target=\"_blank\">Axios<\/a>, som viser til to amerikanske tjenestepersoner.<\/p>\n<p>Meldingen l\u00f8d som f\u00f8lger:<\/p>\n<p>&#8211; Hvis du vil \u00f8delegge ryktet ditt og vise at du ikke holder avtaler, s\u00e5 v\u00e6r s\u00e5 god. Men vi vil ikke tillate\u00a0deg \u00e5 \u00f8delegge president Trumps rykte etter at han meglet avtalen i Gaza. <\/p>\n<p>    <a itemprop=\"url\" href=\"https:\/\/www.dagbladet.no\/kjendis\/dette-er-motbydelig\/83987252\" rel=\"nofollow noopener\" target=\"_blank\"><\/p>\n<p>        <img loading=\"lazy\" decoding=\"async\" src=\"https:\/\/www.europesays.com\/no\/wp-content\/uploads\/2025\/12\/1765846511_272_83981186.webp\" width=\"980\" height=\"441\" title=\"- Dette er motbydelig\" alt=\"\" class=\"lazyload\" style=\"--aspect-ratio-image: 2.22; \"\/><\/p>\n<p>        &#8211; Dette er motbydelig <\/p>\n<p>    <\/a><\/p>\n<p>Uenige  <\/p>\n<p>If\u00f8lge kildene er b\u00e5de USAs utenriksminister Marco Rubio, Trumps spesialutsending Steve Witkoff og presidentens svigers\u00f8nn og r\u00e5dgiver Jared Kushner \u00absv\u00e6rt frustrerte\u00bb over Netanyahu.<\/p>\n<p> Bakgrunnen for det anspente forholdet skal v\u00e6re Israels manglende vilje til \u00e5 gjennomf\u00f8re neste fase i fredsavtalen. <\/p>\n<p>        <img loading=\"lazy\" decoding=\"async\" src=\"https:\/\/www.europesays.com\/no\/wp-content\/uploads\/2025\/12\/1765846512_117_83987586.webp\" width=\"980\" height=\"559\" title=\"ANSPENT: Forholdet mellom USA og Israel er ikke p\u00e5 topp. FOTO: REUTERS \/ Jonathan Ernst\" alt=\"\" class=\"\" style=\"--aspect-ratio-image: 1.75; \"\/><\/p>\n<p>\n        ANSPENT: Forholdet mellom USA og Israel er ikke p\u00e5 topp. FOTO: REUTERS \/ Jonathan Ernst\n    <\/p>\n<p>Israel mener p\u00e5 sin side at meldingen var mildere, og at det er Hamas som har brutt v\u00e5penhvilen ved \u00e5 angripe soldater og smugle v\u00e5pen.<\/p>\n<p>Skal m\u00f8tes<\/p>\n<p>Israel og Hamas gikk tidligere i h\u00f8st med p\u00e5 et amerikansk forslag til fredsavtale, og en v\u00e5penhvile tr\u00e5dte i kraft 10. oktober.<\/p>\n<p>Israel har til tross for v\u00e5penhvilen gjennomf\u00f8rt en rekke angrep mot det de sier er Hamas-m\u00e5l i Gaza siden, og n\u00e6rmere 400 mennesker er if\u00f8lge palestinske helsemyndigheter drept.<\/p>\n<p> Netanyahu skal etter planen bes\u00f8ke Trump i Mar-a-Lago 29. desember. <\/p>\n<p>        LEI: Pressetalskvinne for Det hvite hus, Karoline Leavitt, sier at president Donald Trump er sv\u00e6rt frustrert over b\u00e5de Ukraina og Russland. Video: Reuters<\/p>\n","protected":false},"excerpt":{"rendered":"Axios: President Donald Trump anklager Israels statsminister\u00a0for \u00e5 ha brutt v\u00e5penhvilen med Hamas. N\u00e5 har Det hvite hus&hellip;\n","protected":false},"author":2,"featured_media":114260,"comment_status":"","ping_status":"","sticky":false,"template":"","format":"standard","meta":{"footnotes":""},"categories":[10],"tags":[20,21,24,25,15,2539,22,23,13,30,28,29,14,16,26,27],"class_list":{"0":"post-114259","1":"post","2":"type-post","3":"status-publish","4":"format-standard","5":"has-post-thumbnail","7":"category-norge","8":"tag-breaking-news","9":"tag-breakingnews","10":"tag-featured-news","11":"tag-featurednews","12":"tag-headlines","13":"tag-innenriks","14":"tag-latest-news","15":"tag-latestnews","16":"tag-news","17":"tag-no","18":"tag-norge","19":"tag-norway","20":"tag-nyheter","21":"tag-overskrifter","22":"tag-top-stories","23":"tag-topstories"},"share_on_mastodon":{"url":"https:\/\/pubeurope.com\/@no\/115726524758889442","error":""},"_links":{"self":[{"href":"https:\/\/www.europesays.com\/no\/wp-json\/wp\/v2\/posts\/114259","targetHints":{"allow":["GET"]}}],"collection":[{"href":"https:\/\/www.europesays.com\/no\/wp-json\/wp\/v2\/posts"}],"about":[{"href":"https:\/\/www.europesays.com\/no\/wp-json\/wp\/v2\/types\/post"}],"author":[{"embeddable":true,"href":"https:\/\/www.europesays.com\/no\/wp-json\/wp\/v2\/users\/2"}],"replies":[{"embeddable":true,"href":"https:\/\/www.europesays.com\/no\/wp-json\/wp\/v2\/comments?post=114259"}],"version-history":[{"count":0,"href":"https:\/\/www.europesays.com\/no\/wp-json\/wp\/v2\/posts\/114259\/revisions"}],"wp:featuredmedia":[{"embeddable":true,"href":"https:\/\/www.europesays.com\/no\/wp-json\/wp\/v2\/media\/114260"}],"wp:attachment":[{"href":"https:\/\/www.europesays.com\/no\/wp-json\/wp\/v2\/media?parent=114259"}],"wp:term":[{"taxonomy":"category","embeddable":true,"href":"https:\/\/www.europesays.com\/no\/wp-json\/wp\/v2\/categories?post=114259"},{"taxonomy":"post_tag","embeddable":true,"href":"https:\/\/www.europesays.com\/no\/wp-json\/wp\/v2\/tags?post=114259"}],"curies":[{"name":"wp","href":"https:\/\/api.w.org\/{rel}","templated":true}]}}