{"id":114266,"date":"2025-12-16T01:02:28","date_gmt":"2025-12-16T01:02:28","guid":{"rendered":"https:\/\/www.europesays.com\/no\/114266\/"},"modified":"2025-12-16T01:02:28","modified_gmt":"2025-12-16T01:02:28","slug":"apent-brev-til-styret-i-helgelandssykehuset","status":"publish","type":"post","link":"https:\/\/www.europesays.com\/no\/114266\/","title":{"rendered":"\u00c5pent brev til styret i Helge\u00adlands\u00adsyke\u00adhuset"},"content":{"rendered":"<p>Styret i Helgelandssykehuset st\u00e5r n\u00e5 foran et vedtak om \u00e5 flytte ambulansen i S\u00f8mna kommune til Br\u00f8nn\u00f8ysund. For befolkningen i S\u00f8mna vil dette inneb\u00e6re en kraftig \u00f8kt responstid ved akutte, tidskritiske hendelser.<\/p>\n<p>Det er bred faglig enighet om at responstid er avgj\u00f8rende ved tilstander som blant annet hjerteinfarkt, hjerneslag, sepsis og alvorlige traumer. Dette er ogs\u00e5 tydelig understreket av helse- og omsorgsminister Jan Christian Vestre i svarene han nylig har gitt i Stortingets sp\u00f8rretime om nettopp S\u00f8mna-saken. Statsr\u00e5den har sl\u00e5tt fast at responstid er en nasjonal kvalitetsindikator, at avvik fra anbefalte responstidsm\u00e5l er alvorlige, og at helseforetakene skal gj\u00f8re det de kan for \u00e5 komme s\u00e5 n\u00e6r de faglige anbefalingene som mulig.<\/p>\n<p>ROS-analysen som ligger til grunn for administrasjonens innstilling, erkjenner at responstiden for S\u00f8mnas befolkning vil \u00f8ke ved en flytting av ambulansen, men den tallfester ikke hvor mye responstiden faktisk \u00f8ker for store deler av kommunen. Konsekvensene av dette er i liten grad kvantifisert, og det er ikke gjort egne vurderinger av de mest utsatte delene av kommunen eller av de lengste utrykningene. Risikoen reduseres i analysen ved \u00e5 vise til tiltak som ikke er vedtatt, finansiert eller implementert. Etter S\u00f8mna kommunes vurdering gir dette p\u00e5 ingen m\u00e5te et tilstrekkelig eller forsvarlig beslutningsgrunnlag.<\/p>\n<p>Helseministeren har v\u00e6rt tydelig p\u00e5 at brannvesen, frivillige eller andre ressurser ikke kan erstatte ambulansetjenestens kjernefunksjoner. Likevel synes dette \u00e5 v\u00e6re implisitte forutsetninger i vurderingen av risiko. Det er vanskelig, om ikke umulig, \u00e5 se hvordan dette er forenlig med forsvarlighetskravet i akuttmedisinforskriften og helse- og omsorgslovgivningen.<\/p>\n<p>Dersom styret i Helgelandssykehuset velger \u00e5 fatte vedtak om flytting av ambulansen, til tross for \u00f8kt responstid, utilstrekkelig analysert risiko for S\u00f8mnas befolkning og tydelige faglige og politiske advarsler, m\u00e5 ansvaret for konsekvensene ogs\u00e5 plasseres der beslutningen tas.<\/p>\n<p>Eventuelle \u00f8kte lidelser, forverret prognose, varige m\u00e9n eller tap av liv som f\u00f8lge av lengre responstid vil ikke v\u00e6re et resultat av tilfeldigheter, men av et bevisst strukturvalg gjort uten tilstrekkelig kunnskap om den faktiske risikoen.<\/p>\n<p>S\u00f8mna kommune forventer derfor at styret vedtar \u00e5 beholde ambulansebil i S\u00f8mna med d\u00f8gnkontinuerlig beredskap (24\/7), alternativt bestiller en ny og faglig forsvarlig ROS-analyse der responstid og konsekvenser for S\u00f8mnas befolkning er reelt vurdert f\u00f8r beslutning tas.<\/p>\n<p>Befolkningen i S\u00f8mna har krav p\u00e5 et likeverdig og forsvarlig akuttmedisinsk tilbud. Det ansvaret kan ikke styret i Helgelandssykehuset skyve videre.<\/p>\n<p>Med hilsen<\/p>\n<p><strong>Gunder Str\u00f8mberg<\/strong><\/p>\n<p><strong>Ordf\u00f8rer i S\u00f8mna kommune<\/strong><\/p>\n<p><a href=\"https:\/\/www.banett.no\/nyheter\/n\/V6lyGJ\/stormloep-om-soemna-ambulansen-i-spoerretimen\" rel=\"nofollow noopener\" target=\"_blank\"> <img decoding=\"async\" src=\"data:image\/gif;base64,R0lGODlhEAAJAIAAAP\/\/\/wAAACH5BAEAAAAALAAAAAAQAAkAAAIKhI+py+0Po5yUFQA7\" alt=\"\"\/>   Storml\u00f8p om S\u00f8mna-ambu\u00adlansen i sp\u00f8rre\u00adtimen  <\/a> <a href=\"https:\/\/www.banett.no\/nyheter\/n\/zOLeV9\/direktoerens-forslag-flytt-ambulansen-fra-soemna-til-dms-et\" rel=\"nofollow noopener\" target=\"_blank\"> <img decoding=\"async\" src=\"data:image\/gif;base64,R0lGODlhEAAJAIAAAP\/\/\/wAAACH5BAEAAAAALAAAAAAQAAkAAAIKhI+py+0Po5yUFQA7\" alt=\"\"\/>   Direk\u00adt\u00f8rens forslag: Flytt ambulansen fra S\u00f8mna til DMS-et  <\/a> <\/p>\n","protected":false},"excerpt":{"rendered":"Styret i Helgelandssykehuset st\u00e5r n\u00e5 foran et vedtak om \u00e5 flytte ambulansen i S\u00f8mna kommune til Br\u00f8nn\u00f8ysund. For&hellip;\n","protected":false},"author":2,"featured_media":114267,"comment_status":"","ping_status":"","sticky":false,"template":"","format":"standard","meta":{"footnotes":""},"categories":[10],"tags":[20,21,24,25,15,40,22,23,13,30,28,29,14,16,13902,26,27],"class_list":{"0":"post-114266","1":"post","2":"type-post","3":"status-publish","4":"format-standard","5":"has-post-thumbnail","7":"category-norge","8":"tag-breaking-news","9":"tag-breakingnews","10":"tag-featured-news","11":"tag-featurednews","12":"tag-headlines","13":"tag-helgelandssykehuset","14":"tag-latest-news","15":"tag-latestnews","16":"tag-news","17":"tag-no","18":"tag-norge","19":"tag-norway","20":"tag-nyheter","21":"tag-overskrifter","22":"tag-somna","23":"tag-top-stories","24":"tag-topstories"},"share_on_mastodon":{"url":"https:\/\/pubeurope.com\/@no\/115726551776892545","error":""},"_links":{"self":[{"href":"https:\/\/www.europesays.com\/no\/wp-json\/wp\/v2\/posts\/114266","targetHints":{"allow":["GET"]}}],"collection":[{"href":"https:\/\/www.europesays.com\/no\/wp-json\/wp\/v2\/posts"}],"about":[{"href":"https:\/\/www.europesays.com\/no\/wp-json\/wp\/v2\/types\/post"}],"author":[{"embeddable":true,"href":"https:\/\/www.europesays.com\/no\/wp-json\/wp\/v2\/users\/2"}],"replies":[{"embeddable":true,"href":"https:\/\/www.europesays.com\/no\/wp-json\/wp\/v2\/comments?post=114266"}],"version-history":[{"count":0,"href":"https:\/\/www.europesays.com\/no\/wp-json\/wp\/v2\/posts\/114266\/revisions"}],"wp:featuredmedia":[{"embeddable":true,"href":"https:\/\/www.europesays.com\/no\/wp-json\/wp\/v2\/media\/114267"}],"wp:attachment":[{"href":"https:\/\/www.europesays.com\/no\/wp-json\/wp\/v2\/media?parent=114266"}],"wp:term":[{"taxonomy":"category","embeddable":true,"href":"https:\/\/www.europesays.com\/no\/wp-json\/wp\/v2\/categories?post=114266"},{"taxonomy":"post_tag","embeddable":true,"href":"https:\/\/www.europesays.com\/no\/wp-json\/wp\/v2\/tags?post=114266"}],"curies":[{"name":"wp","href":"https:\/\/api.w.org\/{rel}","templated":true}]}}