{"id":114268,"date":"2025-12-16T01:04:15","date_gmt":"2025-12-16T01:04:15","guid":{"rendered":"https:\/\/www.europesays.com\/no\/114268\/"},"modified":"2025-12-16T01:04:15","modified_gmt":"2025-12-16T01:04:15","slug":"sport-ishockey-lightning-sjefen-bekrefter-lilleberg-ute-med-skade","status":"publish","type":"post","link":"https:\/\/www.europesays.com\/no\/114268\/","title":{"rendered":"Sport, Ishockey | Lightning-sjefen bekrefter: Lilleberg ute med skade"},"content":{"rendered":"\n<p>Tampa Bay Lightning-trener Jon Cooper uttalte til mediene mandag at han h\u00e5per at den norske backen er tilbake f\u00f8r OL-pausen, skriver <a href=\"https:\/\/www.cbssports.com\/fantasy\/hockey\/news\/lightnings-emil-lilleberg-set-for-extended-absence\/\" rel=\"nofollow noopener\" target=\"_blank\">CBS Sports<\/a>.<\/p>\n<p>OL-pausen kommer f\u00f8rst i februar. Dermed kan Lilleberg ende med \u00e5 v\u00e6re ute i en lengre periode. If\u00f8lge Cooper skal det dreie seg om en skade som man m\u00e5 vurdere fra uke til uke.<\/p>\n<p>Det er ikke kjent hvilken skade Lilleberg har p\u00e5dratt seg. Mot New York Islanders i helgen ble Sarpsborg-mannen skadet og spilte ikke 3. periode. <\/p>\n<p>Tampa Bay Lightning m\u00f8ter Florida Panthers natt til tirsdag. Lilleberg er inne i sin tredje NHL-sesong og st\u00e5r med to m\u00e5l og fire assists p\u00e5 32 NHL-kamper denne h\u00f8sten. <\/p>\n<p>(\u00a9NTB)<\/p>\n","protected":false},"excerpt":{"rendered":"Tampa Bay Lightning-trener Jon Cooper uttalte til mediene mandag at han h\u00e5per at den norske backen er tilbake&hellip;\n","protected":false},"author":2,"featured_media":114269,"comment_status":"","ping_status":"","sticky":false,"template":"","format":"standard","meta":{"footnotes":""},"categories":[59],"tags":[36,13903,977,30,28,29,83,82,1510],"class_list":{"0":"post-114268","1":"post","2":"type-post","3":"status-publish","4":"format-standard","5":"has-post-thumbnail","7":"category-sport","8":"tag-art","9":"tag-emil-martinsen-lilleberg","10":"tag-ishockey","11":"tag-no","12":"tag-norge","13":"tag-norway","14":"tag-sport","15":"tag-sports","16":"tag-story"},"share_on_mastodon":{"url":"https:\/\/pubeurope.com\/@no\/115726559719937277","error":""},"_links":{"self":[{"href":"https:\/\/www.europesays.com\/no\/wp-json\/wp\/v2\/posts\/114268","targetHints":{"allow":["GET"]}}],"collection":[{"href":"https:\/\/www.europesays.com\/no\/wp-json\/wp\/v2\/posts"}],"about":[{"href":"https:\/\/www.europesays.com\/no\/wp-json\/wp\/v2\/types\/post"}],"author":[{"embeddable":true,"href":"https:\/\/www.europesays.com\/no\/wp-json\/wp\/v2\/users\/2"}],"replies":[{"embeddable":true,"href":"https:\/\/www.europesays.com\/no\/wp-json\/wp\/v2\/comments?post=114268"}],"version-history":[{"count":0,"href":"https:\/\/www.europesays.com\/no\/wp-json\/wp\/v2\/posts\/114268\/revisions"}],"wp:featuredmedia":[{"embeddable":true,"href":"https:\/\/www.europesays.com\/no\/wp-json\/wp\/v2\/media\/114269"}],"wp:attachment":[{"href":"https:\/\/www.europesays.com\/no\/wp-json\/wp\/v2\/media?parent=114268"}],"wp:term":[{"taxonomy":"category","embeddable":true,"href":"https:\/\/www.europesays.com\/no\/wp-json\/wp\/v2\/categories?post=114268"},{"taxonomy":"post_tag","embeddable":true,"href":"https:\/\/www.europesays.com\/no\/wp-json\/wp\/v2\/tags?post=114268"}],"curies":[{"name":"wp","href":"https:\/\/api.w.org\/{rel}","templated":true}]}}