{"id":114270,"date":"2025-12-16T01:09:07","date_gmt":"2025-12-16T01:09:07","guid":{"rendered":"https:\/\/www.europesays.com\/no\/114270\/"},"modified":"2025-12-16T01:09:07","modified_gmt":"2025-12-16T01:09:07","slug":"tysk-politiker-siktet-for-nazihilsen","status":"publish","type":"post","link":"https:\/\/www.europesays.com\/no\/114270\/","title":{"rendered":"Tysk politiker siktet for nazihilsen"},"content":{"rendered":"<p>  Statsadvokaten i Berlin har tatt ut siktelse mot ytre h\u00f8yre-parlamentarikeren Matthias Moosdorf for \u00e5 ha gjort nazihilsen i den tyske Forbundsdagen.<\/p>\n<p>\n    Den tyske Forbundsdagen. Foto: Markus Schreiber \/ AP \/ NTB\n  <\/p>\n<p>Det skjer etter at Forbundsdagen opphevet Mossdorfs parlamentariske immunitet i oktober. 60-\u00e5ringen, som representerer ytre h\u00f8yre-partiet Alternativ for Tyskland (AfD), avviser alle anklager. Han kaller anklagen \u00abbisarr\u00bb.<\/p>\n<p>        <img loading=\"lazy\" decoding=\"async\" src=\"https:\/\/www.europesays.com\/no\/wp-content\/uploads\/2025\/12\/83985794.webp\" width=\"980\" height=\"559\" title=\"Matthias Moosdorf. Foto: DTS News Agency\/Shutterstock\/NTB\" alt=\"\" class=\"\" style=\"--aspect-ratio-image: 1.75; \"\/><\/p>\n<p>\n        Matthias Moosdorf. Foto: DTS News Agency\/Shutterstock\/NTB\n    <\/p>\n<p>If\u00f8lge siktelsen m\u00f8tte Moosdorf en partikollega i garderoben med en nazihilsen \u2013 h\u00f8yrearmen utstrakt og h\u00e5nden flat \u2013 i Forbundsdagen i juni 2023. Gesten er forbudt etter tysk lov. Han skal angivelig ogs\u00e5 ha klakket h\u00e6lene sammen.<\/p>\n<p>Moosdorf har ogs\u00e5 problemer i egen partigruppe og ble nylig beordret til \u00e5 betale en intern bot p\u00e5 2500 euro (n\u00e6rmere 30.000 kroner) for en uautorisert tur til Russland.<\/p>\n","protected":false},"excerpt":{"rendered":"Statsadvokaten i Berlin har tatt ut siktelse mot ytre h\u00f8yre-parlamentarikeren Matthias Moosdorf for \u00e5 ha gjort nazihilsen i&hellip;\n","protected":false},"author":2,"featured_media":114271,"comment_status":"","ping_status":"","sticky":false,"template":"","format":"standard","meta":{"footnotes":""},"categories":[12],"tags":[5834,20,21,24,25,15,22,23,13,30,28,29,14,16,26,27,175,42,43,44,45],"class_list":{"0":"post-114270","1":"post","2":"type-post","3":"status-publish","4":"format-standard","5":"has-post-thumbnail","7":"category-verden","8":"tag-afd","9":"tag-breaking-news","10":"tag-breakingnews","11":"tag-featured-news","12":"tag-featurednews","13":"tag-headlines","14":"tag-latest-news","15":"tag-latestnews","16":"tag-news","17":"tag-no","18":"tag-norge","19":"tag-norway","20":"tag-nyheter","21":"tag-overskrifter","22":"tag-top-stories","23":"tag-topstories","24":"tag-tyskland","25":"tag-verden","26":"tag-world","27":"tag-world-news","28":"tag-worldnews"},"share_on_mastodon":{"url":"https:\/\/pubeurope.com\/@no\/115726579529240159","error":""},"_links":{"self":[{"href":"https:\/\/www.europesays.com\/no\/wp-json\/wp\/v2\/posts\/114270","targetHints":{"allow":["GET"]}}],"collection":[{"href":"https:\/\/www.europesays.com\/no\/wp-json\/wp\/v2\/posts"}],"about":[{"href":"https:\/\/www.europesays.com\/no\/wp-json\/wp\/v2\/types\/post"}],"author":[{"embeddable":true,"href":"https:\/\/www.europesays.com\/no\/wp-json\/wp\/v2\/users\/2"}],"replies":[{"embeddable":true,"href":"https:\/\/www.europesays.com\/no\/wp-json\/wp\/v2\/comments?post=114270"}],"version-history":[{"count":0,"href":"https:\/\/www.europesays.com\/no\/wp-json\/wp\/v2\/posts\/114270\/revisions"}],"wp:featuredmedia":[{"embeddable":true,"href":"https:\/\/www.europesays.com\/no\/wp-json\/wp\/v2\/media\/114271"}],"wp:attachment":[{"href":"https:\/\/www.europesays.com\/no\/wp-json\/wp\/v2\/media?parent=114270"}],"wp:term":[{"taxonomy":"category","embeddable":true,"href":"https:\/\/www.europesays.com\/no\/wp-json\/wp\/v2\/categories?post=114270"},{"taxonomy":"post_tag","embeddable":true,"href":"https:\/\/www.europesays.com\/no\/wp-json\/wp\/v2\/tags?post=114270"}],"curies":[{"name":"wp","href":"https:\/\/api.w.org\/{rel}","templated":true}]}}