{"id":114274,"date":"2025-12-16T01:18:11","date_gmt":"2025-12-16T01:18:11","guid":{"rendered":"https:\/\/www.europesays.com\/no\/114274\/"},"modified":"2025-12-16T01:18:11","modified_gmt":"2025-12-16T01:18:11","slug":"kunde-tiltalt-for-vold-mot-massor-etter-uenighet-om-sex","status":"publish","type":"post","link":"https:\/\/www.europesays.com\/no\/114274\/","title":{"rendered":"Kunde tiltalt for vold mot mass\u00f8r etter uenighet om sex"},"content":{"rendered":"\n<p class=\"_lead_o9xde_2 _lead_xtcu6_50 layout-component text-serif-m layout-normal text-serif-l layout-component layout-wide layout-padded _wide_17hqh_1 layout-padded\">\u2013 Jeg var sur. Jeg hadde betalt for en tjeneste jeg ikke fikk, sa en voldstiltalt mann i 60-\u00e5rene i retten i Hokksund.<\/p>\n<p><img alt=\"En mann fra Telemark m\u00f8tte mandag i Buskerud tingrett her i Hokksund, tiltalt for vold mot en mass\u00f8r.  Foto: Per Erik Knive, NTB\" class=\"_image_qp4xg_65 layout-component layout-wide\" data-fullscreen- data-track-element-type=\"Article image fullscreen\" data-track-name=\"ImageFullscreen\" fetchpriority=\"high\" decoding=\"sync\" loading=\"eager\" height=\"1500\" itemprop=\"image\"  src=\"https:\/\/www.europesays.com\/no\/wp-content\/uploads\/2025\/12\/899caf8d-eb00-43a1-973c-843a532229ee\"  style=\"object-position:0% 0%\" width=\"2000\"\/>En mann fra Telemark m\u00f8tte mandag i Buskerud tingrett her i Hokksund, tiltalt for vold mot en mass\u00f8r.  Foto: Per Erik Knive, NTB<\/p>\n<ul aria-hidden=\"true\" class=\"_images_ntbth_112\">\n<li><a class=\"_link_ntbth_117\" href=\"https:\/\/www.vg.no\/forfatter\/ntb\" style=\"z-index:1\" title=\"NTB\" rel=\"nofollow noopener\" target=\"_blank\"><img alt=\"Bilde av NTB\" class=\"_image_ntbth_93\" fetchpriority=\"low\" loading=\"lazy\" decoding=\"async\" itemprop=\"image\"  src=\"https:\/\/www.europesays.com\/no\/wp-content\/uploads\/2025\/12\/1765847891_285_c33980b0-5d07-4027-84a1-813f90a7c8d6\"  width=\"480\"\/><\/a><\/li>\n<\/ul>\n<p> Oppdatert tirsdag 16. desember kl. 01:38    <\/p>\n<ul class=\"_list_o9xde_3 _list_64s2r_85 _unordered_o9xde_106 text-sans-m\">\n<li class=\"_item_o9xde_30\">En mann i 60-\u00e5rene er i retten for vold mot en kvinnelig mass\u00f8r i drammensomr\u00e5det.<\/li>\n<li class=\"_item_o9xde_30\">Mannen skal ha sl\u00e5tt kvinnen etter \u00e5 ha ikke f\u00e5tt forventede seksuelle tjenester.<\/li>\n<li class=\"_item_o9xde_30\">Forsvareren ba om frifinnelse, men p\u00e5talemyndigheten vil ha fire m\u00e5neders fengsel.<\/li>\n<\/ul>\n<p>Vis mer <\/p>\n<p class=\"_paragraph_o9xde_4 _paragraph_xtcu6_10 layout-component text-serif-m layout-normal text-serif-m layout-padded\">Mannen er tiltalt for vold etter at en kvinnelig mass\u00f8r ble sl\u00e5tt p\u00e5 et massasjeinstitutt i drammensomr\u00e5det i november 2023, <a href=\"https:\/\/www.dt.no\/kunde-fikk-ikke-happy-ending-slo-og-kastet-vann-pa-massoren\/s\/5-57-2755093\" class=\"_link_o9xde_39\" rel=\"nofollow noopener\" target=\"_blank\">melder Drammens Tidende<\/a>.<\/p>\n<p class=\"_paragraph_o9xde_4 _paragraph_xtcu6_10 layout-component text-serif-m layout-normal text-serif-m layout-padded\">\u2013 Han slo, slo og slo til jeg ble bevisstl\u00f8s, forklarte kvinnen gr\u00e5tkvalt i retten.<\/p>\n<p class=\"_paragraph_o9xde_4 _paragraph_xtcu6_10 layout-component text-serif-m layout-normal text-serif-m layout-padded\">Mannen forklarte at han hadde betalt 800 kroner for massasje, og senere vippset ytterligere 1000 kroner. Han forklarte han forventet seksuelle tjenester.<\/p>\n<p class=\"_paragraph_o9xde_4 _paragraph_xtcu6_10 layout-component text-serif-m layout-normal text-serif-m layout-padded\">\u2013 Hun brukte h\u00e5nden, men det var ikke det jeg hadde betalt for, sa han.<\/p>\n<p class=\"_paragraph_o9xde_4 _paragraph_xtcu6_10 layout-component text-serif-m layout-normal text-serif-m layout-padded\">Tiltalte innr\u00f8mmet \u00e5 ha sl\u00e5tt kvinnen med knyttet neve, men avviste at hun ble bevisstl\u00f8s. Han forklarte volden som \u00abberettiget harme\u00bb.<\/p>\n<p class=\"_paragraph_o9xde_4 _paragraph_xtcu6_10 layout-component text-serif-m layout-normal text-serif-m layout-padded\">\u2013 Jeg ble svindlet. Jeg betalte for en vare jeg ikke fikk, sa han. \u2013 Hva skulle jeg gj\u00f8re? Skulle jeg g\u00e5tt til Forbrukerr\u00e5det for \u00e5 f\u00e5 tilbake pengene? Politiet?, sa han.<\/p>\n<p class=\"_paragraph_o9xde_4 _paragraph_xtcu6_10 layout-component text-serif-m layout-normal text-serif-m layout-padded\">Hans forsvarer, advokat Ole H\u00e5kon Ellingsen, ba om frifinnelse. Det ble kontant avvist fra p\u00e5talemyndighetens side.<\/p>\n<p class=\"_paragraph_o9xde_4 _paragraph_xtcu6_10 layout-component text-serif-m layout-normal text-serif-m layout-padded\">\u2013 Jeg kan ikke se at det er noen berettiget harme eller lovlig selvtektselvtektSelvtekt vil si at noen for \u00e5 vareta sine rettigheter tar seg selv til rette istedenfor \u00e5 g\u00e5 veien om de lovlige myndigheter for hjelp., sa politiadvokat Eldbj\u00f8rg Martinsen, som ba om fire m\u00e5neders fengsel for mannen.<\/p>\n","protected":false},"excerpt":{"rendered":"\u2013 Jeg var sur. Jeg hadde betalt for en tjeneste jeg ikke fikk, sa en voldstiltalt mann i&hellip;\n","protected":false},"author":2,"featured_media":114275,"comment_status":"","ping_status":"","sticky":false,"template":"","format":"standard","meta":{"footnotes":""},"categories":[10],"tags":[20,21,24,25,15,22,23,13,30,28,29,14,16,26,27,493],"class_list":{"0":"post-114274","1":"post","2":"type-post","3":"status-publish","4":"format-standard","5":"has-post-thumbnail","7":"category-norge","8":"tag-breaking-news","9":"tag-breakingnews","10":"tag-featured-news","11":"tag-featurednews","12":"tag-headlines","13":"tag-latest-news","14":"tag-latestnews","15":"tag-news","16":"tag-no","17":"tag-norge","18":"tag-norway","19":"tag-nyheter","20":"tag-overskrifter","21":"tag-top-stories","22":"tag-topstories","23":"tag-vold"},"share_on_mastodon":{"url":"https:\/\/pubeurope.com\/@no\/115726614979553593","error":""},"_links":{"self":[{"href":"https:\/\/www.europesays.com\/no\/wp-json\/wp\/v2\/posts\/114274","targetHints":{"allow":["GET"]}}],"collection":[{"href":"https:\/\/www.europesays.com\/no\/wp-json\/wp\/v2\/posts"}],"about":[{"href":"https:\/\/www.europesays.com\/no\/wp-json\/wp\/v2\/types\/post"}],"author":[{"embeddable":true,"href":"https:\/\/www.europesays.com\/no\/wp-json\/wp\/v2\/users\/2"}],"replies":[{"embeddable":true,"href":"https:\/\/www.europesays.com\/no\/wp-json\/wp\/v2\/comments?post=114274"}],"version-history":[{"count":0,"href":"https:\/\/www.europesays.com\/no\/wp-json\/wp\/v2\/posts\/114274\/revisions"}],"wp:featuredmedia":[{"embeddable":true,"href":"https:\/\/www.europesays.com\/no\/wp-json\/wp\/v2\/media\/114275"}],"wp:attachment":[{"href":"https:\/\/www.europesays.com\/no\/wp-json\/wp\/v2\/media?parent=114274"}],"wp:term":[{"taxonomy":"category","embeddable":true,"href":"https:\/\/www.europesays.com\/no\/wp-json\/wp\/v2\/categories?post=114274"},{"taxonomy":"post_tag","embeddable":true,"href":"https:\/\/www.europesays.com\/no\/wp-json\/wp\/v2\/tags?post=114274"}],"curies":[{"name":"wp","href":"https:\/\/api.w.org\/{rel}","templated":true}]}}