{"id":114290,"date":"2025-12-16T02:54:15","date_gmt":"2025-12-16T02:54:15","guid":{"rendered":"https:\/\/www.europesays.com\/no\/114290\/"},"modified":"2025-12-16T02:54:15","modified_gmt":"2025-12-16T02:54:15","slug":"langrenn-sportsvarsel-norsk-sensasjonsseier-til-karoline-simpson-larsen","status":"publish","type":"post","link":"https:\/\/www.europesays.com\/no\/114290\/","title":{"rendered":"Langrenn, Sportsvarsel | Norsk sensasjonsseier til Karoline Simpson-Larsen"},"content":{"rendered":"\n<p>Karoline Simpson-Larsen (28) nedkjempet rutinerte langrennsstjerner og gikk inn til seier p\u00e5 10-kilometeren i fristil i Davos. Seieren er en stor overraskelse.<\/p>\n<p>\u2013 Det er en kjempeskrell, sier Viaplay-ekspert Niklas Dyrhaug.<\/p>\n<p>\u2013 Det er ikke mulig, sier kommentator Jan Christian Bj\u00f8rn.<\/p>\n<p>Det ble en norsk jubeldag i de sveitsiske alpene. Mens stjerner som Heidi Weng, Frida Karlsson og Ebba Andersson glimret med sitt frav\u00e6r, viste Simpson-Larsen styrke og vant.<\/p>\n<p>Hun har aldri tidligere v\u00e6rt p\u00e5 seierspallen i verdenscupen, s\u00e5 s\u00f8ndagens l\u00f8p er fort hennes beste i karrieren.<\/p>\n<p>Hun slo svenske Moa Ilar med 2,1 sekunder, mens Astrid \u00d8yre Slind var ytterligere ett tidels sekund bak.<\/p>\n<p>Verdenscupleder Jessie Diggins m\u00e5tte se seg sl\u00e5tt med vel ti sekunder.<\/p>\n","protected":false},"excerpt":{"rendered":"Karoline Simpson-Larsen (28) nedkjempet rutinerte langrennsstjerner og gikk inn til seier p\u00e5 10-kilometeren i fristil i Davos. Seieren&hellip;\n","protected":false},"author":2,"featured_media":114291,"comment_status":"","ping_status":"","sticky":false,"template":"","format":"standard","meta":{"footnotes":""},"categories":[59],"tags":[30,28,29,83,82],"class_list":{"0":"post-114290","1":"post","2":"type-post","3":"status-publish","4":"format-standard","5":"has-post-thumbnail","7":"category-sport","8":"tag-no","9":"tag-norge","10":"tag-norway","11":"tag-sport","12":"tag-sports"},"share_on_mastodon":{"url":"https:\/\/pubeurope.com\/@no\/115726992148462834","error":""},"_links":{"self":[{"href":"https:\/\/www.europesays.com\/no\/wp-json\/wp\/v2\/posts\/114290","targetHints":{"allow":["GET"]}}],"collection":[{"href":"https:\/\/www.europesays.com\/no\/wp-json\/wp\/v2\/posts"}],"about":[{"href":"https:\/\/www.europesays.com\/no\/wp-json\/wp\/v2\/types\/post"}],"author":[{"embeddable":true,"href":"https:\/\/www.europesays.com\/no\/wp-json\/wp\/v2\/users\/2"}],"replies":[{"embeddable":true,"href":"https:\/\/www.europesays.com\/no\/wp-json\/wp\/v2\/comments?post=114290"}],"version-history":[{"count":0,"href":"https:\/\/www.europesays.com\/no\/wp-json\/wp\/v2\/posts\/114290\/revisions"}],"wp:featuredmedia":[{"embeddable":true,"href":"https:\/\/www.europesays.com\/no\/wp-json\/wp\/v2\/media\/114291"}],"wp:attachment":[{"href":"https:\/\/www.europesays.com\/no\/wp-json\/wp\/v2\/media?parent=114290"}],"wp:term":[{"taxonomy":"category","embeddable":true,"href":"https:\/\/www.europesays.com\/no\/wp-json\/wp\/v2\/categories?post=114290"},{"taxonomy":"post_tag","embeddable":true,"href":"https:\/\/www.europesays.com\/no\/wp-json\/wp\/v2\/tags?post=114290"}],"curies":[{"name":"wp","href":"https:\/\/api.w.org\/{rel}","templated":true}]}}