{"id":114296,"date":"2025-12-16T03:29:09","date_gmt":"2025-12-16T03:29:09","guid":{"rendered":"https:\/\/www.europesays.com\/no\/114296\/"},"modified":"2025-12-16T03:29:09","modified_gmt":"2025-12-16T03:29:09","slug":"frykter-for-united-dagbladet","status":"publish","type":"post","link":"https:\/\/www.europesays.com\/no\/114296\/","title":{"rendered":"Frykter for United &#8211; Dagbladet"},"content":{"rendered":"<ol>\n<li><a href=\"https:\/\/news.google.com\/rss\/articles\/CBMiakFVX3lxTFBGb3BoR3YzTDJnTlg2ZTJfRWdId2ZiMVBBVFJfb2xtR3FvWkxsc09ha2FCVUpsQ2pUSkdwN3lqTU9QOTI1Q2hHNHJ6dl96N0RyRXlyemtNUGxpN1ZpbG9tVXBrSnltNFpWcXc?oc=5\" target=\"_blank\" rel=\"nofollow noopener\">Frykter for United<\/a>&nbsp;&nbsp;Dagbladet<\/li>\n<li><a href=\"https:\/\/news.google.com\/rss\/articles\/CBMipwFBVV95cUxNWk9FZlJnRnNOekVPNlN6bWVQZnd2QW02RERDX2JJdzBKdTNycmR0OGpLeU4wVS1DcHRzSGJjdTJlTGZrZWhIRjh2N3o5VkgydlpteVhUZ0ZhRk1Sc2QxNXhTRm5CMk1aZ09yX2JBTmduM1BMMXlOeFdGVFNFNWFtOHEzdlQyT1VFbllsSk9YWjU4N1lNeFhkVzJENHNsajZUT2U4Tmw2TQ?oc=5\" target=\"_blank\" rel=\"nofollow noopener\">\u00c5ttem\u00e5lsthriller p\u00e5 Old Trafford: \u2013\u2060 Galskap<\/a>&nbsp;&nbsp;VG<\/li>\n<li><a href=\"https:\/\/news.google.com\/rss\/articles\/CBMisAFBVV95cUxQSjFJc0NoT29kOVlPU1hXa29aMHNlQ0RNclN6TmgtdGxjN3U0WHIxUFJnNUUwTVV6Z25XVXVZRG9HeklvM2h5LWRzeDFRWUllUU40cVhhWHdRdHUwVTVrWWVEU1ptX1lGTXlMWmZXWG8tV1Njd2JlVXlUNF9jaG0zZERPdDk0N3FiY1hRdFRQWEJQTVV1WUE1Q1A2RWJUTXBoMGZjNUJ4V2tfSTh6RGlpcw?oc=5\" target=\"_blank\" rel=\"nofollow noopener\">Bournemouth-sp\u00f8kelset henger over Manchester United etter utrolige minutter<\/a>&nbsp;&nbsp;NRK<\/li>\n<li><a href=\"https:\/\/news.google.com\/rss\/articles\/CBMipwFBVV95cUxQR2RUQ3pnVHJXUjVXQUFVUzFlVDltc21uaTJxZGhFOUY3Y0ZOaGdpMGp6S2t6WUlrMFE4R21QckRSYWhiQjF2X3R5elc2TEs5NWx1NGtPeEQzSzU1MXd3MGpJVlVzRWNOLVVKRjI1X0NCcGs3V1c1RU9BOUh5LXZfQm5JRnc4MnJMRThxakV2bEVWTE5kOWtURkVIVjJvZkFSQ2ktYmZNUQ?oc=5\" target=\"_blank\" rel=\"nofollow noopener\">Ellevill \u00e5ttem\u00e5lsthriller da seieren glapp for United mot Bournemouth<\/a>&nbsp;&nbsp;TV2.no<\/li>\n<li><a href=\"https:\/\/news.google.com\/rss\/articles\/CBMiiAFBVV95cUxQUHdnRWFlZHVDRUJ0RElaSW5Gckd4QkFQaFV0SkNWYTVwZ0QwWng2VVZGNkRuVlhUNkZxbk1NdENsa2JqaEptd3FXUXlWVkV3QzM1blkwU3VQZUN0MGJ5OHFxNXV0Sl9aUmM4VWphUU5KUkN2TUtTUlN6RUgyQUZfUFpsRVZ1dzI1?oc=5\" target=\"_blank\" rel=\"nofollow noopener\">Gr\u00f8nt lys for Mbeumo og Amad &#8211; ingen Mazraoui<\/a>&nbsp;&nbsp;United &#8211; forsiden<\/li>\n<\/ol>\n","protected":false},"excerpt":{"rendered":"Frykter for United&nbsp;&nbsp;Dagbladet \u00c5ttem\u00e5lsthriller p\u00e5 Old Trafford: \u2013\u2060 Galskap&nbsp;&nbsp;VG Bournemouth-sp\u00f8kelset henger over Manchester United etter utrolige minutter&nbsp;&nbsp;NRK Ellevill&hellip;\n","protected":false},"author":2,"featured_media":114297,"comment_status":"","ping_status":"","sticky":false,"template":"","format":"standard","meta":{"footnotes":""},"categories":[5],"tags":[20,21,24,25,92,15,19,22,23,17,18,4710,13,30,28,29,14,16,192,83,26,27],"class_list":{"0":"post-114296","1":"post","2":"type-post","3":"status-publish","4":"format-standard","5":"has-post-thumbnail","7":"category-overskrifter","8":"tag-breaking-news","9":"tag-breakingnews","10":"tag-featured-news","11":"tag-featurednews","12":"tag-fotball","13":"tag-headlines","14":"tag-hovedoppslag","15":"tag-latest-news","16":"tag-latestnews","17":"tag-main-news","18":"tag-mainnews","19":"tag-manchester_united","20":"tag-news","21":"tag-no","22":"tag-norge","23":"tag-norway","24":"tag-nyheter","25":"tag-overskrifter","26":"tag-ruben-amorim","27":"tag-sport","28":"tag-top-stories","29":"tag-topstories"},"share_on_mastodon":{"url":"https:\/\/pubeurope.com\/@no\/115727129867150332","error":""},"_links":{"self":[{"href":"https:\/\/www.europesays.com\/no\/wp-json\/wp\/v2\/posts\/114296","targetHints":{"allow":["GET"]}}],"collection":[{"href":"https:\/\/www.europesays.com\/no\/wp-json\/wp\/v2\/posts"}],"about":[{"href":"https:\/\/www.europesays.com\/no\/wp-json\/wp\/v2\/types\/post"}],"author":[{"embeddable":true,"href":"https:\/\/www.europesays.com\/no\/wp-json\/wp\/v2\/users\/2"}],"replies":[{"embeddable":true,"href":"https:\/\/www.europesays.com\/no\/wp-json\/wp\/v2\/comments?post=114296"}],"version-history":[{"count":0,"href":"https:\/\/www.europesays.com\/no\/wp-json\/wp\/v2\/posts\/114296\/revisions"}],"wp:featuredmedia":[{"embeddable":true,"href":"https:\/\/www.europesays.com\/no\/wp-json\/wp\/v2\/media\/114297"}],"wp:attachment":[{"href":"https:\/\/www.europesays.com\/no\/wp-json\/wp\/v2\/media?parent=114296"}],"wp:term":[{"taxonomy":"category","embeddable":true,"href":"https:\/\/www.europesays.com\/no\/wp-json\/wp\/v2\/categories?post=114296"},{"taxonomy":"post_tag","embeddable":true,"href":"https:\/\/www.europesays.com\/no\/wp-json\/wp\/v2\/tags?post=114296"}],"curies":[{"name":"wp","href":"https:\/\/api.w.org\/{rel}","templated":true}]}}