{"id":114298,"date":"2025-12-16T03:34:11","date_gmt":"2025-12-16T03:34:11","guid":{"rendered":"https:\/\/www.europesays.com\/no\/114298\/"},"modified":"2025-12-16T03:34:11","modified_gmt":"2025-12-16T03:34:11","slug":"atte-drept-i-amerikanske-angrep-mot-tre-bater","status":"publish","type":"post","link":"https:\/\/www.europesays.com\/no\/114298\/","title":{"rendered":"\u00c5tte drept i amerikanske angrep mot tre b\u00e5ter"},"content":{"rendered":"\n<p class=\"_lead_o9xde_2 _lead_xtcu6_50 layout-component text-serif-m layout-normal text-serif-l layout-component layout-wide layout-padded _wide_17hqh_1 layout-padded\">USA har drept \u00e5tte menn i luftangrep mot tre b\u00e5ter i internasjonalt farvann i Stillehavet, opplyser amerikanske milit\u00e6rmyndigheter.<\/p>\n<p><img alt=\" Foto: U.S. Southern Command\" class=\"_image_qp4xg_65 layout-component layout-wide\" data-fullscreen- data-track-element-type=\"Article image fullscreen\" data-track-name=\"ImageFullscreen\" fetchpriority=\"high\" decoding=\"sync\" loading=\"eager\" height=\"1215\" itemprop=\"image\"  src=\"https:\/\/www.europesays.com\/no\/wp-content\/uploads\/2025\/12\/0a855b90-c15f-4ead-8be6-63af4110c6cc\"  style=\"object-position:0% 0%\" width=\"1636\"\/> Foto: U.S. Southern Command<\/p>\n<ul aria-hidden=\"true\" class=\"_images_ntbth_112\">\n<li><a class=\"_link_ntbth_117\" href=\"https:\/\/www.vg.no\/forfatter\/ntb\" style=\"z-index:2\" title=\"NTB\" rel=\"nofollow noopener\" target=\"_blank\"><img alt=\"Bilde av NTB\" class=\"_image_ntbth_93\" fetchpriority=\"low\" loading=\"lazy\" decoding=\"async\" itemprop=\"image\"  src=\"https:\/\/www.europesays.com\/no\/wp-content\/uploads\/2025\/12\/1765856050_924_c33980b0-5d07-4027-84a1-813f90a7c8d6\"  width=\"480\"\/><\/a><\/li>\n<li><a class=\"_link_ntbth_117\" href=\"https:\/\/www.vg.no\/forfatter\/emma-fondenes-oevreboe\" style=\"z-index:1\" title=\"Emma Fondenes \u00d8vreb\u00f8\" rel=\"nofollow noopener\" target=\"_blank\"><img alt=\"Bilde av Emma Fondenes \u00d8vreb\u00f8\" class=\"_image_ntbth_93\" fetchpriority=\"low\" loading=\"lazy\" decoding=\"async\" itemprop=\"image\"  src=\"https:\/\/www.europesays.com\/no\/wp-content\/uploads\/2025\/12\/1765856050_285_a3715f19-7e77-4fbf-b20f-7d6f5cb479de\"  width=\"480\"\/><\/a><\/li>\n<\/ul>\n<p> Oppdatert tirsdag 16. desember kl. 04:25    <\/p>\n<ul class=\"_list_o9xde_3 _list_64s2r_85 _unordered_o9xde_106 text-sans-m\">\n<li class=\"_item_o9xde_30\">USA har drept \u00e5tte menn i luftangrep mot tre b\u00e5ter i internasjonalt farvann i Stillehavet.<\/li>\n<li class=\"_item_o9xde_30\">Amerikanske myndigheter sier fart\u00f8yene fulgte narkosmuglingsruter og var involvert i narkotikasmugling.<\/li>\n<li class=\"_item_o9xde_30\">Aksjonen ble utf\u00f8rt p\u00e5 ordre fra forsvarsminister Pete Hegseth.<\/li>\n<\/ul>\n<p>Vis mer <\/p>\n<p class=\"_paragraph_o9xde_4 _paragraph_xtcu6_10 layout-component text-serif-m layout-normal text-serif-m layout-padded\"> \u2013 Etterretningsopplysninger slo fast at fart\u00f8yene fulgte etablerte narkosmuglerruter i det \u00f8stlige Stillehavet og at fart\u00f8yene var involvert i narkotikasmugling, st\u00e5r det i en uttalelse fra U.S. Southern Command (Southcom) <a href=\"https:\/\/x.com\/Southcom\/status\/2000756230252314901\" class=\"_link_o9xde_39\" rel=\"nofollow\">p\u00e5 X<\/a>.<\/p>\n<p class=\"_paragraph_o9xde_4 _paragraph_xtcu6_10 layout-component text-serif-m layout-normal text-serif-m layout-padded\">Aksjonen ble gjennomf\u00f8rt mandag p\u00e5 ordre fra forsvarsminister <a href=\"https:\/\/www.vg.no\/tag\/pete-hegseth?utm_source=vg-article&amp;utm_medium=auto-tagger&amp;utm_campaign=M7g0WE\" class=\"_link_o9xde_39\" rel=\"nofollow noopener\" target=\"_blank\">Pete Hegseth<\/a>.<\/p>\n<p><img decoding=\"async\" alt=\"Bilde av Pete Hegseth\" class=\"_image_ygndg_42\" height=\"27\" itemprop=\"image\" loading=\"lazy\"  src=\"https:\/\/www.europesays.com\/no\/wp-content\/uploads\/2025\/12\/c44d20fb-8804-4047-9b61-25e9a6b0f66e\"  width=\"40\"\/><strong class=\"_name_ygndg_51 title-serif-xs\">Pete Hegseth<\/strong><\/p>\n<p class=\"_paragraph_o9xde_4 text-sans-m _description_ygndg_56\">Forsvarsminister i USA<\/p>\n<p class=\"_paragraph_o9xde_4 _paragraph_xtcu6_10 layout-component text-serif-m layout-normal text-serif-m layout-padded\">\u2013 Til sammen \u00e5tte mannlige narkoterrorister ble drept i disse angrepene, tre av dem i den f\u00f8rste b\u00e5ten, to i den andre og tre i den tredje, st\u00e5r det i uttalelsen, som inneholder et videoklipp som skal v\u00e6re fra luftangrepene.<\/p>\n<p class=\"_paragraph_o9xde_4 _paragraph_xtcu6_10 layout-component text-serif-m layout-normal text-serif-m layout-padded\">U.S. Southern Command har ansvar for USAs milit\u00e6raktiviteter i Latin-Amerika og Karibia.<\/p>\n<p class=\"_root_1xq52_1\" lang=\"en\" dir=\"auto\">On Dec. 15, at the direction of <a href=\"https:\/\/x.com\/SecWar\" class=\"_root_eihfa_1\" target=\"_blank\" rel=\"noopener noreferrer nofollow\">@SecWar<\/a> Pete Hegseth, Joint Task Force Southern Spear conducted lethal kinetic strikes on three vessels operated by Designated Terrorist Organizations in international waters. Intelligence confirmed that the vessels were transiting along known<\/p>\n<p class=\"_paragraph_o9xde_4 _paragraph_xtcu6_10 layout-component text-serif-m layout-normal text-serif-m layout-padded\">USA har de siste m\u00e5nedene gjennomf\u00f8rt en rekke angrep mot sm\u00e5b\u00e5ter som de mener smugler narkotika fra Latin-Amerika til USA \u2013 b\u00e5de via Karibia og langs den \u00f8stlige delen av Stillehavet.<\/p>\n<p class=\"_paragraph_o9xde_4 _paragraph_xtcu6_10 layout-component text-serif-m layout-normal text-serif-m layout-padded\">I september publiserte president Donald Trump en video fra et angrep mot en venezuelansk b\u00e5t som skal ha v\u00e6rt p\u00e5 vei til USA. Trump hevdet det var en smuglerb\u00e5t med narkotika. <\/p>\n<p class=\"_paragraph_o9xde_4 _paragraph_xtcu6_10 layout-component text-serif-m layout-normal text-serif-m layout-padded\">\u2013 Det var store poser med kokain og fentanyl overalt, fortalte han.<\/p>\n<p class=\"_paragraph_o9xde_4 _paragraph_xtcu6_10 layout-component text-serif-m layout-normal text-serif-m layout-padded\">Tre personer ble drept. <\/p>\n<p class=\"_paragraph_o9xde_4 _paragraph_xtcu6_10 layout-component text-serif-m layout-normal text-serif-m layout-padded\"><strong class=\"_strong_o9xde_25\">Se videoen her: <\/strong><\/p>\n","protected":false},"excerpt":{"rendered":"USA har drept \u00e5tte menn i luftangrep mot tre b\u00e5ter i internasjonalt farvann i Stillehavet, opplyser amerikanske milit\u00e6rmyndigheter.&hellip;\n","protected":false},"author":2,"featured_media":114299,"comment_status":"","ping_status":"","sticky":false,"template":"","format":"standard","meta":{"footnotes":""},"categories":[12],"tags":[20,21,24,25,15,22,23,13,30,28,29,14,16,6506,9691,26,27,50,42,43,44,45],"class_list":{"0":"post-114298","1":"post","2":"type-post","3":"status-publish","4":"format-standard","5":"has-post-thumbnail","7":"category-verden","8":"tag-breaking-news","9":"tag-breakingnews","10":"tag-featured-news","11":"tag-featurednews","12":"tag-headlines","13":"tag-latest-news","14":"tag-latestnews","15":"tag-news","16":"tag-no","17":"tag-norge","18":"tag-norway","19":"tag-nyheter","20":"tag-overskrifter","21":"tag-pete-hegseth","22":"tag-stillehavet","23":"tag-top-stories","24":"tag-topstories","25":"tag-usa","26":"tag-verden","27":"tag-world","28":"tag-world-news","29":"tag-worldnews"},"share_on_mastodon":{"url":"https:\/\/pubeurope.com\/@no\/115727149810600771","error":""},"_links":{"self":[{"href":"https:\/\/www.europesays.com\/no\/wp-json\/wp\/v2\/posts\/114298","targetHints":{"allow":["GET"]}}],"collection":[{"href":"https:\/\/www.europesays.com\/no\/wp-json\/wp\/v2\/posts"}],"about":[{"href":"https:\/\/www.europesays.com\/no\/wp-json\/wp\/v2\/types\/post"}],"author":[{"embeddable":true,"href":"https:\/\/www.europesays.com\/no\/wp-json\/wp\/v2\/users\/2"}],"replies":[{"embeddable":true,"href":"https:\/\/www.europesays.com\/no\/wp-json\/wp\/v2\/comments?post=114298"}],"version-history":[{"count":0,"href":"https:\/\/www.europesays.com\/no\/wp-json\/wp\/v2\/posts\/114298\/revisions"}],"wp:featuredmedia":[{"embeddable":true,"href":"https:\/\/www.europesays.com\/no\/wp-json\/wp\/v2\/media\/114299"}],"wp:attachment":[{"href":"https:\/\/www.europesays.com\/no\/wp-json\/wp\/v2\/media?parent=114298"}],"wp:term":[{"taxonomy":"category","embeddable":true,"href":"https:\/\/www.europesays.com\/no\/wp-json\/wp\/v2\/categories?post=114298"},{"taxonomy":"post_tag","embeddable":true,"href":"https:\/\/www.europesays.com\/no\/wp-json\/wp\/v2\/tags?post=114298"}],"curies":[{"name":"wp","href":"https:\/\/api.w.org\/{rel}","templated":true}]}}