{"id":114305,"date":"2025-12-16T04:46:18","date_gmt":"2025-12-16T04:46:18","guid":{"rendered":"https:\/\/www.europesays.com\/no\/114305\/"},"modified":"2025-12-16T04:46:18","modified_gmt":"2025-12-16T04:46:18","slug":"dette-er-et-svik","status":"publish","type":"post","link":"https:\/\/www.europesays.com\/no\/114305\/","title":{"rendered":"\u2013 Dette er et svik"},"content":{"rendered":"\n<ul class=\"_list_o9xde_3 _list_64s2r_85 _unordered_o9xde_106 text-sans-m\">\n<li class=\"_item_o9xde_30\">Daniel Viksund fra Veteran Aid Ukraine kritiserer regjeringen som skulle kj\u00f8pe masker til 100 millioner til ukrainske solsdater.<\/li>\n<li class=\"_item_o9xde_30\">Han hevder norske st\u00f8tteordninger til Ukraina bel\u00f8nner prosjekter som ser bra ut p\u00e5 papiret.<\/li>\n<li class=\"_item_o9xde_30\">Forsvarsdepartementet har bedt Forsvaret om \u00e5 gjennomg\u00e5 produktet og arbeid. <\/li>\n<li class=\"_item_o9xde_30\">Selskapet bak maskene tar kritikken til etterretning &#8211; og sier maskene har f\u00e5tt gode tilbakemeldinger. <\/li>\n<\/ul>\n<p>Vis mer <\/p>\n<p class=\"_paragraph_o9xde_4 _paragraph_xtcu6_10 layout-component text-serif-m layout-normal text-serif-m layout-padded\">Viksund er leder for organisasjonen Veteran Aid Ukraine, som leverer droner og annet utstyr til <a href=\"https:\/\/www.vg.no\/tag\/ukraina?utm_source=vg-article&amp;utm_medium=auto-tagger&amp;utm_campaign=n1gPvd\" class=\"_link_o9xde_39\" rel=\"nofollow noopener\" target=\"_blank\">Ukraina<\/a>.<\/p>\n<p class=\"_paragraph_o9xde_4 _paragraph_xtcu6_10 layout-component text-serif-m layout-normal text-serif-m layout-padded\">Han reagerer kraftig p\u00e5 VGs saker om de norske maskene fra firmaet Watchbird, som regjeringen ble anbefalt \u00e5 bruke 100 millioner kroner p\u00e5. <\/p>\n<p class=\"_paragraph_o9xde_4 _paragraph_xtcu6_10 layout-component text-serif-m layout-normal text-serif-m layout-padded\">Maskene skal blant annet beskytte mot t\u00e5regass, men <a href=\"https:\/\/www.vg.no\/nyheter\/i\/L4pl4Q\/kjoeper-masker-fra-watchbird-for-100-millioner-naa-faar-jeg-ikke-puste\" data-track-element-type=\"Link\" data-track-id=\"link:L4pl4Q\" class=\"_link_o9xde_39\" rel=\"nofollow noopener\" target=\"_blank\">VGs egne tester<\/a> viste at billigmasker fra Biltema ga bedre beskyttelse:<\/p>\n<p> VG-reporteren med Watchbirds maske (nederst) er inne i 21 sekunder, mens kollegaen med Biltema-masken g\u00e5r ut av teltet etter 69 sekunder.   <\/p>\n<p class=\"_paragraph_o9xde_4 _paragraph_xtcu6_10 layout-component text-serif-m layout-normal text-serif-m layout-padded\">Avtalen mellom regjeringen og selskapet er <a href=\"https:\/\/www.vg.no\/nyheter\/i\/n1g0rm\/statsraaden-om-maske-avsloering-har-bedt-forsvaret-om-en-grundig-gjennomgang\" data-track-element-type=\"Link\" data-track-id=\"link:n1g0rm\" class=\"_link_o9xde_39\" rel=\"nofollow noopener\" target=\"_blank\">satt p\u00e5 vent<\/a>. <\/p>\n<p class=\"_paragraph_o9xde_4 _paragraph_xtcu6_10 layout-component text-serif-m layout-normal text-serif-m layout-padded\">Organisasjonen Veteran Aid Ukraine (VAU) har levert utstyr og materiell for millioner av kroner, opplyser Viksund. Han forteller at de blant annet har levert:<\/p>\n<ul class=\"_list_o9xde_3 _list_xtcu6_9 _unordered_o9xde_106 layout-component text-serif-m layout-normal text-serif-m layout-padded\">\n<li class=\"_item_o9xde_30\">Over 6000 FPV-dronerFPV-dronerDronepiloten styrer dronen via et kamera som er montert p\u00e5 dronen. FPV st\u00e5r for &laquo;first person view&raquo;..<\/li>\n<li class=\"_item_o9xde_30\">Et stort antall kj\u00f8ret\u00f8y til etterretning, spesialstyrkerspesialstyrker Spesialstyrker er milit\u00e6re enheter som er trent til \u00e5 utf\u00f8re spesielle oppdrag som krever uvanlige ferdigheter og taktikker., artilleri artilleri Artilleri er en gren av milit\u00e6ret som bruker store v\u00e5pen, som kanoner og raketter, for \u00e5 angripe m\u00e5l p\u00e5 lang avstand.og logistikk.<\/li>\n<li class=\"_item_o9xde_30\">Tonnevis med kamuflasjenett, generatorer, medisinsk utstyr, optikk og annet materiell.<\/li>\n<\/ul>\n<p class=\"_paragraph_o9xde_4 _paragraph_xtcu6_10 layout-component text-serif-m layout-normal text-serif-m layout-padded\">\u2013 Vi jobber kun med det som virker. Og likevel har vi med flere andre frivillige aldri f\u00e5tt en eneste krone i offentlig st\u00f8tte, sier han.<\/p>\n<p class=\"_paragraph_o9xde_4 _paragraph_xtcu6_10 layout-component text-serif-m layout-normal text-serif-m layout-padded\">Om maskene til 100 millioner sier han: <\/p>\n<p class=\"_paragraph_o9xde_4 _paragraph_xtcu6_10 layout-component text-serif-m layout-normal text-serif-m layout-padded\">\u2013 Det er et svik \u2013 mot ukrainske soldater, mot norske skattebetalere og mot frivillige som st\u00e5r p\u00e5 dag og natt for \u00e5 levere utstyr uten st\u00f8tte fra det offentlige.<\/p>\n<p><img alt=\"DRONELEVERANSE: Viksund (t.h.) i Ukraina, med en ny leveranse av droner foran seg.   Foto: Privat\" class=\"_image_qp4xg_65 layout-component layout-normal\" data-fullscreen- data-track-element-type=\"Article image fullscreen\" data-track-name=\"ImageFullscreen\" decoding=\"async\" loading=\"lazy\" height=\"2028\" itemprop=\"image\"  src=\"https:\/\/www.europesays.com\/no\/wp-content\/uploads\/2025\/12\/129670d2-452f-4a75-b80d-74e752d3d6fa\"  style=\"object-position:0% 0%\" width=\"2704\"\/>DRONELEVERANSE: Viksund (t.h.) i Ukraina, med en ny leveranse av droner foran seg.   Foto: Privat<\/p>\n<p class=\"_paragraph_o9xde_4 _paragraph_xtcu6_10 layout-component text-serif-m layout-normal text-serif-m layout-padded\">Viksund er selv veteran, og den tidligere panservogn-f\u00f8reren var selv flere ganger i Afghanistan flere ganger i Afghanistan Norge bidro  i krigen i Afghanistan fra 2001 til 2021.som medlem av Telemarksbataljonen.<\/p>\n<p class=\"_paragraph_o9xde_4 _paragraph_xtcu6_10 layout-component text-serif-m layout-normal text-serif-m layout-padded\">Viksund mener regjeringens tildeling til firmaet Watchbird avsl\u00f8rer noe mer grunnleggende. <\/p>\n<p class=\"_paragraph_o9xde_4 _paragraph_xtcu6_10 layout-component text-serif-m layout-normal text-serif-m layout-padded\">\u2013 N\u00e5r en maske med egenskaper tilsvarende en FFP1-maskeFFP1-maskeEtter en europeisk standard som kalles EN 149, deles pustemasker inn i tre beskyttelsesniv\u00e5er: FFP1, FFP2 og FFP3. Det er stor forskjell i hva masker p\u00e5 forskjellige niv\u00e5er beskytter mot.<br \/>\nFFP1 gir laveste beskyttelse. til over 3000 kroner stykket fremstilles som h\u00f8yteknologisk beskyttelse mot gass og giftstoffer, samtidig som den presterer d\u00e5rligere enn billige alternativer, da er det ikke fag som har vunnet, sier han.<\/p>\n<p class=\"_paragraph_o9xde_4 _paragraph_xtcu6_10 layout-component text-serif-m layout-normal text-serif-m layout-padded\">Regjeringen ble anbefalt \u00e5 bruke 100 millioner kroner p\u00e5 33.000 masker. Det tilsvarer 3000 kroner per innkj\u00f8pte maske, som VG tidligere har omtalt. <\/p>\n<p class=\"_paragraph_o9xde_4 _paragraph_xtcu6_10 layout-component text-serif-m layout-normal text-serif-m layout-padded\">I ettertid har Watchbird uttalt at prisen per maske er betydelig lavere og at \u00abvolumet er betydelig h\u00f8yere enn fremstilt\u00bb. Men firmaet vil ikke oppgi eksakte tall av \u00abkontraktsmessige grunner\u00bb. <\/p>\n<p><img alt=\"AKTIV I MOTSTANDEN: Da Daniel Viksund (t.h.) bes\u00f8kte en dronefabrikk i Ukraina tidligere i \u00e5r, var VG med. Her er Viksund sammen med fabrikkens direkt\u00f8r Victor (t.v.) og sjefingeni\u00f8r Valentin.  Foto: Espen Rasmussen \/ VG\" class=\"_image_qp4xg_65 layout-component layout-normal\" data-fullscreen- data-track-element-type=\"Article image fullscreen\" data-track-name=\"ImageFullscreen\" decoding=\"async\" loading=\"lazy\" height=\"4566\" itemprop=\"image\"  src=\"https:\/\/www.europesays.com\/no\/wp-content\/uploads\/2025\/12\/7864440c-0eb7-40c0-b175-d470ee5164d4\"  style=\"object-position:0% 0%\" width=\"6845\"\/>AKTIV I MOTSTANDEN: Da Daniel Viksund (t.h.) bes\u00f8kte en dronefabrikk i Ukraina tidligere i \u00e5r, var VG med. Her er Viksund sammen med fabrikkens direkt\u00f8r Victor (t.v.) og sjefingeni\u00f8r Valentin.  Foto: Espen Rasmussen \/ VG<\/p>\n<p class=\"_paragraph_o9xde_4 _paragraph_xtcu6_10 layout-component text-serif-m layout-normal text-serif-m layout-padded\"><strong class=\"_strong_o9xde_25\">\u2013 Det er nettverk. Et system der de samme milj\u00f8ene f\u00e5r kontrakter, uavhengig av om produktene fungerer eller ikke, mener veteranen.<\/strong><\/p>\n<p class=\"_paragraph_o9xde_4 _paragraph_xtcu6_10 layout-component text-serif-m layout-normal text-serif-m layout-padded\">I en <a href=\"https:\/\/www.watchbird.no\/news\/press-release-the-ministry-of-defence-procure-products-from-watchbird-as-worth-nok-100-million-through-the-ukrainian-nansen-donation-program?utm_source=sdrn%3Avg%3Aarticle%3AL4pl4Q\" class=\"_link_o9xde_39\" rel=\"nofollow noopener\" target=\"_blank\">pressemelding<\/a> fra august hevdet Watchbird at masken beskyttet mot \u00abblant annet CS-gassCS-gassT\u00e5regass som f\u00f8rer til irritasjon i \u00f8yne, hud og luftveier., giftig tilbakeslag fra ammunisjon og skuddrester, r\u00f8yk og eksos, st\u00f8v, asbest og mikroorganismer\u00bb.<\/p>\n<p class=\"_paragraph_o9xde_4 _paragraph_xtcu6_10 layout-component text-serif-m layout-normal text-serif-m layout-padded\">Forskningsleder \u00d8yvind Voie ved Forsvarets forskningsinstitutt (FFI) anbefalte ogs\u00e5 maskene til regjeringen. Han skrev at Watchbirds utstyr er s\u00e6rlig relevant fordi det brukes t\u00e5regass i Ukraina \u2013 for \u00e5 tvinge soldater ut av beskyttede stillinger.<\/p>\n<p>Les hele brevet<\/p>\n<p class=\"_paragraph_o9xde_4 _paragraph_xtcu6_10 _paragraph_16v91_10 layout-component text-serif-m layout-normal text-sans-m layout-padded\">WatchBirds s\u00f8ker st\u00f8tte fra Nansen-programmet til donasjon av ferdigutviklede SAFEgaiter-enheter, i kombinasjon med stridsbriller, til Ukrainske styrker. Dette er s\u00e6rlig relevant i lys av dokumentert bruk av CS-aerosoler i Ukraina, der middelet anvendes for \u00e5 tvinge soldater ut av beskyttede stillinger. I slike scenarier kan lavterskel beskyttelsesutstyr bidra til \u00e5 redusere eksponering, opprettholde operativ kapasitet og beskytte helse.<\/p>\n<p class=\"_paragraph_o9xde_4 _paragraph_xtcu6_10 _paragraph_16v91_10 layout-component text-serif-m layout-normal text-sans-m layout-padded\">SAFEgaiter er et tekstilbasert \u00e5ndedrettsvern som dekker munn, nese og hals, og gir beskyttelse mot partikler som r\u00f8yk, st\u00f8v, eksos og kjemiske agens i aerosolisert form. I tillegg skjermer produktet mot kulde, sterk sol og u\u00f8nsket identifisering. I kombinasjon med tette stridsbriller \u2013 som beskytter \u00f8ynene mot aerosoler \u2013 kan l\u00f8sningen fungere som en helhetlig, lett tilgjengelig beskyttelsespakke for personell i felt.<\/p>\n<p class=\"_paragraph_o9xde_4 _paragraph_xtcu6_10 _paragraph_16v91_10 layout-component text-serif-m layout-normal text-sans-m layout-padded\">Det understrekes at det ikke s\u00f8kes om st\u00f8tte til videreutvikling, men til donasjon av allerede ferdigstilte og gjennomtestede enheter. Produktet er tidligere utviklet i samarbeid med Forsvarets forskningsinstitutt (FFI), noe som underbygger kvalitet og funksjonalitet. FFI har s\u00e6rlig kompetanse innen CBRN og har deltatt i evaluering av \u00e5ndedrettsvern under pandemien \u2013 erfaringer som ogs\u00e5 er relevante her. <\/p>\n<p class=\"_paragraph_o9xde_4 _paragraph_xtcu6_10 _paragraph_16v91_10 layout-component text-serif-m layout-normal text-sans-m layout-padded\">Tiltaket st\u00f8ttes ogs\u00e5 faglig av Nasjonal behandlingstjeneste for CBRNE-medisin (CBRNE-senteret) ved Oslo universitetssykehus. Tiltaket samsvarer med Forsvarets \u00f8kende fokus p\u00e5 CBRNE-beredskap og behovet for fleksibel beskyttelse mot farlige partikler og ikke-d\u00f8delige kjemiske midler. Det representerer en lavkost, raskt distribuerbar l\u00f8sning med potensiell nytteverdi b\u00e5de milit\u00e6rt og sivilt.<\/p>\n<p class=\"_paragraph_o9xde_4 _paragraph_xtcu6_10 _paragraph_16v91_10 layout-component text-serif-m layout-normal text-sans-m layout-padded\">S\u00f8knaden vurderes som faglig relevant, praktisk gjennomf\u00f8rbar og i tr\u00e5d med Nansen-programmets m\u00e5lsetninger om \u00e5 bidra til \u00f8kt beskyttelse og beredskap. St\u00f8tte anbefales.<\/p>\n<p class=\"_paragraph_o9xde_4 _paragraph_xtcu6_10 _paragraph_16v91_10 layout-component text-serif-m layout-normal text-sans-m layout-padded\">Med hilsen<br \/>\u00d8yvind Albert Voie<br \/>Forskningsleder<\/p>\n<p>Vis mer<\/p>\n<p class=\"_paragraph_o9xde_4 _paragraph_xtcu6_10 layout-component text-serif-m layout-normal text-serif-m layout-padded\">I en <a href=\"https:\/\/kommunikasjon.ntb.no\/pressemelding\/18746324\/watchbird-har-oppnadd-norsk-patent-for-safegaiter?publisherId=17849394&amp;lang=no\" class=\"_link_o9xde_39\" rel=\"nofollow noopener\" target=\"_blank\">pressemelding<\/a> onsdag skrev Watchbird imidlertid at den \u00abgir delvis beskyttelse\u00bb mot CS-partiklerCS-partiklerSm\u00e5 faste partikler av virkestoffet i CS-gass..<\/p>\n<p>Gass vs partikler<\/p>\n<p class=\"_paragraph_o9xde_4 _paragraph_xtcu6_10 _paragraph_16v91_10 layout-component text-serif-m layout-normal text-sans-m layout-padded\">Det som omtales som <strong class=\"_strong_o9xde_25\">CS-gass<\/strong> er egentlig et fint kjemisk pulver som spres i luften ved hjelp av r\u00f8yk- eller aerosollignende metoder. Dette er det vi kaller \u00abt\u00e5regass\u00bb fordi det irriterer slimhinner og hud og kan gj\u00f8re det vanskelig \u00e5 puste.<br \/><strong class=\"_strong_o9xde_25\">CS-partikler <\/strong>er sm\u00e5 partikler av kjemikaliet i pulverform, som kan bli liggende igjen p\u00e5 overflater og utstyr etter at selve gassen har lagt seg.<\/p>\n<p>Vis mer<\/p>\n<p class=\"_paragraph_o9xde_4 _paragraph_xtcu6_10 layout-component text-serif-m layout-normal text-serif-m layout-padded\"><strong class=\"_strong_o9xde_25\">Viksund sier at alle som har jobbet med beredskap vet at en FFP1-maskeFFP1-maskeEtter en europeisk standard som kalles EN 149, deles pustemasker inn i tre beskyttelsesniv\u00e5er: FFP1, FFP2 og FFP3. Det er stor forskjell i hva masker p\u00e5 forskjellige niv\u00e5er beskytter mot.<br \/>\nFFP1 gir laveste beskyttelse. ikke beskytter mot t\u00e5regass.<\/strong><\/p>\n<p class=\"_paragraph_o9xde_4 _paragraph_xtcu6_10 layout-component text-serif-m layout-normal text-serif-m layout-padded\">\u2013 S\u00e5 hvordan ble dette godkjent? Hvordan ble dette anbefalt? Hvordan kunne dette koste 100 millioner kroner? sp\u00f8r han.<\/p>\n<p class=\"_paragraph_o9xde_4 _paragraph_xtcu6_10 layout-component text-serif-m layout-normal text-serif-m layout-padded\">\u2013 Svaret ligger ikke i teknologi. Svaret ligger i kultur, sier han, og utdyper:<\/p>\n<p><img decoding=\"async\" alt=\"Bilde av Daniel Viksund\" class=\"_image_ygndg_42\" height=\"53\" itemprop=\"image\" loading=\"lazy\"  src=\"https:\/\/www.europesays.com\/no\/wp-content\/uploads\/2025\/12\/15d6237d-ad9e-416b-9571-0a9d4f995717\"  width=\"40\"\/><strong class=\"_name_ygndg_51 title-serif-xs\">Daniel Viksund<\/strong><\/p>\n<p class=\"_paragraph_o9xde_4 text-sans-m _description_ygndg_56\">Leder i Veterane Aid Ukraine<\/p>\n<p class=\"_paragraph_o9xde_4 _paragraph_xtcu6_10 layout-component text-serif-m layout-normal text-serif-m layout-padded\">\u2013 Dette er tegn p\u00e5 en kultur der nettverk veier tyngre enn resultater, og der staten bruker enorme summer p\u00e5 prosjekter som ikke engang best\u00e5r en enkel t\u00e5regasstest. Dette avsl\u00f8rer et system som prioriterer kameraderi over kompetanse, PR over effekt og solskinnshistorier over virkelighet, mener han.<\/p>\n<p class=\"_paragraph_o9xde_4 _paragraph_xtcu6_10 layout-component text-serif-m layout-normal text-serif-m layout-padded\">Sylvi Listhaug, leder for Fremskrittspartiet, sa til VG fredag at <a href=\"https:\/\/www.vg.no\/i\/7plJOW\" data-track-element-type=\"Link\" data-track-id=\"link:7plJOW\" class=\"_link_o9xde_39\" rel=\"nofollow noopener\" target=\"_blank\">maske-saken gjorde henne urolig<\/a>:<\/p>\n<p class=\"_paragraph_o9xde_4 _paragraph_xtcu6_10 layout-component text-serif-m layout-normal text-serif-m layout-padded\">\u2013 Vi har lenge v\u00e6rt bekymret for korrupsjon i Ukraina n\u00e5r vi gir s\u00e5 mye penger. Det gj\u00f8r oss urolige at vi ogs\u00e5 m\u00e5 v\u00e6re bekymret over de pengene som brukes gjennom norske kanaler.<\/p>\n<p><img alt=\"Foto: Gisle Oddstad \/ VG\" class=\"_image_qp4xg_65 layout-component layout-normal\" data-fullscreen- data-track-element-type=\"Article image fullscreen\" data-track-name=\"ImageFullscreen\" decoding=\"async\" loading=\"lazy\" height=\"5464\" itemprop=\"image\"  src=\"https:\/\/www.europesays.com\/no\/wp-content\/uploads\/2025\/12\/3c707750-aa0b-404f-b1ab-ccf3bd55eae1\"  style=\"object-position:0% 0%\" width=\"8192\"\/>Foto: Gisle Oddstad \/ VG<\/p>\n<p class=\"_paragraph_o9xde_4 _paragraph_xtcu6_10 layout-component text-serif-m layout-normal text-serif-m layout-padded\">VG har forelagt kritikken fra Viksund til Forsvarsdepartementet. Forsvarsminister Tore O. Sandvik svarer p\u00e5 e-post: <\/p>\n<p class=\"_paragraph_o9xde_4 _paragraph_xtcu6_10 layout-component text-serif-m layout-normal text-serif-m layout-padded\">\u00abKontrakt med selskapet er ikke signert. Jeg har bedt Forsvaret om en grundig gjennomgang av b\u00e5de produktet og arbeidet som er gjort s\u00e5 langt\u00bb. <\/p>\n<p><img alt=\"Forsvarsminister Tore O. Sandvik (til venstre) og daglig leder Rune Jomaas (til h\u00f8yre) i firmaet Watchbird AS.   Foto: Forsvarsdepartementet\" class=\"_image_qp4xg_65 layout-component layout-normal\" data-fullscreen- data-track-element-type=\"Article image fullscreen\" data-track-name=\"ImageFullscreen\" decoding=\"async\" loading=\"lazy\" height=\"1369\" itemprop=\"image\"  src=\"https:\/\/www.europesays.com\/no\/wp-content\/uploads\/2025\/12\/954e7d95-2ca8-4268-b75c-d58bade7da6f\"  style=\"object-position:0% 0%\" width=\"1369\"\/>Forsvarsminister Tore O. Sandvik (til venstre) og daglig leder Rune Jomaas (til h\u00f8yre) i firmaet Watchbird AS.   Foto: Forsvarsdepartementet<\/p>\n<p class=\"_paragraph_o9xde_4 _paragraph_xtcu6_10 layout-component text-serif-m layout-normal text-serif-m layout-padded\">Han legger ogs\u00e5 til: <\/p>\n<p class=\"_paragraph_o9xde_4 _paragraph_xtcu6_10 layout-component text-serif-m layout-normal text-serif-m layout-padded\">\u00abUkraina har et enormt behov for beskyttelse. Det er derfor avgj\u00f8rende at vi bruker ressursene v\u00e5re der de gir st\u00f8rst effekt. Dette inneb\u00e6rer at vi m\u00e5 vurdere anskaffelser sv\u00e6rt n\u00f8ye, samtidig som vi er bevisste p\u00e5 at prosessene m\u00e5 gjennomf\u00f8res raskt og i tr\u00e5d med Ukrainas behov og \u00f8nsker.\u00bb<\/p>\n<p class=\"_paragraph_o9xde_4 _paragraph_xtcu6_10 layout-component text-serif-m layout-normal text-serif-m layout-padded\">Forsvarets forskningsinstitutt (FFI) er forelagt uttalelsene til Viksund, men har ikke svart. <\/p>\n<p class=\"_paragraph_o9xde_4 _paragraph_xtcu6_10 layout-component text-serif-m layout-normal text-serif-m layout-padded\">\u2013 Det synes jeg er veldig viktig at forsvarsministeren har tatt tak i, sier Viksund.<\/p>\n<p class=\"_paragraph_o9xde_4 _paragraph_xtcu6_10 layout-component text-serif-m layout-normal text-serif-m layout-padded\">\u2013 Men dette m\u00e5 ogs\u00e5 bli et vendepunkt. Norge trenger ikke flere solskinnshistorier eller symbolprosjekter. Ukraina trenger resultater.<\/p>\n<p class=\"_paragraph_o9xde_4 _paragraph_xtcu6_10 layout-component text-serif-m layout-normal text-serif-m layout-padded\">Han mener Norge m\u00e5 stille seg ett enkelt sp\u00f8rsm\u00e5l n\u00e5r midler skal fordeles:<\/p>\n<p class=\"_paragraph_o9xde_4 _paragraph_xtcu6_10 layout-component text-serif-m layout-normal text-serif-m layout-padded\">\u2013 Hva redder flest liv?<\/p>\n<p class=\"_paragraph_o9xde_4 _paragraph_xtcu6_10 layout-component text-serif-m layout-normal text-serif-m layout-padded\"><strong class=\"_strong_o9xde_25\">Pressetalsmann for Watchbird, Bj\u00f8rn Richard Johansen i Geelmuyden Kiese, skriver til VG at de tar Viksunds kritikk til etterretning. <\/strong><\/p>\n<p class=\"_paragraph_o9xde_4 _paragraph_xtcu6_10 layout-component text-serif-m layout-normal text-serif-m layout-padded\">\u2013 Som en norsk SMB-bedriftSMB-bedriftForkortelse for &laquo;sm\u00e5 og mellomstore bedrifter&raquo;. Definisjon fra N\u00e6ringslivets hovedorganisasjon (NHO) er en bedrift som med under 100 ansatte.  og selskap er vi stolte over \u00e5 ha utviklet Safegaiter (masken). Vi har f\u00e5tt gode tilbakemeldinger fra dem som har brukt og pr\u00f8vd produktet. S\u00e5 tar vi bare til etterretning det som her blir uttrykt.<\/p>\n<p><img decoding=\"async\" alt=\"Bilde av Bj\u00f8rn Richard Johansen\" class=\"_image_ygndg_42\" height=\"27\" itemprop=\"image\" loading=\"lazy\"  src=\"https:\/\/www.europesays.com\/no\/wp-content\/uploads\/2025\/12\/4be28557-ddc8-49b7-a39f-889973bd2e3a\"  width=\"40\"\/><strong class=\"_name_ygndg_51 title-serif-xs\">Bj\u00f8rn Richard Johansen<\/strong><\/p>\n<p class=\"_paragraph_o9xde_4 text-sans-m _description_ygndg_56\">Kommersiell direkt\u00f8r i Geelmuyden Kiese<\/p>\n<p class=\"_paragraph_o9xde_4 _paragraph_xtcu6_10 layout-component text-serif-m layout-normal text-serif-m layout-padded\">At det er store summer i spill rundt Ukraina-krigen, ser ogs\u00e5 han.<\/p>\n<p class=\"_paragraph_o9xde_4 _paragraph_xtcu6_10 layout-component text-serif-m layout-normal text-serif-m layout-padded\">\u2013 Vi har selvsagt ogs\u00e5 forst\u00e5else for at det stilles kritiske sp\u00f8rsm\u00e5l til store investeringer. Samtidig er det avgj\u00f8rende at debatten bygger p\u00e5 korrekt faglig grunnlag, ikke sammenligninger med utstyr og systemer som Safegaiter aldri har v\u00e6rt ment \u00e5 erstatte, skriver han:<\/p>\n<p class=\"_paragraph_o9xde_4 _paragraph_xtcu6_10 layout-component text-serif-m layout-normal text-serif-m layout-padded\">\u2013 Safegaiter er levert innenfor rammene av en offentlig anskaffelsesprosess, basert p\u00e5<br \/>kravspesifikasjoner og faglige vurderinger definert av oppdragsgiver. Watchbird har ingen rolle i<br \/>prioritering av st\u00f8tteordninger eller i forvaltningen av offentlige midler.<\/p>\n<p><img decoding=\"async\" alt=\"Bilde av Oleksiy Gavrysh\" class=\"_image_ygndg_42\" height=\"40\" itemprop=\"image\" loading=\"lazy\"  src=\"https:\/\/www.europesays.com\/no\/wp-content\/uploads\/2025\/12\/984f8a89-d8e1-4f94-9211-9eb3f9942595\"  width=\"40\"\/><strong class=\"_name_ygndg_51 title-serif-xs\">Oleksiy Gavrysh<\/strong><\/p>\n<p class=\"_paragraph_o9xde_4 text-sans-m _description_ygndg_56\">Ukrainas ambassad\u00f8r i Norge<\/p>\n<p class=\"_paragraph_o9xde_4 _paragraph_xtcu6_10 layout-component text-serif-m layout-normal text-serif-m layout-padded\">VG har v\u00e6rt i kontakt med Ukrainas ambassad\u00f8r i Norge.<\/p>\n<p class=\"_paragraph_o9xde_4 _paragraph_xtcu6_10 layout-component text-serif-m layout-normal text-serif-m layout-padded\">\u2013 Utstyr til det ukrainske forsvaret m\u00e5 samsvare med faktiske behov, gi p\u00e5litelig beskyttelse og v\u00e6re kostnadseffektivt, s\u00e6rlig med tanke p\u00e5 omfanget av den defensive krigen mot russisk aggresjon, skriver ambassad\u00f8r Oleksiy Gavrysh i en uttalelse som han har sendt til VG.<\/p>\n<p class=\"_paragraph_o9xde_4 _paragraph_xtcu6_10 layout-component text-serif-m layout-normal text-serif-m layout-padded\">Ambassad\u00f8ren er vokst opp i Donetsk, det ukrainske omr\u00e5det som har v\u00e6rt okkupert av russiskst\u00f8ttede oppr\u00f8rere i over et ti\u00e5r.<\/p>\n<p class=\"_paragraph_o9xde_4 _paragraph_xtcu6_10 layout-component text-serif-m layout-normal text-serif-m layout-padded\">\u2013 Vi st\u00f8tter fullt ut beslutningen fra det norske\u00a0<a href=\"https:\/\/www.vg.no\/tag\/forsvarsdepartementet?utm_source=vg-article&amp;utm_medium=auto-tagger&amp;utm_campaign=8b24c67b-254a-4261-bd20-5be9bc6bba43@preview\" class=\"_link_o9xde_39\" rel=\"nofollow noopener\" target=\"_blank\">Forsvarsdepartementet<\/a>\u00a0om \u00e5 foreta en grundig gjennomgang av saken og utsette anskaffelsesprosessen, skriver ambassad\u00f8ren<\/p>\n<p>    <img decoding=\"async\" alt=\"Tips oss illustrasjon\" src=\"https:\/\/www.europesays.com\/no\/wp-content\/uploads\/2025\/10\/pssst-small.webp.webp\"\/>    <\/p>\n<p class=\"title-serif-s\">Har du tips?<\/p>\n<p class=\"text-sans-m\">Send oss informasjon, bilder eller video.<\/p>\n<p>  <a href=\"https:\/\/www.vg.no\/tips-oss\" rel=\"nofollow noopener\" target=\"_blank\"> Tips oss <\/a>      <\/p>\n","protected":false},"excerpt":{"rendered":"Daniel Viksund fra Veteran Aid Ukraine kritiserer regjeringen som skulle kj\u00f8pe masker til 100 millioner til ukrainske solsdater.&hellip;\n","protected":false},"author":2,"featured_media":114306,"comment_status":"","ping_status":"","sticky":false,"template":"","format":"standard","meta":{"footnotes":""},"categories":[10],"tags":[20,21,24,25,1903,8437,567,15,22,23,13,30,28,29,14,16,26,27,489,13904],"class_list":{"0":"post-114305","1":"post","2":"type-post","3":"status-publish","4":"format-standard","5":"has-post-thumbnail","7":"category-norge","8":"tag-breaking-news","9":"tag-breakingnews","10":"tag-featured-news","11":"tag-featurednews","12":"tag-forsvaret","13":"tag-forsvarets-forskningsinstitutt-ffi","14":"tag-forsvarsdepartementet","15":"tag-headlines","16":"tag-latest-news","17":"tag-latestnews","18":"tag-news","19":"tag-no","20":"tag-norge","21":"tag-norway","22":"tag-nyheter","23":"tag-overskrifter","24":"tag-top-stories","25":"tag-topstories","26":"tag-ukraina","27":"tag-watchbird"},"share_on_mastodon":{"url":"https:\/\/pubeurope.com\/@no\/115727433066272767","error":""},"_links":{"self":[{"href":"https:\/\/www.europesays.com\/no\/wp-json\/wp\/v2\/posts\/114305","targetHints":{"allow":["GET"]}}],"collection":[{"href":"https:\/\/www.europesays.com\/no\/wp-json\/wp\/v2\/posts"}],"about":[{"href":"https:\/\/www.europesays.com\/no\/wp-json\/wp\/v2\/types\/post"}],"author":[{"embeddable":true,"href":"https:\/\/www.europesays.com\/no\/wp-json\/wp\/v2\/users\/2"}],"replies":[{"embeddable":true,"href":"https:\/\/www.europesays.com\/no\/wp-json\/wp\/v2\/comments?post=114305"}],"version-history":[{"count":0,"href":"https:\/\/www.europesays.com\/no\/wp-json\/wp\/v2\/posts\/114305\/revisions"}],"wp:featuredmedia":[{"embeddable":true,"href":"https:\/\/www.europesays.com\/no\/wp-json\/wp\/v2\/media\/114306"}],"wp:attachment":[{"href":"https:\/\/www.europesays.com\/no\/wp-json\/wp\/v2\/media?parent=114305"}],"wp:term":[{"taxonomy":"category","embeddable":true,"href":"https:\/\/www.europesays.com\/no\/wp-json\/wp\/v2\/categories?post=114305"},{"taxonomy":"post_tag","embeddable":true,"href":"https:\/\/www.europesays.com\/no\/wp-json\/wp\/v2\/tags?post=114305"}],"curies":[{"name":"wp","href":"https:\/\/api.w.org\/{rel}","templated":true}]}}