{"id":11431,"date":"2025-08-18T14:31:09","date_gmt":"2025-08-18T14:31:09","guid":{"rendered":"https:\/\/www.europesays.com\/no\/11431\/"},"modified":"2025-08-18T14:31:09","modified_gmt":"2025-08-18T14:31:09","slug":"sogndal-trafikk-trafikkulukke-i-sogndal-ein-person-skal-vera-skadd","status":"publish","type":"post","link":"https:\/\/www.europesays.com\/no\/11431\/","title":{"rendered":"Sogndal, Trafikk | Trafikkulukke i Sogndal: Ein person skal vera skadd"},"content":{"rendered":"\n<p>Politiet fekk melding klokka 13.57 m\u00e5ndag om ei trafikkulukke p\u00e5 rv. 5 langs Dalavatnet i Sogndal.<\/p>\n<p>Meldinga kom via ein e-call, som er ein automatisk alarm i k\u00f8yret\u00f8y.<\/p>\n<p>Samstundes fekk politiet oppringing p\u00e5 112 der nokon opplyste om ei ulukke p\u00e5 staden.<\/p>\n<p>Ambulanse og politi rykte ut. Politiet opplyser at ein person skal ha skade i ein arm.<\/p>\n<p>Brannmannskap er p\u00e5 veg, og trafikken st\u00e5r i begge i retningar. If\u00f8lgje politiet sine f\u00f8rste opplysningar var det tre involverte, seinare vart dette endra til to involverte bilar. <\/p>\n<p>Det var ein person i begge bilane, og desse f\u00e5r tilsyn av helsepersonell p\u00e5 staden.<\/p>\n<p>Bergingsbil er rekvirert.<\/p>\n<p><b>Klokka 14.33 opna vegen igjen.<\/b><\/p>\n<p>Les meir om: artikkelemnene<\/p>\n","protected":false},"excerpt":{"rendered":"Politiet fekk melding klokka 13.57 m\u00e5ndag om ei trafikkulukke p\u00e5 rv. 5 langs Dalavatnet i Sogndal. Meldinga kom&hellip;\n","protected":false},"author":2,"featured_media":11432,"comment_status":"","ping_status":"","sticky":false,"template":"","format":"standard","meta":{"footnotes":""},"categories":[10],"tags":[36,20,21,24,25,15,22,23,13,30,28,29,14,16,2337,1029,1510,26,27,224],"class_list":{"0":"post-11431","1":"post","2":"type-post","3":"status-publish","4":"format-standard","5":"has-post-thumbnail","7":"category-norge","8":"tag-art","9":"tag-breaking-news","10":"tag-breakingnews","11":"tag-featured-news","12":"tag-featurednews","13":"tag-headlines","14":"tag-latest-news","15":"tag-latestnews","16":"tag-news","17":"tag-no","18":"tag-norge","19":"tag-norway","20":"tag-nyheter","21":"tag-overskrifter","22":"tag-riksveg","23":"tag-sogndal","24":"tag-story","25":"tag-top-stories","26":"tag-topstories","27":"tag-trafikk"},"share_on_mastodon":{"url":"","error":""},"_links":{"self":[{"href":"https:\/\/www.europesays.com\/no\/wp-json\/wp\/v2\/posts\/11431","targetHints":{"allow":["GET"]}}],"collection":[{"href":"https:\/\/www.europesays.com\/no\/wp-json\/wp\/v2\/posts"}],"about":[{"href":"https:\/\/www.europesays.com\/no\/wp-json\/wp\/v2\/types\/post"}],"author":[{"embeddable":true,"href":"https:\/\/www.europesays.com\/no\/wp-json\/wp\/v2\/users\/2"}],"replies":[{"embeddable":true,"href":"https:\/\/www.europesays.com\/no\/wp-json\/wp\/v2\/comments?post=11431"}],"version-history":[{"count":0,"href":"https:\/\/www.europesays.com\/no\/wp-json\/wp\/v2\/posts\/11431\/revisions"}],"wp:featuredmedia":[{"embeddable":true,"href":"https:\/\/www.europesays.com\/no\/wp-json\/wp\/v2\/media\/11432"}],"wp:attachment":[{"href":"https:\/\/www.europesays.com\/no\/wp-json\/wp\/v2\/media?parent=11431"}],"wp:term":[{"taxonomy":"category","embeddable":true,"href":"https:\/\/www.europesays.com\/no\/wp-json\/wp\/v2\/categories?post=11431"},{"taxonomy":"post_tag","embeddable":true,"href":"https:\/\/www.europesays.com\/no\/wp-json\/wp\/v2\/tags?post=11431"}],"curies":[{"name":"wp","href":"https:\/\/api.w.org\/{rel}","templated":true}]}}