{"id":114315,"date":"2025-12-16T05:12:10","date_gmt":"2025-12-16T05:12:10","guid":{"rendered":"https:\/\/www.europesays.com\/no\/114315\/"},"modified":"2025-12-16T05:12:10","modified_gmt":"2025-12-16T05:12:10","slug":"premier-league-chelsea-maresca-med-kryptisk-uttalelse-han-er-ferdig","status":"publish","type":"post","link":"https:\/\/www.europesays.com\/no\/114315\/","title":{"rendered":"Premier League, Chelsea | Maresca med kryptisk uttalelse: \u2013 Han er ferdig"},"content":{"rendered":"\n<p>Chelsea-manager Enzo Maresca vakte oppsikt da han uttalte f\u00f8lgende etter helgens 2-0-seier mot Everton:<\/p>\n<p>\u2013 De siste 48 timene har v\u00e6rt de t\u00f8ffeste siden jeg kom til klubben fordi s\u00e5 mange mennesker ikke har st\u00f8ttet meg og laget.<\/p>\n<p>Italieneren \u00f8nsket ikke \u00e5 utdype uttalelsen da han ble konfrontert f\u00f8r tirsdagens m\u00f8te med Cardiff i ligacupen, men etter gjentatte sp\u00f8rsm\u00e5l sa han at forholdet til ledelsen er \u00abok, bra\u00bb.<\/p>\n<p><b>Les ogs\u00e5: <a href=\"https:\/\/www.nettavisen.no\/sport\/elleville-scener-i-united-drama-kaos\/s\/5-95-2781742\" rel=\"Follow nofollow noopener\" target=\"_blank\">Ellevilt United-drama<\/a><\/b><\/p>\n<p>\u2013 Tror han er ferdig f\u00f8r neste sesong<\/p>\n<p>Uttalelsene har skapt spekulasjoner rundt Marescas fremtid p\u00e5 Stamford Bridge, og <a href=\"https:\/\/www.telegraph.co.uk\/football\/2025\/12\/15\/enzo-maresca-chelsea-owners-cardiff-emotional-contract-deal\/\" rel=\"Follow nofollow noopener\" target=\"_blank\">The Telegraph<\/a> mener italieneren er p\u00e5 kollisjonskurs med ledelsen i London-klubben.<\/p>\n<p>I Sky Sports-programmet Monday Night Football f\u00f8r Manchester Uniteds m\u00f8te med Bournemouth mandag er tidligere Liverpool-spiller Jamie Carragher klar i sin tale.<\/p>\n<p>\u2013 Jeg tror ikke Maresca er Chelsea-manager neste sesong, sier Carragher.<\/p>\n<p>   <img decoding=\"async\" width=\"6000\" height=\"4000\" fetchpriority=\"low\"  loading=\"lazy\"  src=\"https:\/\/www.europesays.com\/no\/wp-content\/uploads\/2025\/12\/1765861930_881_NTB_QQUrgLJTS6k+%281%29.jpg\" alt=\"Et bilde av Jamie Carragher\" class=\"brick-c-cFOWSL\" style=\"--brick-image-ratio: 6000 \/ 4000;\"\/><\/p>\n<p>      SP\u00c5R TR\u00d8BBEL: Jamie Carragher tror Enzo Maresca kan v\u00e6re i tr\u00f8bbel etter sine uttalelser.<br \/>\n      Foto: Zac Goodwin (Pa Photos)\n    <\/p>\n<p>  Advarer mot sparking<\/p>\n<p>Sky Sports-eksperten mener det som utspiller seg er et nytt fenomen i Premier League, der den klassiske manageren har blitt \u00abredusert\u00bb til hovedtrener og at det er sportsdirekt\u00f8rene som styrer det som skjer p\u00e5 overgangsmarkedet.<\/p>\n<p>\u2013 Han har gjort en veldig god jobb med \u00e5 sikre Champions League-fotball, vinne Conference League og VM for klubblag. Sakte, men sikker f\u00f8ler han at han b\u00f8r f\u00e5 mer makt. Han er nok veldig skuffet over at Chelsea ikke hentet en ny midtstopper i sommer da Colwill p\u00e5dro seg en langtidsskade, sier Carragher.<\/p>\n<p>Den tidligere Liverpool-spilleren synes ikke noe om at en manager g\u00e5r ut offentlig p\u00e5 denne m\u00e5ten, men advarer samtidig Chelsea mot \u00e5 kvitte seg med 45-\u00e5ringen.<\/p>\n<p>\u2013 Det han har gjort med denne troppen er fantastisk, fordi de er ikke i n\u00e6rheten av de tre andre toppklubbene. Han st\u00e5r ikke tilbake for noen managere. Chelsea f\u00f8ler nok de kan g\u00e5 ut og hente en bedre manager, men de kan fort enn\u00e5 opp med en d\u00e5rligere en. Se p\u00e5 hva som har skjedd i Tottenham og Manchester Unite de siste \u00e5rene, sier Carragher.<\/p>\n<p>Chelsea m\u00f8ter Cardiff p\u00e5 bortebane i ligacupen tirsdag klokken 21.00<\/p>\n","protected":false},"excerpt":{"rendered":"Chelsea-manager Enzo Maresca vakte oppsikt da han uttalte f\u00f8lgende etter helgens 2-0-seier mot Everton: \u2013 De siste 48&hellip;\n","protected":false},"author":2,"featured_media":114316,"comment_status":"","ping_status":"","sticky":false,"template":"","format":"standard","meta":{"footnotes":""},"categories":[59],"tags":[30,28,29,83,82],"class_list":{"0":"post-114315","1":"post","2":"type-post","3":"status-publish","4":"format-standard","5":"has-post-thumbnail","7":"category-sport","8":"tag-no","9":"tag-norge","10":"tag-norway","11":"tag-sport","12":"tag-sports"},"share_on_mastodon":{"url":"https:\/\/pubeurope.com\/@no\/115727535014320762","error":""},"_links":{"self":[{"href":"https:\/\/www.europesays.com\/no\/wp-json\/wp\/v2\/posts\/114315","targetHints":{"allow":["GET"]}}],"collection":[{"href":"https:\/\/www.europesays.com\/no\/wp-json\/wp\/v2\/posts"}],"about":[{"href":"https:\/\/www.europesays.com\/no\/wp-json\/wp\/v2\/types\/post"}],"author":[{"embeddable":true,"href":"https:\/\/www.europesays.com\/no\/wp-json\/wp\/v2\/users\/2"}],"replies":[{"embeddable":true,"href":"https:\/\/www.europesays.com\/no\/wp-json\/wp\/v2\/comments?post=114315"}],"version-history":[{"count":0,"href":"https:\/\/www.europesays.com\/no\/wp-json\/wp\/v2\/posts\/114315\/revisions"}],"wp:featuredmedia":[{"embeddable":true,"href":"https:\/\/www.europesays.com\/no\/wp-json\/wp\/v2\/media\/114316"}],"wp:attachment":[{"href":"https:\/\/www.europesays.com\/no\/wp-json\/wp\/v2\/media?parent=114315"}],"wp:term":[{"taxonomy":"category","embeddable":true,"href":"https:\/\/www.europesays.com\/no\/wp-json\/wp\/v2\/categories?post=114315"},{"taxonomy":"post_tag","embeddable":true,"href":"https:\/\/www.europesays.com\/no\/wp-json\/wp\/v2\/tags?post=114315"}],"curies":[{"name":"wp","href":"https:\/\/api.w.org\/{rel}","templated":true}]}}