{"id":114317,"date":"2025-12-16T05:31:12","date_gmt":"2025-12-16T05:31:12","guid":{"rendered":"https:\/\/www.europesays.com\/no\/114317\/"},"modified":"2025-12-16T05:31:12","modified_gmt":"2025-12-16T05:31:12","slug":"flykrasj-seks-bekreftet-dode","status":"publish","type":"post","link":"https:\/\/www.europesays.com\/no\/114317\/","title":{"rendered":"Flykrasj: &#8211; Seks bekreftet d\u00f8de"},"content":{"rendered":"<p>  De amerikanske alpinstjernene Lindsey Vonn (41) og Mikaela Shiffrin (30) g\u00e5r ikke godt overens. Det hevder ekspert.<\/p>\n<p>\n    SKAL V\u00c6RE ANSTRENGT: Lindsey Vonn (t.v.) og Mikaela Shiffrin har angivelig ikke det beste forholdet. Bildet er tatt ved en tidligere anledning. Foto: NTB\n  <\/p>\n<p>I desember i fjor gjorde Lindsey Vonn et sensasjonelt comeback i verdenscupen. Hun kom p\u00e5 14. plass i super-G i St. Moritz i Sveits.<\/p>\n<p>I helga toppet hun comebacket. Da vant hun utforrennet i St. Moritz, seks \u00e5r etter at hun la opp. Alder: 41 \u00e5r. Dette gj\u00f8r henne til den eldste verdenscupvinneren noen gang blant kvinnene.\u00a0<\/p>\n<p>Aksel Lund Svindal er inne p\u00e5 trenersida.<\/p>\n<p>        <img loading=\"lazy\" decoding=\"async\" src=\"https:\/\/www.europesays.com\/no\/wp-content\/uploads\/2025\/12\/83988686.webp\" width=\"667\" height=\"441\" title=\"ST\u00d8TTESPILLER: Aksel Lund Svindal hjelper Lindsey Vonn f\u00f8r hennes femte OL i februar. Foto: NTB\" alt=\"\" class=\"\" style=\"--aspect-ratio-image: 1.51; \"\/><\/p>\n<p>\n        ST\u00d8TTESPILLER: Aksel Lund Svindal hjelper Lindsey Vonn f\u00f8r hennes femte OL i februar. Foto: NTB\n    <\/p>\n<p>Den tidligere Liechtenstein-alpinisten Tina Weirather (36) jobber n\u00e5 som ekspert i Sveits, n\u00e6rmere bestemt for Schweizer Radio und Fernsehen (SFT).\u00a0<\/p>\n<p class=\"font-weight-bold m-font-weight-bold\" data-lab-font_weight=\"font-weight-bold\">L\u00f8rdag uttalte hun seg om Vonn og hennes lagvenninne, Mikaela Shiffrin:<\/p>\n<p>&#8211; De g\u00e5r ikke godt overens, sa hun, if\u00f8lge storavisa <a href=\"https:\/\/www.blick.ch\/sport\/ski\/wie-ist-ihr-verhaeltnis-zu-shiffrin-ski-star-vonn-kontert-aussage-von-srf-weirather-id21517367.html\" rel=\"nofollow noopener\" target=\"_blank\">Blick<\/a>.<\/p>\n<p>        <img loading=\"lazy\" decoding=\"async\" src=\"https:\/\/www.europesays.com\/no\/wp-content\/uploads\/2025\/12\/83988688.webp\" width=\"667\" height=\"427\" title=\"TV-EKSPERT: Tina Weirather kan vise til VM-s\u00f8lv og OL-bronse i super-G. Foto: NTB\" alt=\"\" class=\"\" style=\"--aspect-ratio-image: 1.56; \"\/><\/p>\n<p>\n        TV-EKSPERT: Tina Weirather kan vise til VM-s\u00f8lv og OL-bronse i super-G. Foto: NTB\n    <\/p>\n<p> Noe av bakgrunnen skal v\u00e6re en henvendelse fra Vonn f\u00f8r VM i Saalbach sist vinter.\u00a0<\/p>\n<p>Vonn ville at hun og Shiffrin skulle delta i lagkombinasjonen sammen. Hun skulle kj\u00f8re utfor, Shiffrin slal\u00e5m. Men Shiffrin svarte angivelig aldri p\u00e5 henvendelsen. I stedet tok hun gull sammen med Breezy Johnson.<\/p>\n<p class=\"font-weight-bold m-font-weight-bold\" data-lab-font_weight=\"font-weight-bold\">&#8211; Dette har ikke bedret forholdet deres, hevder Weirather.<\/p>\n<p>&#8211; Realiteten er at begge \u00f8nsker \u00e5 vinne. De vil ikke at den andre skal vinne.<\/p>\n<p>        <img loading=\"lazy\" decoding=\"async\" src=\"https:\/\/www.europesays.com\/no\/wp-content\/uploads\/2025\/12\/83988693.webp\" width=\"667\" height=\"454\" title=\"HISTORISK: Lindsey Vonn er den eldste verdenscupvinneren blant kvinnene. Foto: NTB|\" alt=\"\" class=\"\" style=\"--aspect-ratio-image: 1.47; \"\/><\/p>\n<p>\n        HISTORISK: Lindsey Vonn er den eldste verdenscupvinneren blant kvinnene. Foto: NTB|\n    <\/p>\n<p>Ogs\u00e5 avisa <a href=\"https:\/\/www.krone.at\/3987979\" rel=\"nofollow noopener\" target=\"_blank\">Kronen Zeitung <\/a>i \u00d8sterrike omtaler relasjonen.<\/p>\n<p>&#8211; Catfight med Shiffrin? sp\u00f8r avisa.<\/p>\n<p class=\"font-weight-bold m-font-weight-bold\" data-lab-font_weight=\"font-weight-bold\">Blick har konfrontert Vonn med p\u00e5standen om \u00abet d\u00e5rlig forhold\u00bb. Til dette svarer hun:<\/p>\n<p>&#8211; Forholdet v\u00e5rt er overhodet ikke d\u00e5rlig.<\/p>\n<p>Om det som skjedde i VM sier hun:<\/p>\n<p>&#8211; Det var bare d\u00e5rlig kommunikasjon med teamet, ikke med henne.<\/p>\n<p>        <img loading=\"lazy\" decoding=\"async\" src=\"https:\/\/www.europesays.com\/no\/wp-content\/uploads\/2025\/12\/83988699.webp\" width=\"667\" height=\"461\" title=\"TELLER NED: Mikaela Shiffrin sikter seg inn mot Italia-OL i februar. Foto: NTB\" alt=\"\" class=\"\" style=\"--aspect-ratio-image: 1.45; \"\/><\/p>\n<p>\n        TELLER NED: Mikaela Shiffrin sikter seg inn mot Italia-OL i februar. Foto: NTB\n    <\/p>\n<p>Vonn sier at hun har stor respekt for Shiffrin.<\/p>\n<p class=\"font-weight-bold m-font-weight-bold\" data-lab-font_weight=\"font-weight-bold\">&#8211; Jeg synes det er flott at hun konkurrerer i super-G igjen.<\/p>\n<p>Det er enn\u00e5 ikke bestemt om de to skal konkurrere i kombinasjon\u00f8velsen i OL. Vonn gj\u00f8r det klart at det er utfor som er m\u00e5let, i det som blir hennes femte OL.<\/p>\n<p>&#8211; En fantastisk dag, sa hun etter seieren i helga.<\/p>\n<p>    <a itemprop=\"url\" href=\"https:\/\/www.dagbladet.no\/sport\/kan-ikke-snakke-om-hemmelige-ting\/83984993\" rel=\"nofollow noopener\" target=\"_blank\"><\/p>\n<p>        <img loading=\"lazy\" decoding=\"async\" src=\"https:\/\/www.europesays.com\/no\/wp-content\/uploads\/2025\/12\/83985121.webp\" width=\"147\" height=\"98\" title=\"- Kan ikke snakke om hemmelige ting\" alt=\"\" class=\"lazyload\" style=\"--aspect-ratio-image: 1.50; \"\/><\/p>\n<p>        &#8211; Kan ikke snakke om hemmelige ting<\/p>\n<p>    <\/a><\/p>\n","protected":false},"excerpt":{"rendered":"De amerikanske alpinstjernene Lindsey Vonn (41) og Mikaela Shiffrin (30) g\u00e5r ikke godt overens. Det hevder ekspert. SKAL&hellip;\n","protected":false},"author":2,"featured_media":114318,"comment_status":"","ping_status":"","sticky":false,"template":"","format":"standard","meta":{"footnotes":""},"categories":[12],"tags":[20,21,24,25,15,22,23,13,30,28,29,14,16,26,27,412,42,43,44,45],"class_list":{"0":"post-114317","1":"post","2":"type-post","3":"status-publish","4":"format-standard","5":"has-post-thumbnail","7":"category-verden","8":"tag-breaking-news","9":"tag-breakingnews","10":"tag-featured-news","11":"tag-featurednews","12":"tag-headlines","13":"tag-latest-news","14":"tag-latestnews","15":"tag-news","16":"tag-no","17":"tag-norge","18":"tag-norway","19":"tag-nyheter","20":"tag-overskrifter","21":"tag-top-stories","22":"tag-topstories","23":"tag-utenriks","24":"tag-verden","25":"tag-world","26":"tag-world-news","27":"tag-worldnews"},"share_on_mastodon":{"url":"https:\/\/pubeurope.com\/@no\/115727609816626868","error":""},"_links":{"self":[{"href":"https:\/\/www.europesays.com\/no\/wp-json\/wp\/v2\/posts\/114317","targetHints":{"allow":["GET"]}}],"collection":[{"href":"https:\/\/www.europesays.com\/no\/wp-json\/wp\/v2\/posts"}],"about":[{"href":"https:\/\/www.europesays.com\/no\/wp-json\/wp\/v2\/types\/post"}],"author":[{"embeddable":true,"href":"https:\/\/www.europesays.com\/no\/wp-json\/wp\/v2\/users\/2"}],"replies":[{"embeddable":true,"href":"https:\/\/www.europesays.com\/no\/wp-json\/wp\/v2\/comments?post=114317"}],"version-history":[{"count":0,"href":"https:\/\/www.europesays.com\/no\/wp-json\/wp\/v2\/posts\/114317\/revisions"}],"wp:featuredmedia":[{"embeddable":true,"href":"https:\/\/www.europesays.com\/no\/wp-json\/wp\/v2\/media\/114318"}],"wp:attachment":[{"href":"https:\/\/www.europesays.com\/no\/wp-json\/wp\/v2\/media?parent=114317"}],"wp:term":[{"taxonomy":"category","embeddable":true,"href":"https:\/\/www.europesays.com\/no\/wp-json\/wp\/v2\/categories?post=114317"},{"taxonomy":"post_tag","embeddable":true,"href":"https:\/\/www.europesays.com\/no\/wp-json\/wp\/v2\/tags?post=114317"}],"curies":[{"name":"wp","href":"https:\/\/api.w.org\/{rel}","templated":true}]}}