{"id":114361,"date":"2025-12-16T07:02:15","date_gmt":"2025-12-16T07:02:15","guid":{"rendered":"https:\/\/www.europesays.com\/no\/114361\/"},"modified":"2025-12-16T07:02:15","modified_gmt":"2025-12-16T07:02:15","slug":"anders-baasmo-overrasket-liv-ullmann-med-rorende-bursdagshyllest","status":"publish","type":"post","link":"https:\/\/www.europesays.com\/no\/114361\/","title":{"rendered":"Anders Baasmo overrasket Liv Ullmann med r\u00f8rende bursdagshyllest"},"content":{"rendered":"<p>Det ble et t\u00e5rev\u00e5tt og r\u00f8rende \u00f8yeblikk da Anders Baasmo (49) overrasket hele Norges Liv Ullmann (86) under det musikalske juleshowet \u00abJulefest 2025\u00bb.<\/p>\n<p class=\"font-weight-bold m-font-weight-bold\" data-lab-font_weight=\"font-weight-bold\">Midt i teaterm\u00f8rket, der forventningene hang som et mykt sl\u00f8r over salen, skjedde det noe uventet\u00a0 som ikke sto i manus.<\/p>\n<p>    <a itemprop=\"url\" href=\"https:\/\/www.seher.no\/kongelig\/samlet-til-forjulskos\/83987683\" rel=\"nofollow noopener\" target=\"_blank\"><\/p>\n<p>        <img loading=\"lazy\" decoding=\"async\" src=\"https:\/\/www.europesays.com\/no\/wp-content\/uploads\/2025\/12\/83987735.webp\" width=\"980\" height=\"441\" title=\"Samlet til f\u00f8rjulskos\" alt=\"\" class=\"lazyload\" style=\"--aspect-ratio-image: 2.22; \"\/><\/p>\n<p>        Samlet til f\u00f8rjulskos<\/p>\n<p>    <\/a><\/p>\n<p>&#8211; Det er to damer her i kveld som jeg er veldig glad i, og som jeg har hatt mye glede av. Hun ene heter Kari, og hun andre heter Liv. Hun er en god venn av meg. Jeg kan kalle henne min scene-mor. Hun har l\u00e6rt meg veldig mye. Hun har spilt moren min p\u00e5 scenen, og hatt regi p\u00e5 meg, sa en litt sm\u00e5nerv\u00f8s Anders fra scenen.<\/p>\n<p>        LURINGER: Det gikk ikke helt etter boken da kronprins Christian og prins Vincent konkurrerte mot s\u00f8strene Josephine og Isabella om \u00e5 lage det fineste pepperkakehuset. Reporter: Caroline Vagle. Video: Instagram\/@detdanskekongehus \/ Kine Falch<\/p>\n<p>Smilet til Anders avsl\u00f8rte at noe var i gj\u00e6re.\u00a0<\/p>\n<p>I salen satt Liv Ullmann. Ikonet, kunstneren og fortelleren som i generasjoner har gitt stemme til det s\u00e5rbare og sterke.<\/p>\n<p>        <img loading=\"lazy\" decoding=\"async\" src=\"https:\/\/www.europesays.com\/no\/wp-content\/uploads\/2025\/12\/83866719.webp\" width=\"667\" height=\"534\" title=\"GODE VENNER: Anders Baasmo hyllet sin gode venninne Liv Ullmann fra scenen. Foto: Andreas Fadum \/ Se og H\u00f8r\" alt=\"\" class=\"\" style=\"--aspect-ratio-image: 1.25; \"\/><\/p>\n<p>\n        GODE VENNER: Anders Baasmo hyllet sin gode venninne Liv Ullmann fra scenen. Foto: Andreas Fadum \/ Se og H\u00f8r\n    <\/p>\n<p>Hun var p\u00e5 plass for \u00e5 overv\u00e6re juleshowet sammen med Kari Simonsen (88). Og if\u00f8lge dem som var til stede i salen, hadde Liv ingen anelse om hva som skulle komme.<\/p>\n<p>    <a itemprop=\"url\" href=\"https:\/\/www.seher.no\/kjendis\/bekrefter-brudd\/83984236\" rel=\"nofollow noopener\" target=\"_blank\"><\/p>\n<p>        <img loading=\"lazy\" decoding=\"async\" src=\"https:\/\/www.europesays.com\/no\/wp-content\/uploads\/2025\/12\/1765868532_315_83984310.webp\" width=\"147\" height=\"98\" title=\"Bekrefter brudd\" alt=\"\" class=\"lazyload\" style=\"--aspect-ratio-image: 1.50; \"\/><\/p>\n<p>        Bekrefter brudd<\/p>\n<p>    <\/a><\/p>\n<p>&#8211; Hun (Liv, journ.anm) er den st\u00f8rste kulturstjernen Norge har oppfostret, s\u00e5 kj\u00e6re alle sammen, gi en applaus for Kari Simonsen og Liv Ullmann, sa Anders.\u00a0<\/p>\n<p>        <img loading=\"lazy\" decoding=\"async\" src=\"https:\/\/www.europesays.com\/no\/wp-content\/uploads\/2025\/12\/83985843.webp\" width=\"686\" height=\"652\" title=\"LEVENDE LEGENDER: Kari Simonsen og Liv Ullmann har for lengst blitt levende legender innenfor den norske underholdningsbransjen. De har ogs\u00e5 v\u00e6rt venner i flere ti\u00e5r. Foto: Tore Skaar \/ Se og H\u00f8r\" alt=\"\" class=\"\" style=\"--aspect-ratio-image: 1.05; \"\/><\/p>\n<p>\n        LEVENDE LEGENDER: Kari Simonsen og Liv Ullmann har for lengst blitt levende legender innenfor den norske underholdningsbransjen. De har ogs\u00e5 v\u00e6rt venner i flere ti\u00e5r. Foto: Tore Skaar \/ Se og H\u00f8r\n    <\/p>\n<p class=\"font-weight-bold m-font-weight-bold\" data-lab-font_weight=\"font-weight-bold\">&#8211; Liv har bursdag i morgen, s\u00e5 da synes jeg vi skal reise oss og synge bursdagssangen! fortsatte skuespilleren, samtidig som Reidun S\u00e6ther (45), Ane Marit H\u00f8l\u00e5s og Emilie Hedblom ankom scenen for \u00e5 ta del i \u00abHurra for deg\u00bb.<\/p>\n<p>    <a itemprop=\"url\" href=\"https:\/\/www.seher.no\/kjendis\/roper-gladnyhet\/83958889\" rel=\"nofollow noopener\" target=\"_blank\"><\/p>\n<p>        <img loading=\"lazy\" decoding=\"async\" src=\"https:\/\/www.europesays.com\/no\/wp-content\/uploads\/2025\/12\/83958939.webp\" width=\"147\" height=\"98\" title=\"R\u00f8per gladnyhet\" alt=\"\" class=\"lazyload\" style=\"--aspect-ratio-image: 1.50; \"\/><\/p>\n<p>        R\u00f8per gladnyhet<\/p>\n<p>    <\/a><\/p>\n<p>Publikum reiste seg, og trampeklapp ljomet gjennom salen samtidig som publikum deltok p\u00e5 allsang til \u00e6re for skuespillerstjernen.\u00a0<\/p>\n<p>Bursdagsbarnets reaksjon sa alt. Overrasket, r\u00f8rt &#8211; og med det karakteristiske smilet som rommer b\u00e5de klokskap og glede.\u00a0<\/p>\n<p>        AVKREFTER: Det oppstod misforst\u00e5elser da en promovideo til \u00abSofa\u00bb ble vist p\u00e5 TV 2s v\u00e5rlansering. Video: Nora Skavhaug\/ Thea Hope<\/p>\n<p class=\"font-weight-light m-font-weight-light\" data-lab-font_weight=\"font-weight-light\">Applausen som fulgte med var ikke bare for sangen, men for Liv og for det arbeidet hun har lagt ned i l\u00f8pet av sin lange karriere i skuespillerbransjen.<\/p>\n","protected":false},"excerpt":{"rendered":"Det ble et t\u00e5rev\u00e5tt og r\u00f8rende \u00f8yeblikk da Anders Baasmo (49) overrasket hele Norges Liv Ullmann (86) under&hellip;\n","protected":false},"author":2,"featured_media":114362,"comment_status":"","ping_status":"","sticky":false,"template":"","format":"standard","meta":{"footnotes":""},"categories":[58],"tags":[1652,8011,4104,71,13908,479,4073,30,28,29,72],"class_list":{"0":"post-114361","1":"post","2":"type-post","3":"status-publish","4":"format-standard","5":"has-post-thumbnail","7":"category-underholdning","8":"tag-anders-baasmo","9":"tag-anders-baasmo-christiansen","10":"tag-eksklusivt","11":"tag-entertainment","12":"tag-kari-simonsen","13":"tag-kjendis","14":"tag-liv-ullmann","15":"tag-no","16":"tag-norge","17":"tag-norway","18":"tag-underholdning"},"share_on_mastodon":{"url":"https:\/\/pubeurope.com\/@no\/115727967650360421","error":""},"_links":{"self":[{"href":"https:\/\/www.europesays.com\/no\/wp-json\/wp\/v2\/posts\/114361","targetHints":{"allow":["GET"]}}],"collection":[{"href":"https:\/\/www.europesays.com\/no\/wp-json\/wp\/v2\/posts"}],"about":[{"href":"https:\/\/www.europesays.com\/no\/wp-json\/wp\/v2\/types\/post"}],"author":[{"embeddable":true,"href":"https:\/\/www.europesays.com\/no\/wp-json\/wp\/v2\/users\/2"}],"replies":[{"embeddable":true,"href":"https:\/\/www.europesays.com\/no\/wp-json\/wp\/v2\/comments?post=114361"}],"version-history":[{"count":0,"href":"https:\/\/www.europesays.com\/no\/wp-json\/wp\/v2\/posts\/114361\/revisions"}],"wp:featuredmedia":[{"embeddable":true,"href":"https:\/\/www.europesays.com\/no\/wp-json\/wp\/v2\/media\/114362"}],"wp:attachment":[{"href":"https:\/\/www.europesays.com\/no\/wp-json\/wp\/v2\/media?parent=114361"}],"wp:term":[{"taxonomy":"category","embeddable":true,"href":"https:\/\/www.europesays.com\/no\/wp-json\/wp\/v2\/categories?post=114361"},{"taxonomy":"post_tag","embeddable":true,"href":"https:\/\/www.europesays.com\/no\/wp-json\/wp\/v2\/tags?post=114361"}],"curies":[{"name":"wp","href":"https:\/\/api.w.org\/{rel}","templated":true}]}}