{"id":114363,"date":"2025-12-16T07:07:13","date_gmt":"2025-12-16T07:07:13","guid":{"rendered":"https:\/\/www.europesays.com\/no\/114363\/"},"modified":"2025-12-16T07:07:13","modified_gmt":"2025-12-16T07:07:13","slug":"desember-forsterker-forskjellene-blant-barna","status":"publish","type":"post","link":"https:\/\/www.europesays.com\/no\/114363\/","title":{"rendered":"&#8211; Desember forsterker forskjellene blant barna"},"content":{"rendered":"<p>  For noen barn blir desember en m\u00e5ned full av p\u00e5minnelser om alt de ikke har, advarer universitetslektor Mariann Bellika Hansen.<\/p>\n<p>\n    FATTIGHUSET: Utenfor Fattighuset i Oslo sto 350 personer i k\u00f8 3. desember i \u00e5r. Foto: John T. Pedersen \/ Dagbladet\n  <\/p>\n<p>&#8211; For mange barn handler desember om pakkekalendere, juleforestillinger, konserter, juleverksteder, kl\u00e6r og gaver. Noen barn f\u00e5r masse p\u00e5fyll hver dag, mens andre ikke har noe s\u00e5nt \u00e5 fortelle om.<\/p>\n<p>Det sier universitetslektor Mariann Bellika Hansen ved Regionalt kunnskapssenter for barn og unge (RKBU) Nord, ved Universitetet i Troms\u00f8.<\/p>\n<p>Hansen peker p\u00e5 at desember er en m\u00e5ned der forskjellene mellom barns oppvekstsvilk\u00e5r blir tydeligere og mer synlige.<\/p>\n<p>&#8211; For noen barn blir desember en m\u00e5ned full av p\u00e5minnelser om hva andre har og de selv ikke har, sier universitetslektoren til Dagbladet.<\/p>\n<p>Rundt ti prosent av alle barn og unge i Norge vokser opp i familier med vedvarende lavinntekt. Selv om antallet er svakt synkende if\u00f8lge <a href=\"https:\/\/www.ssb.no\/inntekt-og-forbruk\/inntekt-og-formue\/artikler\/lavere-andel-barn-med-vedvarende-lavinntekt-i-2023\" rel=\"nofollow noopener\" target=\"_blank\">Statistisk sentralbyr\u00e5<\/a>, tegner det seg et mer nyansert bilde hvis man ser bak tallene, mener Hansen.<\/p>\n<p>        <img loading=\"lazy\" decoding=\"async\" src=\"https:\/\/www.europesays.com\/no\/wp-content\/uploads\/2025\/12\/83959832.webp\" width=\"980\" height=\"559\" title=\"GAVER: Gaver kan skape stor juleglede for noen, men for andre blir desember en p\u00e5minnelse om alt familien ikke har r\u00e5d til. Illustrasjonsfoto: Gorm Kallestad \/ NTB \/ Modellklarert\" alt=\"\" class=\"\" style=\"--aspect-ratio-image: 1.75; \"\/><\/p>\n<p>\n        GAVER: Gaver kan skape stor juleglede for noen, men for andre blir desember en p\u00e5minnelse om alt familien ikke har r\u00e5d til. Illustrasjonsfoto: Gorm Kallestad \/ NTB \/ Modellklarert\n    <\/p>\n<p>Dyrtid\t<\/p>\n<p>H\u00f8ye boligpriser, s\u00e6rlig i de store byene, gj\u00f8r at familier med helt vanlig l\u00f8nnsinntekt i praksis kan ha veldig d\u00e5rlig r\u00e5d.\u00a0<\/p>\n<p>&#8211; Det er mange som ikke defineres som lavinntektsfamilier, men som sliter voldsomt p\u00e5 grunn av dyrtid og h\u00f8ye boutgifter. Aleneforeldre som bor i dyre byer, er ett eksempel. De kan ha mange av de samme utfordringene, selv om de ikke n\u00f8dvendigvis faller innenfor kategorien lavinntekt, sier Hansen.<\/p>\n<p>Fattighuset i Oslo merker\u00a0<a href=\"https:\/\/www.dagbladet.no\/nyheter\/ko-for-posene-massivt-press\/83933964\" rel=\"nofollow noopener\" target=\"_blank\">stor p\u00e5gang n\u00e5 i desember.<\/a>\u00a0Styrelder Lasse Strovik forteller Dagbladet at han regner med at Fattighuset kommer til \u00e5 levere ut gaver til mellom 3000 &#8211; 4000 mennesker denne jula.\u00a0<\/p>\n<p>    <a itemprop=\"url\" href=\"https:\/\/www.dagbladet.no\/nyheter\/ko-for-posene-massivt-press\/83933964\" rel=\"nofollow noopener\" target=\"_blank\"><\/p>\n<p>        <img loading=\"lazy\" decoding=\"async\" src=\"https:\/\/www.europesays.com\/no\/wp-content\/uploads\/2025\/12\/1765868831_240_83942495.webp\" width=\"980\" height=\"441\" title=\"K\u00f8 for posene: - Massivt press\" alt=\"\" class=\"lazyload\" style=\"--aspect-ratio-image: 2.22; \"\/><\/p>\n<p>        K\u00f8 for posene: &#8211; Massivt press<\/p>\n<p>    <\/a><\/p>\n<p>Universitetslektor Hansen ved UiT forteller at<br \/>\nfrivillige organisasjoner i Troms\u00f8 ogs\u00e5 rapporterer om et h\u00f8yere press enn f\u00f8r,<br \/>\nved at stadig nye familier for eksempel har behov for matkasser.<\/p>\n<p>&#8211; Mange foreldre forteller om fortvilelse over \u00e5 f\u00e5 endene til \u00e5 m\u00f8tes og samtidig gi barna en fin jul. Det er et betydelig levek\u00e5rsstress mange kjenner p\u00e5, og som forsterkes inn mot h\u00f8ytider, sier hun.<\/p>\n<p>        <img loading=\"lazy\" decoding=\"async\" src=\"https:\/\/www.europesays.com\/no\/wp-content\/uploads\/2025\/12\/83964542.webp\" width=\"980\" height=\"559\" title=\"RENNER INN: Fattighuset i Oslo har f\u00e5tt inn mange gavedonasjoner, noen er allerede pakket inn. Her ser vi en av gavene som er tenkt til en gutt p\u00e5 seks til \u00e5tte \u00e5r. Foto: John T. Pedersen \/ Dagbladet\" alt=\"\" class=\"\" style=\"--aspect-ratio-image: 1.75; \"\/><\/p>\n<p>\n        RENNER INN: Fattighuset i Oslo har f\u00e5tt inn mange gavedonasjoner, noen er allerede pakket inn. Her ser vi en av gavene som er tenkt til en gutt p\u00e5 seks til \u00e5tte \u00e5r. Foto: John T. Pedersen \/ Dagbladet\n    <\/p>\n<p>Risikogrupper\t<\/p>\n<p>If\u00f8lge universitetslektoren peker forskningen og deres eget arbeid i kommunen p\u00e5 flere risikogrupper som<br \/>\nlever med store levek\u00e5rsutfordringer gjennom hele \u00e5ret:<\/p>\n<p>&#8211; Dette<br \/>\ner barn og unge som har \u00f8kt risiko for psykiske vansker, opplevelse av utenforskap,<br \/>\nsvakere skoleresultater, lavere deltakelse p\u00e5 fritidsaktiviteter &#8211; rett og slett<br \/>\nf\u00e6rre muligheter i livet, sier Hansen.<\/p>\n<p>        <img loading=\"lazy\" decoding=\"async\" src=\"https:\/\/www.europesays.com\/no\/wp-content\/uploads\/2025\/12\/83963379.webp\" width=\"686\" height=\"392\" title=\"BEKYMRET: Mariann Bellika Hansen er universitetslektor ved Regionalt kunnskapssenter for barn og unge (RKBU) Nord, ved Universitetet i Troms\u00f8. Foto: Mariann Schj\u00f8lberg Karlsen\" alt=\"\" class=\"\" style=\"--aspect-ratio-image: 1.75; \"\/><\/p>\n<p>\n        BEKYMRET: Mariann Bellika Hansen er universitetslektor ved Regionalt kunnskapssenter for barn og unge (RKBU) Nord, ved Universitetet i Troms\u00f8. Foto: Mariann Schj\u00f8lberg Karlsen\n    <\/p>\n<p>&#8211; Alvor\t<\/p>\n<p>If\u00f8lge Hansen plukker<br \/>\nbarn ogs\u00e5 opp foreldrenes \u00f8konomiske stress, og mange endrer atferd og uttrykker<br \/>\nderfor f\u00e6rre forventninger og \u00f8nsker.\u00a0<\/p>\n<p>&#8211; Barn og unge t\u00e5ler godt \u00e5 ikke f\u00e5 innfridd<br \/>\nsine forventninger og ogs\u00e5 v\u00e6re triste for det, men n\u00e5r levek\u00e5rsstress i<br \/>\nfamilien er normalen gjennom oppveksten er det grunn til bekymring, sier hun.<\/p>\n<p>        <img loading=\"lazy\" decoding=\"async\" src=\"https:\/\/www.europesays.com\/no\/wp-content\/uploads\/2025\/12\/83959844.webp\" width=\"980\" height=\"559\" title=\"PAKKEKALENDER: 24 gaver f\u00f8r jul er ikke noe alle har r\u00e5d til. Foto: Jeppe Gustafsson\/Shutterstock\/NTB\" alt=\"\" class=\"\" style=\"--aspect-ratio-image: 1.75; \"\/><\/p>\n<p>\n        PAKKEKALENDER: 24 gaver f\u00f8r jul er ikke noe alle har r\u00e5d til. Foto: Jeppe Gustafsson\/Shutterstock\/NTB\n    <\/p>\n<p> Samtidig<br \/>\nunderstreker hun at det finnes et stort mangfold blant familier som lever i<br \/>\nlavinntekt, og det finnes flere gode tiltak og veier ut av denne situasjonen<br \/>\nogs\u00e5.<\/p>\n<p class=\"font-weight-bold m-font-weight-bold\" data-lab-font_weight=\"font-weight-bold\">&#8211; Det<br \/>\ner ikke riktig \u00e5 si at det g\u00e5r d\u00e5rlig med alle som lever i familier med lav<br \/>\ninntekt. Men det finnes barn og unge vi skal v\u00e6re ekstra bekymret for, og som vi som samfunn m\u00e5 ta p\u00e5<br \/>\nalvor. I jula, og kanskje s\u00e6rlig i f\u00f8rjulstida, blir disse forskjellene synlige for barn, og det er jo trist, sier Hansen.<\/p>\n<p>    <a itemprop=\"url\" href=\"https:\/\/www.dagbladet.no\/nyheter\/juledrama-150-pakker-stjalet\/83952494\" rel=\"nofollow noopener\" target=\"_blank\"><\/p>\n<p>        <img loading=\"lazy\" decoding=\"async\" src=\"https:\/\/www.europesays.com\/no\/wp-content\/uploads\/2025\/12\/83952829.webp\" width=\"980\" height=\"441\" title=\"Juledrama: 150 pakker stj\u00e5let\" alt=\"\" class=\"lazyload\" style=\"--aspect-ratio-image: 2.22; \"\/><\/p>\n<p>        Juledrama: 150 pakker stj\u00e5let<\/p>\n<p>    <\/a><\/p>\n","protected":false},"excerpt":{"rendered":"For noen barn blir desember en m\u00e5ned full av p\u00e5minnelser om alt de ikke har, advarer universitetslektor Mariann&hellip;\n","protected":false},"author":2,"featured_media":114364,"comment_status":"","ping_status":"","sticky":false,"template":"","format":"standard","meta":{"footnotes":""},"categories":[10],"tags":[20,21,1017,24,25,15,2539,5593,11599,22,23,13,30,28,29,14,16,26,27],"class_list":{"0":"post-114363","1":"post","2":"type-post","3":"status-publish","4":"format-standard","5":"has-post-thumbnail","7":"category-norge","8":"tag-breaking-news","9":"tag-breakingnews","10":"tag-fattigdom","11":"tag-featured-news","12":"tag-featurednews","13":"tag-headlines","14":"tag-innenriks","15":"tag-jul","16":"tag-julegaver","17":"tag-latest-news","18":"tag-latestnews","19":"tag-news","20":"tag-no","21":"tag-norge","22":"tag-norway","23":"tag-nyheter","24":"tag-overskrifter","25":"tag-top-stories","26":"tag-topstories"},"share_on_mastodon":{"url":"https:\/\/pubeurope.com\/@no\/115727987323331839","error":""},"_links":{"self":[{"href":"https:\/\/www.europesays.com\/no\/wp-json\/wp\/v2\/posts\/114363","targetHints":{"allow":["GET"]}}],"collection":[{"href":"https:\/\/www.europesays.com\/no\/wp-json\/wp\/v2\/posts"}],"about":[{"href":"https:\/\/www.europesays.com\/no\/wp-json\/wp\/v2\/types\/post"}],"author":[{"embeddable":true,"href":"https:\/\/www.europesays.com\/no\/wp-json\/wp\/v2\/users\/2"}],"replies":[{"embeddable":true,"href":"https:\/\/www.europesays.com\/no\/wp-json\/wp\/v2\/comments?post=114363"}],"version-history":[{"count":0,"href":"https:\/\/www.europesays.com\/no\/wp-json\/wp\/v2\/posts\/114363\/revisions"}],"wp:featuredmedia":[{"embeddable":true,"href":"https:\/\/www.europesays.com\/no\/wp-json\/wp\/v2\/media\/114364"}],"wp:attachment":[{"href":"https:\/\/www.europesays.com\/no\/wp-json\/wp\/v2\/media?parent=114363"}],"wp:term":[{"taxonomy":"category","embeddable":true,"href":"https:\/\/www.europesays.com\/no\/wp-json\/wp\/v2\/categories?post=114363"},{"taxonomy":"post_tag","embeddable":true,"href":"https:\/\/www.europesays.com\/no\/wp-json\/wp\/v2\/tags?post=114363"}],"curies":[{"name":"wp","href":"https:\/\/api.w.org\/{rel}","templated":true}]}}