{"id":114365,"date":"2025-12-16T07:10:15","date_gmt":"2025-12-16T07:10:15","guid":{"rendered":"https:\/\/www.europesays.com\/no\/114365\/"},"modified":"2025-12-16T07:10:15","modified_gmt":"2025-12-16T07:10:15","slug":"eckhoff-videre-etter-drama-langrenn-com","status":"publish","type":"post","link":"https:\/\/www.europesays.com\/no\/114365\/","title":{"rendered":"Eckhoff videre etter drama &#8211; Langrenn.com"},"content":{"rendered":"<p>Tiril Eckhoff er n\u00e5 en av tre finalister i \u00e5rets sesong av underholdningsprogrammet Skal vi danse p\u00e5 TV 2. Der kjemper hun mot influenseren Viggo Venn og skuespiller Tale Torjussen.\u00a0<\/p>\n<p>Men det skjedde ikke uten drama.\u00a0<\/p>\n<p>For i l\u00f8rdagens semifinale endte Eckhoff egentlig med f\u00e6rrest poeng. Men i danseduellen om den siste finalebilletten, m\u00f8tte Eckhoff og dansepartneren Santino Mirenna Subjektredakt\u00f8ren Danby Choi og Norunn Ringvoll. Og den duellen vant Eckhoff.\u00a0<\/p>\n<p>Choi, som i utgangspunktet sto p\u00e5 delt f\u00f8rsteplass i poeng, er skuffet over \u00e5 ryke ut.\u00a0<\/p>\n<p>\u2013 Det er kjempekjipt at vi ikke f\u00e5r gj\u00f8re de siste tre dansene v\u00e5re, men jeg er kjempestolt, sier han til <a href=\"https:\/\/www.tv2.no\/underholdning\/danby-choi-er-ute-av-skal-vi-danse-like-for-finalen\/18382759\/\" rel=\"nofollow noopener\" target=\"_blank\">TV 2<\/a>.<\/p>\n<p><strong>Pipekonsert og storm i sosiale medier<\/strong><\/p>\n<p>Det har utl\u00f8st en storm av reaksjoner, b\u00e5de under selve semifinalen der publikum raste med pipekonsert og i ettertid p\u00e5 sosiale medier.\u00a0<\/p>\n<p>\u00abDet er noe g\u00e6rent n\u00e5r konkurransens beste danser blir sl\u00e5tt ut av en som er langt d\u00e5rligere. Og det har skjedd gang p\u00e5 gang. Tiril havner i duell og vinner alltid n\u00e5r det bare er seerne og ikke dommerne som bestemmer. Den tidligere skiskytter-stjerna er fortsatt megapopul\u00e6r i Norge. Da er konkurrentene sjansel\u00f8se selv n\u00e5r de er langt bedre dansere\u00bb, skriver en\u00a0<a href=\"https:\/\/www.dagbladet.no\/kjendis\/det-er-skandalost\/83983076\" rel=\"nofollow noopener\" target=\"_blank\">illsint kritiker<\/a>\u00a0i et innlegg p\u00e5 Facebook.<\/p>\n<p>If\u00f8lge\u00a0<a href=\"https:\/\/www.dagbladet.no\/kjendis\/det-er-skandalost\/83983076\" rel=\"nofollow noopener\" target=\"_blank\">Dagbladet<\/a>\u00a0har Choi f\u00e5tt 72 poeng mer enn Eckhoff gjennom h\u00f8stens runder.\u00a0<\/p>\n<p><strong>Se ogs\u00e5:\u00a0<a href=\"https:\/\/www.langrenn.com\/skiskyting\/eckhoff-roper-jobb-broler\/\" rel=\"nofollow noopener\" target=\"_blank\">Eckhoff r\u00f8per jobb-br\u00f8ler<\/a><\/strong><\/p>\n<p><strong>Trodde hun ville ryke ut f\u00f8rst<\/strong><\/p>\n<p>Den tidligere skiskytterstjernen sa i utgangspunktet at hun angret at hun hadde meldt seg p\u00e5, og at hun trodde hun ville ryke ut i innledende runder. Men slik gikk det ikke.<\/p>\n<p>Det synes hun selvsagt er artig, men ogs\u00e5 sv\u00e6rt uventet og noe hun absolutt ikke hadde tatt h\u00f8yde for da hun meldte seg p\u00e5.\u00a0<\/p>\n<p>Suksessen har ogs\u00e5 gitt tr\u00f8bbel p\u00e5 jobben. I helga skulle hun egentlig ha v\u00e6rt p\u00e5 jobb som skiskytterekspert for TV 2 under verdenscupen i Hochfilzen. Men det krasjet med semifinalen, og Eckhoff m\u00e5tte tigge sjefen om fri.\u00a0<\/p>\n<p>N\u00e5 er hun alts\u00e5 kommet helt til finalen, som g\u00e5r l\u00f8rdag 20. desember. Dermed blir Tiril Eckhoff heller ikke \u00e5 se som ekspert under verdenscupen i Annecy kommende helg.<\/p>\n<p><strong>Se ogs\u00e5:\u00a0<a href=\"https:\/\/www.langrenn.com\/skiskyting\/ute-for-resten-aret-reiser-hjem-tvert\/\" rel=\"nofollow noopener\" target=\"_blank\">Ute for resten \u00e5ret \u2013 reiser hjem tvert<\/a><\/strong><\/p>\n","protected":false},"excerpt":{"rendered":"Tiril Eckhoff er n\u00e5 en av tre finalister i \u00e5rets sesong av underholdningsprogrammet Skal vi danse p\u00e5 TV&hellip;\n","protected":false},"author":2,"featured_media":114366,"comment_status":"","ping_status":"","sticky":false,"template":"","format":"standard","meta":{"footnotes":""},"categories":[58],"tags":[71,30,28,29,2280,2287,72],"class_list":{"0":"post-114365","1":"post","2":"type-post","3":"status-publish","4":"format-standard","5":"has-post-thumbnail","7":"category-underholdning","8":"tag-entertainment","9":"tag-no","10":"tag-norge","11":"tag-norway","12":"tag-skal-vi-danse","13":"tag-tiril-eckhoff","14":"tag-underholdning"},"share_on_mastodon":{"url":"https:\/\/pubeurope.com\/@no\/115727998941101679","error":""},"_links":{"self":[{"href":"https:\/\/www.europesays.com\/no\/wp-json\/wp\/v2\/posts\/114365","targetHints":{"allow":["GET"]}}],"collection":[{"href":"https:\/\/www.europesays.com\/no\/wp-json\/wp\/v2\/posts"}],"about":[{"href":"https:\/\/www.europesays.com\/no\/wp-json\/wp\/v2\/types\/post"}],"author":[{"embeddable":true,"href":"https:\/\/www.europesays.com\/no\/wp-json\/wp\/v2\/users\/2"}],"replies":[{"embeddable":true,"href":"https:\/\/www.europesays.com\/no\/wp-json\/wp\/v2\/comments?post=114365"}],"version-history":[{"count":0,"href":"https:\/\/www.europesays.com\/no\/wp-json\/wp\/v2\/posts\/114365\/revisions"}],"wp:featuredmedia":[{"embeddable":true,"href":"https:\/\/www.europesays.com\/no\/wp-json\/wp\/v2\/media\/114366"}],"wp:attachment":[{"href":"https:\/\/www.europesays.com\/no\/wp-json\/wp\/v2\/media?parent=114365"}],"wp:term":[{"taxonomy":"category","embeddable":true,"href":"https:\/\/www.europesays.com\/no\/wp-json\/wp\/v2\/categories?post=114365"},{"taxonomy":"post_tag","embeddable":true,"href":"https:\/\/www.europesays.com\/no\/wp-json\/wp\/v2\/tags?post=114365"}],"curies":[{"name":"wp","href":"https:\/\/api.w.org\/{rel}","templated":true}]}}