{"id":114379,"date":"2025-12-16T07:27:11","date_gmt":"2025-12-16T07:27:11","guid":{"rendered":"https:\/\/www.europesays.com\/no\/114379\/"},"modified":"2025-12-16T07:27:11","modified_gmt":"2025-12-16T07:27:11","slug":"jetblue-fly-i-nestenkollisjon-med-amerikansk-militaert-fly","status":"publish","type":"post","link":"https:\/\/www.europesays.com\/no\/114379\/","title":{"rendered":"JetBlue-fly i nestenkollisjon med amerikansk milit\u00e6rt fly"},"content":{"rendered":"\n<p class=\"_lead_o9xde_2 _lead_xtcu6_50 layout-component text-serif-m layout-normal text-serif-l layout-component layout-wide layout-padded _wide_17hqh_1 layout-padded\">Piloten m\u00e5tte endre h\u00f8yde for \u00e5 unng\u00e5 sammenst\u00f8t.<\/p>\n<p><img alt=\" Foto: Kylie Cooper \/ Reuters \/ NTB\" class=\"_image_qp4xg_65 layout-component layout-wide\" data-fullscreen- data-track-element-type=\"Article image fullscreen\" data-track-name=\"ImageFullscreen\" fetchpriority=\"high\" decoding=\"sync\" loading=\"eager\" height=\"1646\" itemprop=\"image\"  src=\"https:\/\/www.europesays.com\/no\/wp-content\/uploads\/2025\/12\/2067c337-c72c-4749-b0fa-a747510f9bc0\"  style=\"object-position:0% 0%\" width=\"2469\"\/> Foto: Kylie Cooper \/ Reuters \/ NTB<\/p>\n<ul aria-hidden=\"true\" class=\"_images_ntbth_112\">\n<li><a class=\"_link_ntbth_117\" href=\"https:\/\/www.vg.no\/forfatter\/isak-loeve-pilskog-loe\" style=\"z-index:1\" title=\"Isak L\u00f8ve Pilskog Loe\" rel=\"nofollow noopener\" target=\"_blank\"><img alt=\"Bilde av Isak L\u00f8ve Pilskog Loe\" class=\"_image_ntbth_93\" fetchpriority=\"low\" loading=\"lazy\" decoding=\"async\" itemprop=\"image\"  src=\"https:\/\/www.europesays.com\/no\/wp-content\/uploads\/2025\/12\/1765870029_124_8b0354e3-bf53-460c-9c1c-790321a0c923\"  width=\"480\"\/><\/a><\/li>\n<\/ul>\n<p> Oppdatert tirsdag 16. desember kl. 08:22     <\/p>\n<p class=\"_paragraph_o9xde_4 _paragraph_xtcu6_10 layout-component text-serif-m layout-normal text-serif-m layout-padded\">JetBlue-flyet var p\u00e5 vei fra \u00f8ya Cura\u00e7ao, like nord for Venezuelas kyst, og til New York da det milit\u00e6re flyet plutselig dukket opp.<\/p>\n<p class=\"_paragraph_o9xde_4 _paragraph_xtcu6_10 layout-component text-serif-m layout-normal text-serif-m layout-padded\">Piloten ble tvunget til \u00e5 endre h\u00f8yde for \u00e5 unng\u00e5 kollisjon med et amerikansk luftforsvarsfly i det s\u00f8rlige Karibia fredag.<\/p>\n<p class=\"_paragraph_o9xde_4 _paragraph_xtcu6_10 layout-component text-serif-m layout-normal text-serif-m layout-padded\">\u2013 Det passerte direkte i v\u00e5r flyrute, fortalte JetBlue-piloten til flygeledelsen p\u00e5 Cura\u00e7ao.<\/p>\n<p class=\"_paragraph_o9xde_4 _paragraph_xtcu6_10 layout-component text-serif-m layout-normal text-serif-m layout-padded\">Samtalen ble fanget opp av flere nettsteder, inkludert <a href=\"https:\/\/www.liveatc.net\/\" class=\"_link_o9xde_39\" rel=\"nofollow noopener\" target=\"_blank\">LiveATC.net<\/a>.<\/p>\n<p class=\"_paragraph_o9xde_4 _paragraph_xtcu6_10 layout-component text-serif-m layout-normal text-serif-m layout-padded\">\u2013 Vi hadde nesten en kollisjon i lufta her oppe, sa piloten i radiosamtalen som ble fanget opp.<\/p>\n<p class=\"_paragraph_o9xde_4 _paragraph_xtcu6_10 layout-component text-serif-m layout-normal text-serif-m layout-padded\">Han forklarte at det amerikanske luftforsvarets tankfly ikke identifiserte seg selv med transponder, noe som gjorde situasjonen ekstra farlig.<\/p>\n<p class=\"_paragraph_o9xde_4 _paragraph_xtcu6_10 layout-component text-serif-m layout-normal text-serif-m layout-padded\">\u2013 De sender ikke signal. De har ikke transponderen p\u00e5. Det er skandal\u00f8st, sa den oppbrakte piloten.<\/p>\n<p class=\"_paragraph_o9xde_4 _paragraph_xtcu6_10 layout-component text-serif-m layout-normal text-serif-m layout-padded\">Transpondere sender ut signaler som gj\u00f8r det mulig for andre fly og flygeledelse \u00e5 identifisere og spore flyets posisjon og h\u00f8yde. <\/p>\n<p class=\"_paragraph_o9xde_4 _paragraph_xtcu6_10 layout-component text-serif-m layout-normal text-serif-m layout-padded\">I lydopptaket bekreftet flygelederen p\u00e5 Cura\u00e7ao til JetBlues pilot at de hadde mottatt flere klager p\u00e5 uidentifiserte fly i luftrommet og sa at heller ikke han registrerte det milit\u00e6re flyet i sitt system.<\/p>\n<p class=\"_paragraph_o9xde_4 _paragraph_xtcu6_10 layout-component text-serif-m layout-normal text-serif-m layout-padded\">Det er forel\u00f8pig ikke kjent hvorfor det milit\u00e6re flyet ikke brukte transponder eller hvordan det nesten kom til kollisjon med passasjerflyet, men det amerikanske forsvaret bekrefter at de er kjent med hendelsen.<\/p>\n<p class=\"_paragraph_o9xde_4 _paragraph_xtcu6_10 layout-component text-serif-m layout-normal text-serif-m layout-padded\">\u00abMilit\u00e6re flybesetninger er h\u00f8yt trente fagfolk som opererer i samsvar med etablerte prosedyrer og gjeldende luftromskrav\u00bb, sa en talsperson til <a href=\"https:\/\/www.washingtonpost.com\/travel\/2025\/12\/15\/jetblue-pilot-avoids-collision-venezuela\/\" class=\"_link_o9xde_39\" rel=\"nofollow noopener\" target=\"_blank\">The Washington Post<\/a>.<\/p>\n<p class=\"_paragraph_o9xde_4 _paragraph_xtcu6_10 layout-component text-serif-m layout-normal text-serif-m layout-padded\">Avisen skriver at milit\u00e6re flybesetninger ofte sl\u00e5r av transpondere og annet sporingsutstyr for sensitive oppdrag, som under <a href=\"https:\/\/www.vg.no\/tag\/usa?utm_source=vg-article&amp;utm_medium=auto-tagger&amp;utm_campaign=QJlvLJ\" class=\"_link_o9xde_39\" rel=\"nofollow noopener\" target=\"_blank\">USAs<\/a> p\u00e5g\u00e5ende milit\u00e6re aksjon i Karibia og det \u00f8stlige Stillehavet. <\/p>\n<p class=\"_paragraph_o9xde_4 _paragraph_xtcu6_10 layout-component text-serif-m layout-normal text-serif-m layout-padded\">Tankfly, som flyet JetBlue-piloten beskrev, har blitt mye brukt i Karibia siden september for \u00e5 holde flyene i kontinuerlig flyging ved \u00e5 fylle drivstoff underveis, if\u00f8lge The Post.<\/p>\n<p>    <img decoding=\"async\" alt=\"Tips oss illustrasjon\" src=\"https:\/\/www.europesays.com\/no\/wp-content\/uploads\/2025\/10\/pssst-small.webp.webp\"\/>    <\/p>\n<p class=\"title-serif-s\">Har du tips?<\/p>\n<p class=\"text-sans-m\">Send oss informasjon, bilder eller video.<\/p>\n<p>  <a href=\"https:\/\/www.vg.no\/tips-oss\" rel=\"nofollow noopener\" target=\"_blank\"> Tips oss <\/a>      <\/p>\n","protected":false},"excerpt":{"rendered":"Piloten m\u00e5tte endre h\u00f8yde for \u00e5 unng\u00e5 sammenst\u00f8t. Foto: Kylie Cooper \/ Reuters \/ NTB Oppdatert tirsdag 16.&hellip;\n","protected":false},"author":2,"featured_media":114380,"comment_status":"","ping_status":"","sticky":false,"template":"","format":"standard","meta":{"footnotes":""},"categories":[12],"tags":[31,20,21,24,25,15,9115,22,23,13,30,28,29,14,16,26,27,50,42,43,44,45],"class_list":{"0":"post-114379","1":"post","2":"type-post","3":"status-publish","4":"format-standard","5":"has-post-thumbnail","7":"category-verden","8":"tag-breaking","9":"tag-breaking-news","10":"tag-breakingnews","11":"tag-featured-news","12":"tag-featurednews","13":"tag-headlines","14":"tag-karibia","15":"tag-latest-news","16":"tag-latestnews","17":"tag-news","18":"tag-no","19":"tag-norge","20":"tag-norway","21":"tag-nyheter","22":"tag-overskrifter","23":"tag-top-stories","24":"tag-topstories","25":"tag-usa","26":"tag-verden","27":"tag-world","28":"tag-world-news","29":"tag-worldnews"},"share_on_mastodon":{"url":"https:\/\/pubeurope.com\/@no\/115728065920013773","error":""},"_links":{"self":[{"href":"https:\/\/www.europesays.com\/no\/wp-json\/wp\/v2\/posts\/114379","targetHints":{"allow":["GET"]}}],"collection":[{"href":"https:\/\/www.europesays.com\/no\/wp-json\/wp\/v2\/posts"}],"about":[{"href":"https:\/\/www.europesays.com\/no\/wp-json\/wp\/v2\/types\/post"}],"author":[{"embeddable":true,"href":"https:\/\/www.europesays.com\/no\/wp-json\/wp\/v2\/users\/2"}],"replies":[{"embeddable":true,"href":"https:\/\/www.europesays.com\/no\/wp-json\/wp\/v2\/comments?post=114379"}],"version-history":[{"count":0,"href":"https:\/\/www.europesays.com\/no\/wp-json\/wp\/v2\/posts\/114379\/revisions"}],"wp:featuredmedia":[{"embeddable":true,"href":"https:\/\/www.europesays.com\/no\/wp-json\/wp\/v2\/media\/114380"}],"wp:attachment":[{"href":"https:\/\/www.europesays.com\/no\/wp-json\/wp\/v2\/media?parent=114379"}],"wp:term":[{"taxonomy":"category","embeddable":true,"href":"https:\/\/www.europesays.com\/no\/wp-json\/wp\/v2\/categories?post=114379"},{"taxonomy":"post_tag","embeddable":true,"href":"https:\/\/www.europesays.com\/no\/wp-json\/wp\/v2\/tags?post=114379"}],"curies":[{"name":"wp","href":"https:\/\/api.w.org\/{rel}","templated":true}]}}