{"id":114383,"date":"2025-12-16T07:34:09","date_gmt":"2025-12-16T07:34:09","guid":{"rendered":"https:\/\/www.europesays.com\/no\/114383\/"},"modified":"2025-12-16T07:34:09","modified_gmt":"2025-12-16T07:34:09","slug":"trump-ber-xi-loslate-jimmy-lai","status":"publish","type":"post","link":"https:\/\/www.europesays.com\/no\/114383\/","title":{"rendered":"Trump ber Xi l\u00f8slate Jimmy Lai"},"content":{"rendered":"\n<p class=\"_lead_o9xde_2 _lead_xtcu6_50 layout-component text-serif-m layout-normal text-serif-l layout-component layout-wide layout-padded _wide_17hqh_1 layout-padded\">USAs president Donald Trump ber sin kinesiske motpart Xi Jinping om at den fengslede demokratiforkjemperen og mediemogulen Jimmy Lai m\u00e5 l\u00f8slates.<\/p>\n<p><img alt=\"Myndighetene i Hongkong kunngjorde kjennelsen utenfor et rettslokale mandag.  Foto: Chan Long Hei \/ AP \/ NTB\" class=\"_image_qp4xg_65 layout-component layout-wide\" data-fullscreen- data-track-element-type=\"Article image fullscreen\" data-track-name=\"ImageFullscreen\" fetchpriority=\"high\" decoding=\"sync\" loading=\"eager\" height=\"3001\" itemprop=\"image\"  src=\"https:\/\/www.europesays.com\/no\/wp-content\/uploads\/2025\/12\/258d3b85-33e3-4c52-b384-b0382239c7df\"  style=\"object-position:0% 0%\" width=\"4500\"\/>Myndighetene i Hongkong kunngjorde kjennelsen utenfor et rettslokale mandag.  Foto: Chan Long Hei \/ AP \/ NTB<\/p>\n<ul aria-hidden=\"true\" class=\"_images_ntbth_112\">\n<li><a class=\"_link_ntbth_117\" href=\"https:\/\/www.vg.no\/forfatter\/ntb\" style=\"z-index:1\" title=\"NTB\" rel=\"nofollow noopener\" target=\"_blank\"><img alt=\"Bilde av NTB\" class=\"_image_ntbth_93\" fetchpriority=\"low\" loading=\"lazy\" decoding=\"async\" itemprop=\"image\"  src=\"https:\/\/www.europesays.com\/no\/wp-content\/uploads\/2025\/12\/1765870449_344_c33980b0-5d07-4027-84a1-813f90a7c8d6\"  width=\"480\"\/><\/a><\/li>\n<\/ul>\n<p> Oppdatert tirsdag 16. desember kl. 07:18     <\/p>\n<p class=\"_paragraph_o9xde_4 _paragraph_xtcu6_10 layout-component text-serif-m layout-normal text-serif-m layout-padded\">Trump sa mandag at han har snakket med Xi og bedt ham vurdere l\u00f8slatelse av 78-\u00e5ringen.<\/p>\n<p class=\"_paragraph_o9xde_4 _paragraph_xtcu6_10 layout-component text-serif-m layout-normal text-serif-m layout-padded\">\u2013 Det er s\u00e5 vondt. Han er en eldre mann, og han har det ikke bra. S\u00e5 jeg la frem oppfordringen min. Vi f\u00e5r se hva som skjer, sa Trump til journalister i Det hvite hus mandag.<\/p>\n<p class=\"_paragraph_o9xde_4 _paragraph_xtcu6_10 layout-component text-serif-m layout-normal text-serif-m layout-padded\">Lai ble fengslet i 2020. F\u00f8rst mandag ble han d\u00f8mt. Han ble da funnet skyldig i brudd p\u00e5 Hongkongs omstridte nasjonale sikkerhetslov, som ble p\u00e5lagt bystaten av Kina.<\/p>\n<p class=\"_paragraph_o9xde_4 _paragraph_xtcu6_10 layout-component text-serif-m layout-normal text-serif-m layout-padded\">Lai grunnla i sin tid avisen Apple Daily, og st\u00f8ttet den prodemokratiske bevegelsen som sto bak store demonstrasjoner i Hongkong i 2019 og 2020.<\/p>\n<p class=\"_paragraph_o9xde_4 _paragraph_xtcu6_10 layout-component text-serif-m layout-normal text-serif-m layout-padded\">Mye av soningstiden har blitt tilbrakt i isolasjon, og Lais helsetilstand har bekymret mange. If\u00f8lge familien har han begynt \u00e5 miste negler og tenner, og han lider blant annet av diabetes.<\/p>\n<p class=\"_paragraph_o9xde_4 _paragraph_xtcu6_10 layout-component text-serif-m layout-normal text-serif-m layout-padded\">Lai er britisk statsborger, i likhet med mange hongkongkinesere. S\u00f8nnen Sebastien Lai krever at Storbritannia gj\u00f8r mer for \u00e5 s\u00f8rge for hans frihet.<\/p>\n<p class=\"_paragraph_o9xde_4 _paragraph_xtcu6_10 layout-component text-serif-m layout-normal text-serif-m layout-padded\">Storbritannias utenriksdepartement har ford\u00f8mt det de kaller en \u00abpolitisk motivert rettsforf\u00f8lgelse\u00bb av Lai.<\/p>\n<p class=\"_paragraph_o9xde_4 _paragraph_xtcu6_10 layout-component text-serif-m layout-normal text-serif-m layout-padded\">Straffeutm\u00e5lingen ventes f\u00f8rst etter nytt\u00e5r. Lai risikerer alt fra tre \u00e5rs fengsel til livstidsdom. Det skal holdes et rettsm\u00f8te 12. januar der Lai kan be om mildest mulig straff. Hans advokat Steven Kwan sa mandag at de vil ta en avgj\u00f8relse om en anke f\u00f8rst etter straffeutm\u00e5lingen.<\/p>\n","protected":false},"excerpt":{"rendered":"USAs president Donald Trump ber sin kinesiske motpart Xi Jinping om at den fengslede demokratiforkjemperen og mediemogulen Jimmy&hellip;\n","protected":false},"author":2,"featured_media":114384,"comment_status":"","ping_status":"","sticky":false,"template":"","format":"standard","meta":{"footnotes":""},"categories":[12],"tags":[20,21,55,24,25,15,1443,413,22,23,13,30,28,29,14,16,26,27,42,43,44,45,3500],"class_list":{"0":"post-114383","1":"post","2":"type-post","3":"status-publish","4":"format-standard","5":"has-post-thumbnail","7":"category-verden","8":"tag-breaking-news","9":"tag-breakingnews","10":"tag-donald-trump","11":"tag-featured-news","12":"tag-featurednews","13":"tag-headlines","14":"tag-hongkong","15":"tag-kina","16":"tag-latest-news","17":"tag-latestnews","18":"tag-news","19":"tag-no","20":"tag-norge","21":"tag-norway","22":"tag-nyheter","23":"tag-overskrifter","24":"tag-top-stories","25":"tag-topstories","26":"tag-verden","27":"tag-world","28":"tag-world-news","29":"tag-worldnews","30":"tag-xi-jinping"},"share_on_mastodon":{"url":"https:\/\/pubeurope.com\/@no\/115728093671363967","error":""},"_links":{"self":[{"href":"https:\/\/www.europesays.com\/no\/wp-json\/wp\/v2\/posts\/114383","targetHints":{"allow":["GET"]}}],"collection":[{"href":"https:\/\/www.europesays.com\/no\/wp-json\/wp\/v2\/posts"}],"about":[{"href":"https:\/\/www.europesays.com\/no\/wp-json\/wp\/v2\/types\/post"}],"author":[{"embeddable":true,"href":"https:\/\/www.europesays.com\/no\/wp-json\/wp\/v2\/users\/2"}],"replies":[{"embeddable":true,"href":"https:\/\/www.europesays.com\/no\/wp-json\/wp\/v2\/comments?post=114383"}],"version-history":[{"count":0,"href":"https:\/\/www.europesays.com\/no\/wp-json\/wp\/v2\/posts\/114383\/revisions"}],"wp:featuredmedia":[{"embeddable":true,"href":"https:\/\/www.europesays.com\/no\/wp-json\/wp\/v2\/media\/114384"}],"wp:attachment":[{"href":"https:\/\/www.europesays.com\/no\/wp-json\/wp\/v2\/media?parent=114383"}],"wp:term":[{"taxonomy":"category","embeddable":true,"href":"https:\/\/www.europesays.com\/no\/wp-json\/wp\/v2\/categories?post=114383"},{"taxonomy":"post_tag","embeddable":true,"href":"https:\/\/www.europesays.com\/no\/wp-json\/wp\/v2\/tags?post=114383"}],"curies":[{"name":"wp","href":"https:\/\/api.w.org\/{rel}","templated":true}]}}